{"id":87766,"date":"2026-08-25T14:30:11","date_gmt":"2026-08-25T14:30:11","guid":{"rendered":"https:\/\/www.europesays.com\/europa\/87766\/"},"modified":"2026-08-25T14:30:11","modified_gmt":"2026-08-25T14:30:11","slug":"eu-kommission-plant-auto-allianz-gegen-china-mit-drei-laendern","status":"publish","type":"post","link":"https:\/\/www.europesays.com\/europa\/87766\/","title":{"rendered":"EU-Kommission plant Auto-Allianz gegen China mit drei L\u00e4ndern"},"content":{"rendered":"<p>B\u00fcndnis mit drei L\u00e4ndern <\/p>\n<p>EU-Kommission schmiedet offenbar Auto-Allianz gegen China<\/p>\n<p>25.08.2026 &#8211; 16:20 UhrLesedauer: 3 Min.<\/p>\n<p><a href=\"#focus-0\" class=\"transition-colors block text-current relative\" data-sctrack=\"FocusGalleryImage.Reference\"><img fetchpriority=\"high\" data-testid=\"Opener.Image\"   loading=\"eager\" src=\"https:\/\/www.europesays.com\/europa\/wp-content\/uploads\/2026\/08\/chinesische-autos-fuer-den-export-in-einem-hafen-in-der-provinz-jiangsu-60-prozent-der-in-die-eu-imp.jpeg\" alt=\"Chinesische Autos f\u00fcr den Export in einem Hafen in der Provinz Jiangsu: 60 Prozent der in die EU importierten Plug-in-Hybride kommen inzwischen aus China.\" title=\"Chinesische Autos f\u00fcr den Export in einem Hafen in der Provinz Jiangsu: 60 Prozent der in die EU importierten Plug-in-Hybride kommen inzwischen aus China.\" width=\"5280\" height=\"2970\" class=\"bg-[url:var(--lqipURL)] bg-cover bg-center flex h-full w-full max-w-full\" style=\"--lqipURL:url('https:\/\/images.t-online.de\/2026\/08\/aYODnFJmlY4y\/0x0:5280x2970\/fit-in\/150x0\/filters:blur(25)\/chinesische-autos-fuer-den-export-in-einem-hafen-in-der-provinz-jiangsu-60-prozent-der-in-die-eu-importierten-plug-in-hybride-kommen-inzwischen-aus-china.jpg')\" decoding=\"async\"\/><img loading=\"lazy\" src=\"https:\/\/www.t-online.de\/s\/paper\/_next\/static\/media\/zoom-in.f7dae02f.svg\" alt=\"Vergr\u00f6\u00dfern des Bildes\" title=\"Vergr\u00f6\u00dfern des Bildes\" class=\"block h-[calc(var(--height)_\/_16_*_1rem)] w-[calc(var(--width)_\/_16_*_1rem)] max-w-none absolute right-8 bottom-8 rounded-4 bg-snow p-8\" style=\"--width:32;--height:32\" decoding=\"async\"\/><\/a><\/p>\n<p>Chinesische Autos f\u00fcr den Export in einem Hafen in der Provinz Jiangsu: 60 Prozent der in die EU importierten Plug-in-Hybride kommen inzwischen aus China. (Quelle: Ji Haixin\/dpa)<\/p>\n<p><img loading=\"lazy\" src=\"https:\/\/www.t-online.de\/s\/paper\/_next\/static\/media\/audio-volume.6689034c.svg\" alt=\"\" title=\"\" class=\"block h-[calc(var(--height)_\/_16_*_1rem)] w-[calc(var(--width)_\/_16_*_1rem)] max-w-none group-hover:brightness-0 group-hover:invert\" style=\"--width:16;--height:16\" decoding=\"async\"\/>Vorlesen<\/p>\n<p>Aktuelle Zeit:0:00Gesamtdauer:0:00<\/p>\n<p>1x<img loading=\"lazy\" src=\"https:\/\/www.t-online.de\/s\/paper\/_next\/static\/media\/font-sizes.32942e33.svg\" alt=\"\" title=\"\" class=\"block h-[calc(var(--height)_\/_16_*_1rem)] w-[calc(var(--width)_\/_16_*_1rem)] max-w-none group-hover:hidden group-aria-expanded:hidden\" style=\"--width:16;--height:16\" decoding=\"async\"\/><img loading=\"lazy\" src=\"https:\/\/www.t-online.de\/s\/paper\/_next\/static\/media\/font-sizes-dark-mode.e382645c.svg\" alt=\"\" title=\"\" class=\"block h-[calc(var(--height)_\/_16_*_1rem)] w-[calc(var(--width)_\/_16_*_1rem)] max-w-none hidden group-hover:block group-aria-expanded:block\" style=\"--width:16;--height:16\" decoding=\"async\"\/><img loading=\"lazy\" src=\"https:\/\/www.t-online.de\/s\/paper\/_next\/static\/media\/sharing-menu-icon.1eb71368.svg\" alt=\"\" title=\"\" class=\"block h-[calc(var(--height)_\/_16_*_1rem)] w-[calc(var(--width)_\/_16_*_1rem)] max-w-none group-hover:brightness-0 group-hover:invert\" style=\"--width:16;--height:16\" decoding=\"async\"\/>Artikel teilen<\/p>\n<p class=\"font-bold text-18 leading-17 user-text-lg:text-22 user-text-xl:text-24\">Chinesische Autos dr\u00e4ngen zunehmend auf den europ\u00e4ischen Markt. Nun plant die EU-Kommission einem Bericht zufolge ein ungew\u00f6hnliches B\u00fcndnis.<\/p>\n<p class=\"text-18 leading-17 user-text-lg:text-22 user-text-xl:text-24\">Die EU-Kommission arbeitet nach einem Bericht des &#8222;Handelsblatts&#8220; an einer neuen wirtschaftspolitischen <a href=\"https:\/\/www.t-online.de\/finanzen\/boerse\/aktien\/allianz-aktie\/de0008404005\/\" class=\"transition-colors cursor-pointer no-underline md:hover:text-magenta md:focus:text-magenta border-b border-solid border-current text-salemsfur md:hover:border-magenta\" data-tracking=\"{&quot;action&quot;:&quot;click&quot;,&quot;category&quot;:&quot;intextLink&quot;,&quot;label&quot;:&quot;\/finanzen\/boerse\/aktien\/allianz-aktie\/de0008404005\/&quot;}\" data-sctrack=\"BodyAnchor\" rel=\"nofollow noopener\" target=\"_blank\">Allianz<\/a> mit <a href=\"https:\/\/www.t-online.de\/themen\/grossbritannien\/\" class=\"transition-colors cursor-pointer no-underline md:hover:text-magenta md:focus:text-magenta border-b border-solid border-current text-salemsfur md:hover:border-magenta\" data-tracking=\"{&quot;action&quot;:&quot;click&quot;,&quot;category&quot;:&quot;intextLink&quot;,&quot;label&quot;:&quot;\/themen\/grossbritannien\/&quot;}\" data-sctrack=\"BodyAnchor\" rel=\"nofollow noopener\" target=\"_blank\">Gro\u00dfbritannien<\/a>, Japan und <a href=\"https:\/\/www.t-online.de\/themen\/suedkorea\/\" class=\"transition-colors cursor-pointer no-underline md:hover:text-magenta md:focus:text-magenta border-b border-solid border-current text-salemsfur md:hover:border-magenta\" data-tracking=\"{&quot;action&quot;:&quot;click&quot;,&quot;category&quot;:&quot;intextLink&quot;,&quot;label&quot;:&quot;\/themen\/suedkorea\/&quot;}\" data-sctrack=\"BodyAnchor\" rel=\"nofollow noopener\" target=\"_blank\">S\u00fcdkorea<\/a>, um die eigenen Autoindustrien gegen die Konkurrenz aus <a href=\"https:\/\/www.t-online.de\/themen\/china\/\" class=\"transition-colors cursor-pointer no-underline md:hover:text-magenta md:focus:text-magenta border-b border-solid border-current text-salemsfur md:hover:border-magenta\" data-tracking=\"{&quot;action&quot;:&quot;click&quot;,&quot;category&quot;:&quot;intextLink&quot;,&quot;label&quot;:&quot;\/themen\/china\/&quot;}\" data-sctrack=\"BodyAnchor\" rel=\"nofollow noopener\" target=\"_blank\">China<\/a> abzuschirmen. Ziel der vier Partner sei es, sich gemeinsam gegen chinesische \u00dcberkapazit\u00e4ten zu sch\u00fctzen, die eigenen M\u00e4rkte f\u00fcreinander offenzuhalten und bei kritischen Rohstoffen enger zu kooperieren, berichtet die Zeitung unter Berufung auf Kommissionskreise. Eine Kommissionssprecherin wollte den Bericht nicht kommentieren.<\/p>\n<p class=\"text-18 leading-17 user-text-lg:text-22 user-text-xl:text-24\">Hintergrund ist eine rasante Zunahme chinesischer Autoexporte, besonders bei Plug-in-Hybriden. Der Anteil chinesischer Fahrzeuge an den in die EU importierten Plug-in-Hybriden stieg von 37 Prozent im Jahr 2024 \u00fcber 49 Prozent im Jahr 2025 auf 60 Prozent im ersten Quartal 2026. Ein weiterer Wendepunkt: Seit Mai 2026 verkaufen chinesische Hersteller erstmals mehr Fahrzeuge in Europa als die gro\u00dfen japanischen Konzerne zusammen.<\/p>\n<p>Experten zeigen: <a href=\"https:\/\/www.t-online.de\/finanzen\/aktuelles\/wirtschaft\/id_101262260\/china-verdraengt-deutschland-studie-zeigt-schwere-folgen-fuer-industrie.html\" class=\"transition-colors cursor-pointer no-underline md:hover:text-magenta md:focus:text-magenta border-b border-solid border-current text-salemsfur md:hover:border-magenta\" data-tracking=\"{&quot;action&quot;:&quot;click&quot;,&quot;category&quot;:&quot;intextLink&quot;,&quot;label&quot;:&quot;\/finanzen\/aktuelles\/wirtschaft\/id_101262260\/china-verdraengt-deutschland-studie-zeigt-schwere-folgen-fuer-industrie.html&quot;}\" data-sctrack=\"BodyAnchor\" rel=\"nofollow noopener\" target=\"_blank\">China verdr\u00e4ngt Deutschland am globalen Markt<\/a>China: <a href=\"https:\/\/www.t-online.de\/nachrichten\/ausland\/internationale-politik\/id_101399136\/china-satellitenbilder-zeigen-kuenstliche-insel-im-streitgebiet.html\" class=\"transition-colors cursor-pointer no-underline md:hover:text-magenta md:focus:text-magenta border-b border-solid border-current text-salemsfur md:hover:border-magenta\" data-tracking=\"{&quot;action&quot;:&quot;click&quot;,&quot;category&quot;:&quot;intextLink&quot;,&quot;label&quot;:&quot;\/nachrichten\/ausland\/internationale-politik\/id_101399136\/china-satellitenbilder-zeigen-kuenstliche-insel-im-streitgebiet.html&quot;}\" data-sctrack=\"BodyAnchor\" rel=\"nofollow noopener\" target=\"_blank\">Satellitenbilder zeigen k\u00fcnstliche Insel im Streitgebiet<\/a><\/p>\n<p class=\"text-18 leading-17 user-text-lg:text-22 user-text-xl:text-24\">Der Vorsto\u00df der Chinesen bei den Hybriden ist kein Zufall: Auf reine Elektroautos hat die EU bereits Zusatzz\u00f6lle verh\u00e4ngt. Die Plug-in-Hybride werden davon bislang nicht erfasst \u2013 China weicht also auf ein Segment aus, das durch die bestehenden Schutzma\u00dfnahmen nicht abgedeckt ist. Hier soll das neue Instrument ansetzen.<\/p>\n<p>Drei S\u00e4ulen \u2013 und ein Klub f\u00fcr weitere Partner<\/p>\n<p class=\"text-18 leading-17 user-text-lg:text-22 user-text-xl:text-24\">Nach Informationen des &#8222;Handelsblatts&#8220; soll die Zusammenarbeit auf drei S\u00e4ulen ruhen:<\/p>\n<p>Offene M\u00e4rkte und gegenseitige Bevorzugung: Die Partner wollen sich bei Subventionen wie E-Auto-Kaufpr\u00e4mien gegenseitig beg\u00fcnstigen. Konkret sollen Fahrzeuge aus Gro\u00dfbritannien, Japan und S\u00fcdkorea bei den geplanten &#8222;Buy European&#8220;-Regeln k\u00fcnftig wie EU-Autos behandelt werden. Das Vorhaben l\u00e4uft unter dem Namen &#8222;Industrial Accelerator Act&#8220;. Kaufpr\u00e4mien f\u00fcr E-Autos und Steuervorteile f\u00fcr Firmenflotten sollen auf europ\u00e4ische Fahrzeuge beschr\u00e4nkt werden \u2013 die drei Partnerl\u00e4nder eingeschlossen.Schutzz\u00f6lle nach Stahl-Vorbild: <a href=\"https:\/\/www.t-online.de\/themen\/bruessel\/\" class=\"transition-colors cursor-pointer no-underline md:hover:text-magenta md:focus:text-magenta border-b border-solid border-current text-salemsfur md:hover:border-magenta\" data-tracking=\"{&quot;action&quot;:&quot;click&quot;,&quot;category&quot;:&quot;intextLink&quot;,&quot;label&quot;:&quot;\/themen\/bruessel\/&quot;}\" data-sctrack=\"BodyAnchor\" rel=\"nofollow noopener\" target=\"_blank\">Br\u00fcssel<\/a> arbeitet an einem Handelsschutzinstrument gegen stark steigende Autoimporte, das sich an den EU-Schutzz\u00f6llen f\u00fcr Stahl orientiert. Japan, S\u00fcdkorea und Gro\u00dfbritannien sollen davon ausgenommen werden.Kooperation bei kritischen Rohstoffen: Die L\u00e4nder wollen ihre Abh\u00e4ngigkeit von China bei strategischen Rohstoffen verringern.<\/p>\n<p class=\"text-18 leading-17 user-text-lg:text-22 user-text-xl:text-24\">Aus der bislang informellen Zusammenarbeit k\u00f6nnte so ein gr\u00f6\u00dferer &#8222;Klub f\u00fcr wirtschaftliche Sicherheit&#8220; werden, der sp\u00e4ter auch f\u00fcr L\u00e4nder wie <a href=\"https:\/\/www.t-online.de\/themen\/kanada\/\" class=\"transition-colors cursor-pointer no-underline md:hover:text-magenta md:focus:text-magenta border-b border-solid border-current text-salemsfur md:hover:border-magenta\" data-tracking=\"{&quot;action&quot;:&quot;click&quot;,&quot;category&quot;:&quot;intextLink&quot;,&quot;label&quot;:&quot;\/themen\/kanada\/&quot;}\" data-sctrack=\"BodyAnchor\" rel=\"nofollow noopener\" target=\"_blank\">Kanada<\/a> oder <a href=\"https:\/\/www.t-online.de\/themen\/australien\/\" class=\"transition-colors cursor-pointer no-underline md:hover:text-magenta md:focus:text-magenta border-b border-solid border-current text-salemsfur md:hover:border-magenta\" data-tracking=\"{&quot;action&quot;:&quot;click&quot;,&quot;category&quot;:&quot;intextLink&quot;,&quot;label&quot;:&quot;\/themen\/australien\/&quot;}\" data-sctrack=\"BodyAnchor\" rel=\"nofollow noopener\" target=\"_blank\">Australien<\/a> offen w\u00e4re.<\/p>\n<p>Warum vor allem Japan dr\u00e4ngt<\/p>\n<p class=\"text-18 leading-17 user-text-lg:text-22 user-text-xl:text-24\">Besonders Japan hat gro\u00dfes Interesse an der Kooperation. Denn China nutzt seine dominante Stellung bei seltenen Erden zunehmend als geopolitischen Hebel. Laut Alicia Garc\u00eda-Herrero, Chef\u00f6konomin der Investmentbank Natixis f\u00fcr den asiatisch-pazifischen Raum, brachen Chinas Exporte seltener Erden nach Japan zuletzt um rund 50 Prozent ein, w\u00e4hrend sie in die <a href=\"https:\/\/www.t-online.de\/themen\/usa\/\" class=\"transition-colors cursor-pointer no-underline md:hover:text-magenta md:focus:text-magenta border-b border-solid border-current text-salemsfur md:hover:border-magenta\" data-tracking=\"{&quot;action&quot;:&quot;click&quot;,&quot;category&quot;:&quot;intextLink&quot;,&quot;label&quot;:&quot;\/themen\/usa\/&quot;}\" data-sctrack=\"BodyAnchor\" rel=\"nofollow noopener\" target=\"_blank\">USA<\/a> leicht stiegen.<\/p>\n<p class=\"text-18 leading-17 user-text-lg:text-22 user-text-xl:text-24\">Im Gegenzug f\u00fcr ein Schutzinstrument gegen \u00dcberkapazit\u00e4ten wollen die Japaner deshalb eine Vereinbarung \u00fcber kritische Rohstoffe \u2013 inklusive Abnahmegarantien etwa f\u00fcr Gallium, das Japan raffinieren kann. Solche geb\u00fcndelten Abnahmezusagen gelten als entscheidend, um Lieferketten au\u00dferhalb Chinas \u00fcberhaupt aufbauen zu k\u00f6nnen.<\/p>\n","protected":false},"excerpt":{"rendered":"B\u00fcndnis mit drei L\u00e4ndern EU-Kommission schmiedet offenbar Auto-Allianz gegen China 25.08.2026 &#8211; 16:20 UhrLesedauer: 3 Min. Chinesische Autos&hellip;\n","protected":false},"author":2,"featured_media":87767,"comment_status":"","ping_status":"","sticky":false,"template":"","format":"standard","meta":{"footnotes":""},"categories":[4],"tags":[4279,923,17176,1678,235,82,21,232,6,22,1971,237,1796,28800,1969,11964],"class_list":["post-87766","post","type-post","status-publish","format-standard","has-post-thumbnail","category-eu","tag-4279","tag-923","tag-17176","tag-auto","tag-china","tag-deutschland","tag-eu","tag-eu-kommission","tag-europa","tag-europaeische-union","tag-fahrzeug","tag-grossbritannien","tag-japan","tag-jiangsu","tag-stahl","tag-suedkorea"],"_links":{"self":[{"href":"https:\/\/www.europesays.com\/europa\/wp-json\/wp\/v2\/posts\/87766","targetHints":{"allow":["GET"]}}],"collection":[{"href":"https:\/\/www.europesays.com\/europa\/wp-json\/wp\/v2\/posts"}],"about":[{"href":"https:\/\/www.europesays.com\/europa\/wp-json\/wp\/v2\/types\/post"}],"author":[{"embeddable":true,"href":"https:\/\/www.europesays.com\/europa\/wp-json\/wp\/v2\/users\/2"}],"replies":[{"embeddable":true,"href":"https:\/\/www.europesays.com\/europa\/wp-json\/wp\/v2\/comments?post=87766"}],"version-history":[{"count":0,"href":"https:\/\/www.europesays.com\/europa\/wp-json\/wp\/v2\/posts\/87766\/revisions"}],"wp:featuredmedia":[{"embeddable":true,"href":"https:\/\/www.europesays.com\/europa\/wp-json\/wp\/v2\/media\/87767"}],"wp:attachment":[{"href":"https:\/\/www.europesays.com\/europa\/wp-json\/wp\/v2\/media?parent=87766"}],"wp:term":[{"taxonomy":"category","embeddable":true,"href":"https:\/\/www.europesays.com\/europa\/wp-json\/wp\/v2\/categories?post=87766"},{"taxonomy":"post_tag","embeddable":true,"href":"https:\/\/www.europesays.com\/europa\/wp-json\/wp\/v2\/tags?post=87766"}],"curies":[{"name":"wp","href":"https:\/\/api.w.org\/{rel}","templated":true}]}}