{"id":87818,"date":"2026-08-25T17:12:08","date_gmt":"2026-08-25T17:12:08","guid":{"rendered":"https:\/\/www.europesays.com\/europa\/87818\/"},"modified":"2026-08-25T17:12:08","modified_gmt":"2026-08-25T17:12:08","slug":"ki-strategie-deutschland-peilt-platz-3-oder-4-weltweit-an","status":"publish","type":"post","link":"https:\/\/www.europesays.com\/europa\/87818\/","title":{"rendered":"KI-Strategie: Deutschland peilt Platz 3 oder 4 weltweit an"},"content":{"rendered":"<p>Digitalminister Karsten Wildberger (CDU) hat im Rahmen der Kabinettsklausur in Neuhardenberg eine klare Zielsetzung f\u00fcr die technologische Entwicklung in Deutschland formuliert. Er erkl\u00e4rte am Dienstag, dass das Land als Zwischenziel den dritten oder vierten Platz im weltweiten Vergleich der K\u00fcnstlichen Intelligenz (KI) anstreben m\u00fcsse.<\/p>\n<p>Wildberger r\u00e4umte ein, dass die USA und China derzeit eine f\u00fchrende Position einnehmen, betonte jedoch, dass insbesondere China zuletzt mit vergleichsweise geringeren Ressourcen erheblich aufgeholt habe.<\/p>\n<p>Strategische Schwerpunkte und europ\u00e4ische Kooperation<\/p>\n<p>W\u00e4hrend Deutschland nach Einsch\u00e4tzung des Digitalministers im Bereich der industriellen KI bereits eine starke Position einnimmt, hinke Europa bei der Entwicklung von Basismodellen hinterher. Um diesen technologischen R\u00fcckstand zu verringern, setze die Europ\u00e4ische Union auf den Aufbau sogenannter KI-Gigafactories.<\/p>\n<p>Unterst\u00fctzung f\u00fcr diesen Kurs signalisierten prominente Vertreter der Wirtschaft: Siemens-Chef Roland Busch und Aidan Gomez, CEO des KI-Unternehmens Cohere, dr\u00e4ngten als G\u00e4ste der Klausurtagung auf eine forcierte Aufholjagd, um die internationale Wettbewerbsf\u00e4higkeit zu sichern.<\/p>\n<p>Die Notwendigkeit f\u00fcr Investitionen wird durch aktuelle Wirtschaftsdaten untermauert. Berechnungen von Oxford Economics und der Financial Times verdeutlichen eine wachsende Kluft zwischen den Wirtschaftsr\u00e4umen. W\u00e4hrend die US-Gesch\u00e4ftsinvestitionen im Zeitraum von 2021 bis Ende 2027 real um 40 Prozent wachsen sollen, wird f\u00fcr die Eurozone lediglich ein Zuwachs von 12 Prozent erwartet.<\/p>\n<p>Anzeige<\/p>\n<p>Wer sich mit dem technologischen Aufstieg und dem Einsatz von KI-Systemen befasst, muss auch die rechtlichen Rahmenbedingungen in Europa kennen. Dieser kostenlose Umsetzungsleitfaden bietet einen kompakten \u00dcberblick \u00fcber alle Anforderungen, Pflichten und Fristen der EU-KI-Verordnung. <a href=\"https:\/\/www.datenschutz-praemien.de\/ki-verordnung\/?af=KOOP_MFW_DSN_DNV_YES_KI-VERORDNUNG_X-AD1of2-EAID-1108209-CWBNC-BCPID_44847\" rel=\"noopener nofollow\" target=\"_blank\">EU AI Act in 5 Schritten verstehen<\/a><\/p>\n<p>F\u00fcr Deutschland wird prognostiziert, dass die Investitionen in diesem Zeitraum nahezu unver\u00e4ndert bleiben. Auch bei der Produktivit\u00e4t zeigen sich deutliche Unterschiede: Das Bruttoinlandsprodukt pro Arbeitsstunde stieg zwischen 2018 und 2025 in den USA um 14 US-Dollar, w\u00e4hrend in Europa lediglich ein Plus von 2 US-Dollar verzeichnet wurde.<\/p>\n<p>Politischer Rahmen und regionale InitiativenLesen Sie auch:<a href=\"https:\/\/borncity.com\/news\/groq-3-lpx-nvidias-neuer-inferenz-chip-erreicht-rekord-von-3-400-tokens-s\/\" class=\"bc-inline-link\" rel=\"nofollow noopener\" target=\"_blank\">Groq 3 LPX: Nvidias neuer Inferenz-Chip erreicht Rekord von 3.400 Tokens\/s<\/a><\/p>\n<p>Die zweit\u00e4gige Kabinettsklausur am 24. und 25. August 2026 diente prim\u00e4r der Abstimmung \u00fcber Themen wie Wirtschaftswachstum und Wettbewerbsf\u00e4higkeit, wobei laut Regierungsangaben keine unmittelbaren Beschl\u00fcsse geplant waren. Das Treffen fand in einer Phase personeller Neuordnung statt: Nina Warken \u00fcbernimmt die Leitung des Kanzleramts, Carsten Linnemann das Gesundheitsministerium und Steffen Bilger das Verkehrsressort.<\/p>\n<p>Anzeige<\/p>\n<p>Neben der F\u00f6rderung von Innovationen stellt die neue EU-KI-Verordnung Unternehmen vor konkrete Aufgaben bei der Risikodokumentation und Qualit\u00e4tssicherung. Erfahren Sie in diesem kostenlosen Report, welche Systeme als Hochrisiko gelten und was jetzt konkret zu tun ist. <a href=\"https:\/\/www.datenschutz-praemien.de\/ki-verordnung\/?af=KOOP_MFW_DSN_DNV_YES_KI-VERORDNUNG_X-AD2of2-EAID-1108209-CWBNC-BCPID_44847\" rel=\"noopener nofollow\" target=\"_blank\">Kostenlosen Umsetzungsleitfaden zum AI Act sichern<\/a><\/p>\n<p>Flankierend zu den Ambitionen auf Bundesebene hat die CDU-Landtagsfraktion im Saarland die Landesregierung aufgefordert, sich f\u00fcr Saarbr\u00fccken als Sitz des geplanten nationalen KI-Sicherheitsinstituts einzusetzen.<\/p>\n<p>Als Standortvorteile werden die Universit\u00e4t des Saarlandes, das Deutsche Forschungszentrum f\u00fcr K\u00fcnstliche Intelligenz (DFKI) sowie das CISPA Helmholtz-Zentrum f\u00fcr Informationssicherheit angef\u00fchrt.<\/p>\n<p>Auch die Pr\u00e4senz von zwei Max-Planck-Instituten sowie Standorten des Bundesamtes f\u00fcr Sicherheit in der Informationstechnik (BSI) und der Bundesnetzagentur unterstreichen nach Ansicht der Fraktion die Eignung der Region als Kompetenzzentrum f\u00fcr die k\u00fcnftige KI-Strategie.<\/p>\n","protected":false},"excerpt":{"rendered":"Digitalminister Karsten Wildberger (CDU) hat im Rahmen der Kabinettsklausur in Neuhardenberg eine klare Zielsetzung f\u00fcr die technologische Entwicklung&hellip;\n","protected":false},"author":2,"featured_media":87819,"comment_status":"","ping_status":"","sticky":false,"template":"","format":"standard","meta":{"footnotes":""},"categories":[4],"tags":[82,253,21,6,22,210,228],"class_list":["post-87818","post","type-post","status-publish","format-standard","has-post-thumbnail","category-eu","tag-deutschland","tag-digitalisierung","tag-eu","tag-europa","tag-europaeische-union","tag-kuenstliche-intelligenz","tag-technologie"],"_links":{"self":[{"href":"https:\/\/www.europesays.com\/europa\/wp-json\/wp\/v2\/posts\/87818","targetHints":{"allow":["GET"]}}],"collection":[{"href":"https:\/\/www.europesays.com\/europa\/wp-json\/wp\/v2\/posts"}],"about":[{"href":"https:\/\/www.europesays.com\/europa\/wp-json\/wp\/v2\/types\/post"}],"author":[{"embeddable":true,"href":"https:\/\/www.europesays.com\/europa\/wp-json\/wp\/v2\/users\/2"}],"replies":[{"embeddable":true,"href":"https:\/\/www.europesays.com\/europa\/wp-json\/wp\/v2\/comments?post=87818"}],"version-history":[{"count":0,"href":"https:\/\/www.europesays.com\/europa\/wp-json\/wp\/v2\/posts\/87818\/revisions"}],"wp:featuredmedia":[{"embeddable":true,"href":"https:\/\/www.europesays.com\/europa\/wp-json\/wp\/v2\/media\/87819"}],"wp:attachment":[{"href":"https:\/\/www.europesays.com\/europa\/wp-json\/wp\/v2\/media?parent=87818"}],"wp:term":[{"taxonomy":"category","embeddable":true,"href":"https:\/\/www.europesays.com\/europa\/wp-json\/wp\/v2\/categories?post=87818"},{"taxonomy":"post_tag","embeddable":true,"href":"https:\/\/www.europesays.com\/europa\/wp-json\/wp\/v2\/tags?post=87818"}],"curies":[{"name":"wp","href":"https:\/\/api.w.org\/{rel}","templated":true}]}}