{"id":88903,"date":"2026-08-27T22:21:24","date_gmt":"2026-08-27T22:21:24","guid":{"rendered":"https:\/\/www.europesays.com\/europa\/88903\/"},"modified":"2026-08-27T22:21:24","modified_gmt":"2026-08-27T22:21:24","slug":"sc-freiburg-macht-europa-teilnahme-perfekt","status":"publish","type":"post","link":"https:\/\/www.europesays.com\/europa\/88903\/","title":{"rendered":"SC Freiburg macht Europa-Teilnahme perfekt"},"content":{"rendered":"<p>Der SC Freiburg ist auch in der Saison 2026\/27 international vertreten. Nach dem 3:1-Erfolg im Hinspiel beim FC Motherwell setzten sich die Breisgauer auch im R\u00fcckspiel mit 4:1 durch und machten damit souver\u00e4n die Qualifikation f\u00fcr die UEFA Conference League perfekt.<\/p>\n<p>Freiburg erwischte den gew\u00fcnschten Start und ging bereits in der sechsten Minute in F\u00fchrung. Maximilian Eggestein setzte Derry Scherhant in Szene, der vor dem gegnerischen Tor eiskalt zum 1:0 vollendete. Der Sport-Club kontrollierte die Partie anschlie\u00dfend weitgehend, musste nach 22 Minuten allerdings den \u00fcberraschenden Ausgleich hinnehmen. Einen Distanzschuss von Emmanuel Longelo lie\u00df Atubolu-Ersatz Mio Backhaus durchrutschen, sodass der Ball zum 1:1 \u00fcber die Linie rollte. Freiburg lie\u00df sich davon jedoch nicht aus der Ruhe bringen und hatte vor der Pause durch Yuito Suzuki und Cyriaque Iri\u00e9 gute M\u00f6glichkeiten zur erneuten F\u00fchrung, wobei Iri\u00e9 in der Nachspielzeit an der Latte scheiterte.<\/p>\n<p>Nach dem Seitenwechsel sorgte eine Rote Karte gegen Motherwells Jake Girdwood-Reich wegen einer Notbremse an Scherhant (57.) endg\u00fcltig f\u00fcr klare Verh\u00e4ltnisse. Nur drei Minuten sp\u00e4ter k\u00f6pfte Igor Matanovi\u0107 eine Ecke von Scherhant zum 2:1 ins Netz. Wiederum nur drei Minuten danach bereitete der starke Scherhant auch das 3:1 vor: Seine Hereingabe nach einem weiteren Eckball verwertete Iri\u00e9 per Kopf. Damit war die Begegnung endg\u00fcltig entschieden.<\/p>\n<p>Auch in \u00dcberzahl blieb Freiburg offensiv aktiv. Lucas H\u00f6ler und Matthias Ginter scheiterten innerhalb weniger Sekunden an Latte beziehungsweise Pfosten. F\u00fcr den Schlusspunkt sorgte schlie\u00dflich Joker Keisuke Goto, der in der 85. Minute sehenswert zum 4:1 traf. Nach insgesamt 7:2 Toren aus Hin- und R\u00fcckspiel steht Freiburg damit souver\u00e4n in der UEFA Conference League und darf sich erneut auf internationalen Fu\u00dfball freuen.<\/p>\n<p>Tore:<br \/>1:0 Derry Scherhant (6., Eggestein)<br \/>1:1 Emmanuel Longelo (22., Said)<br \/>2:1 Igor Matanovic (60., Scherhant)<br \/>3:1 Cyriaque Irie (63., Scherhant)<br \/>4:1 Keisuke Goto (85.)<\/p>\n<p>Aufstellung des SC Freiburg<\/p>\n<p>            <img decoding=\"async\" src=\"https:\/\/www.europesays.com\/europa\/wp-content\/uploads\/2026\/08\/sc-freiburg-wappen.png\" alt=\"SC Freiburg\" title=\"SC Freiburg\"\/><\/p>\n<p>            <img decoding=\"async\" src=\"https:\/\/www.europesays.com\/europa\/wp-content\/uploads\/2026\/08\/motherwell-fc-wappen.png\" alt=\"Motherwell FC\" title=\"Motherwell FC\"\/><\/p>\n<p><\/p>\n","protected":false},"excerpt":{"rendered":"Der SC Freiburg ist auch in der Saison 2026\/27 international vertreten. Nach dem 3:1-Erfolg im Hinspiel beim FC&hellip;\n","protected":false},"author":2,"featured_media":88904,"comment_status":"","ping_status":"","sticky":false,"template":"","format":"standard","meta":{"footnotes":""},"categories":[3],"tags":[29082,13703,4870,6,292,144,9733,4687,289,428,4105,20991,7842],"class_list":["post-88903","post","type-post","status-publish","format-standard","has-post-thumbnail","category-europa","tag-1-bundesliga","tag-2026-27","tag-bilanz","tag-europa","tag-fussball","tag-news","tag-quote","tag-sc-freiburg","tag-sport","tag-statistik","tag-transfers","tag-verletzungen","tag-wechsel"],"_links":{"self":[{"href":"https:\/\/www.europesays.com\/europa\/wp-json\/wp\/v2\/posts\/88903","targetHints":{"allow":["GET"]}}],"collection":[{"href":"https:\/\/www.europesays.com\/europa\/wp-json\/wp\/v2\/posts"}],"about":[{"href":"https:\/\/www.europesays.com\/europa\/wp-json\/wp\/v2\/types\/post"}],"author":[{"embeddable":true,"href":"https:\/\/www.europesays.com\/europa\/wp-json\/wp\/v2\/users\/2"}],"replies":[{"embeddable":true,"href":"https:\/\/www.europesays.com\/europa\/wp-json\/wp\/v2\/comments?post=88903"}],"version-history":[{"count":0,"href":"https:\/\/www.europesays.com\/europa\/wp-json\/wp\/v2\/posts\/88903\/revisions"}],"wp:featuredmedia":[{"embeddable":true,"href":"https:\/\/www.europesays.com\/europa\/wp-json\/wp\/v2\/media\/88904"}],"wp:attachment":[{"href":"https:\/\/www.europesays.com\/europa\/wp-json\/wp\/v2\/media?parent=88903"}],"wp:term":[{"taxonomy":"category","embeddable":true,"href":"https:\/\/www.europesays.com\/europa\/wp-json\/wp\/v2\/categories?post=88903"},{"taxonomy":"post_tag","embeddable":true,"href":"https:\/\/www.europesays.com\/europa\/wp-json\/wp\/v2\/tags?post=88903"}],"curies":[{"name":"wp","href":"https:\/\/api.w.org\/{rel}","templated":true}]}}