{"id":89136,"date":"2026-08-28T12:17:51","date_gmt":"2026-08-28T12:17:51","guid":{"rendered":"https:\/\/www.europesays.com\/europa\/89136\/"},"modified":"2026-08-28T12:17:51","modified_gmt":"2026-08-28T12:17:51","slug":"kanzler-stocker-bei-bild-oesterreich-jagt-putins-agenten-die-bei-uns-spionieren-politik","status":"publish","type":"post","link":"https:\/\/www.europesays.com\/europa\/89136\/","title":{"rendered":"Kanzler Stocker bei BILD! \u00d6sterreich jagt Putins Agenten, die bei uns spionieren | Politik"},"content":{"rendered":"<p><a class=\"skip-content skip-content--link\" href=\"#in-content-skip-link-target-v-0-0\">TTS-Player \u00fcberspringen\u21b5<\/a><a id=\"in-content-skip-link-target-v-0-0\" class=\"skip-content--target-link-hidden skip-content skip-content--target-link\" href=\"#in-content-skip-link-target-v-0-0\">Artikel weiterlesen<\/a><\/p>\n<p>Berlin \u2013 Es war ein beinhartes Widerstands-Treffen, zu dem \u00d6sterreichs Kanzler Christian Stocker (66, \u00d6VP) gestern nach Berlin kam: Mit Bundeskanzler Friedrich Merz (70, CDU) und den Staatschefs von vier weiteren EU-L\u00e4ndern wollen sie den Haushaltsvorschlag der EU-Kommission rasieren! W\u00e4hrend alle L\u00e4nder daheim sparen m\u00fcssen, will EU-Kommissionschefin Ursula von der Leyen (67) satte 2000 Milliarden Euro f\u00fcr die Jahre 2028 bis 2034.<\/p>\n<p>Auf dem Weg zum Kanzler machte Stocker Halt bei BILD zum Interview.<\/p>\n<p>BILD: Herr Bundeskanzler, Sie wollen zusammen mit Ihrem Amtskollegen Friedrich Merz den Haushalt der EU-Kommission rasieren. Warum soll Frau von der Leyen Abstriche in ihrem Langzeit-Haushalt von 2028 bis 2034 von mehr als zwei Billionen Euro machen?<\/p>\n<p>Christian Stocker: \u201eWir sehen, dass ein Volumen von 2000 Milliarden einfach zu hoch ist. Wir haben nationale Herausforderungen in den Mitgliedstaaten, in \u00d6sterreich auch. Wir sind in einem Defizitverfahren, wir m\u00fcssen unser Budget konsolidieren, das hei\u00dft auch sparen. Und ich habe immer gesagt: Ein besseres Europa erreichen wir nicht durch mehr Geld und mehr Beamte, sondern durch bessere Entscheidungen.\u201c <\/p>\n<p>Wie viel muss Frau von der Leyen aus diesem gigantischen Haushalt herausstreichen \u2013 im Raum stehen 400 Milliarden Euro?<\/p>\n<p><img decoding=\"async\" width=\"992\" height=\"558\" alt=\"Zu Besuch bei BILD: Christian Stocker (66, \u00d6VP), seit Mai 2025 Bundeskanzler der Republik \u00d6sterreich\" loading=\"lazy\" src=\"https:\/\/www.europesays.com\/europa\/wp-content\/uploads\/2026\/08\/4ecbdafc2cfe3155a034aaba2bfbff78,44acff22.jpeg\"   class=\"landscape\"\/><\/p>\n<p class=\"fig__caption__text\">Zu Besuch bei BILD: Christian Stocker (66, \u00d6VP), seit Mai 2025 Bundeskanzler der Republik \u00d6sterreich<\/p>\n<p>Foto: \u00a9 Parwez<\/p>\n<p>\u201eDas werden wir sehen. Die Verhandlungen beginnen erst, aber eine deutliche Reduktion, eben um mehrere 100 Milliarden, wird erforderlich sein.\u201c<\/p>\n<p>Der EU-Beamtenapparat ist von 2004 bis heute von 40.000 auf 63.000 gewachsen. Muss auch da gespart werden?<\/p>\n<p>\u201eOffensichtlich muss auch hier gespart werden. Darum ist es auch nicht verst\u00e4ndlich, dass noch einmal 2.500 neue Beamte dazukommen sollen.\u201c<\/p>\n<p>\u00d6sterreich ist eines der Lieblingsreisel\u00e4nder der Deutschen. Wir fahren bei Ihnen aber gegen die Bezahlschranke: Wer zum Beispiel den Brenner nutzt, zahlt gleich zweimal \u2013 Vignette und Streckenmaut. Das macht hin und zur\u00fcck 45 Euro\u00a0\u2026 <\/p>\n<p>\u201eZum einen freuen wir uns \u00fcber die Besucher und Urlauber aus Deutschland. Lieber ist uns, wenn sie nicht durchfahren, sondern bleiben. Aber Sie haben ein Thema angesprochen, das tats\u00e4chlich besteht. Wir haben mit der Vignette eine allgemeine Maut, die allerdings sehr, sehr niedrig ist. Und aufgrund unserer Geografie sehr hohe Kosten, um eine schnelle Durchfahrt, noch besser einen sch\u00f6nen Aufenthalt, zu erm\u00f6glichen. Und diese Kosten werden gesondert durch eine eigene Abgabe abgebildet.\u201c <\/p>\n<p><img decoding=\"async\" width=\"992\" height=\"558\" alt=\"Widerstands-Treffen: Die Bundeskanzler Stocker und Merz gestern in Berlin. Zusammen mit vier anderen Geberl\u00e4ndern wollen sie den EU-Haushalt nicht weiter explodieren lassen\" loading=\"lazy\" src=\"https:\/\/www.europesays.com\/europa\/wp-content\/uploads\/2026\/08\/012248f0f3b59df38ee5af8b0ac93252,fcb21737.jpeg\"   class=\"landscape\"\/><\/p>\n<p class=\"fig__caption__text\">Widerstands-Treffen: Die Bundeskanzler Stocker und Merz gestern in Berlin. Zusammen mit vier anderen Geberl\u00e4ndern wollen sie den EU-Haushalt nicht weiter explodieren lassen <\/p>\n<p>Foto: ddp\/abaca press<\/p>\n<p>Finden Sie es gerecht, dass dann die \u00d6sterreicher bei uns kostenlos fahren\u00a0\u2013 und w\u00fcrden Sie sich wieder wehren, wenn Deutschland wie 2016 wieder auf die Idee k\u00e4me, eine Maut einzuf\u00fchren?<\/p>\n<p>\u201eIch glaube, es ist das Recht jedes Staates, sich gleich behandelt zu f\u00fchlen. Wir haben ja auch in \u00d6sterreich, Stichwort Brenner, mit dem Lkw-Verkehr, den wir jetzt geblockt haben, ein Thema mit der Europ\u00e4ischen Union. Wir werden sehen, wie dieses Verfahren entschieden wird. Also jedes Land wahrt seine Interessen und \u00d6sterreich wird es im Verkehr f\u00fcr sich und auch dar\u00fcber hinaus tun.\u201c<\/p>\n<p>N\u00e4chstes akutes EU\u2011Thema: Migration und die Entwicklungen in Spanien und im spanischen Ceuta. Spanien hat zuvor schon Hunderttausende illegaler Migranten eingeb\u00fcrgert, zu EU-B\u00fcrgern gemacht. Es h\u00e4ufen sich auff\u00e4llig die illegalen Einreiseversuche aus dieser Richtung nach Deutschland. Wie bewerten Sie die aktuelle Lage?<\/p>\n<p>\u201eRichtig ist, dass Migration, vor allem illegale Migration, ein gro\u00dfes Problem f\u00fcr Europa darstellt. In \u00d6sterreich haben wir derzeit sehr erfreuliche Zahlen, wir haben den Familiennachzug fast auf null gebracht. Wir haben mehr Au\u00dferlandesbringungen (\u00f6sterreichisch f\u00fcr Abschiebungen; A.d.R.) als Erstantr\u00e4ge im Asylverfahren. Aber, Sie haben es richtig angesprochen: Die Entwicklungen in Ceuta, in Spanien, die machen uns nat\u00fcrlich Sorge, weil man sieht, wenn man falsche Signale aussendet, welche Reaktion dann kommt. Diese Einb\u00fcrgerungen haben nat\u00fcrlich wenige in Europa gefreut, weil man jetzt auch die Folgeentwicklungen sieht, und das ist ein falsches Signal aus meiner Sicht, das hier ausgesandt wurde.\u201c<\/p>\n<p><img decoding=\"async\" width=\"992\" height=\"558\" alt=\"Bundeskanzler Stocker machte auf dem Weg zu Bundeskanzler Friedrich Merz (70, CDU) Station bei BILD \u2013 hier mit Chef-Autor Peter Tiede (l.)\" loading=\"lazy\" src=\"https:\/\/www.europesays.com\/europa\/wp-content\/uploads\/2026\/08\/1bffea302fa8634215b6d44e860dd0b1,9678d4ed.jpeg\"   class=\"landscape\"\/><\/p>\n<p class=\"fig__caption__text\">Bundeskanzler Stocker machte auf dem Weg zu Bundeskanzler Friedrich Merz (70, CDU) Station bei BILD \u2013 hier mit Chef-Autor Peter Tiede (l.)<\/p>\n<p>Foto: \u00a9 Parwez<\/p>\n<p>Die russische Botschaft in Wien ist eines der gr\u00f6\u00dften Agentennester, von wo aus auch aktiv gegen Deutschland gearbeitet wird. Sie haben eine gro\u00dfe, um es vorsichtig auszudr\u00fccken, russlandfreundliche Community in \u00d6sterreich \u2013 werden Sie Deutschland helfen, gegen diese Kr\u00e4fte vorzugehen?<\/p>\n<p>\u201eWir haben immer wieder auch Ausweisungen von russischen Diplomaten oder aus Russland akkreditierten Personen. Aber wir werden auch unseren Rechtsrahmen \u00e4ndern, n\u00e4mlich wie wir mit Spionage und mit Geheimdiensten in unserem Land in Zukunft umgehen wollen. Wir haben aus der Vergangenheit hier eine Bestimmung, dass nur verfolgbar ist, wenn sich diese Aktivit\u00e4ten gegen \u00d6sterreich richten. Wir sind dabei, dies in der Koalition in \u00d6sterreich zu \u00e4ndern. Und auch auszuweiten, sodass wir auch hier einen besseren Rechtsrahmen vorfinden werden.\u201c<\/p>\n<p>Also dann sollen auch die Agenten bek\u00e4mpft werden, die gegen Deutschland arbeiten?<\/p>\n<p>\u201eJa, das w\u00e4re das Ziel.\u201c<\/p>\n","protected":false},"excerpt":{"rendered":"TTS-Player \u00fcberspringen\u21b5Artikel weiterlesen Berlin \u2013 Es war ein beinhartes Widerstands-Treffen, zu dem \u00d6sterreichs Kanzler Christian Stocker (66, \u00d6VP)&hellip;\n","protected":false},"author":2,"featured_media":89137,"comment_status":"","ping_status":"","sticky":false,"template":"","format":"standard","meta":{"footnotes":""},"categories":[4],"tags":[21,22,8078,4431,5178,266,27257,773,35,2891],"class_list":["post-89136","post","type-post","status-publish","format-standard","has-post-thumbnail","category-eu","tag-eu","tag-europaeische-union","tag-fluechtling","tag-fluechtlinge","tag-fluechtlingskrise","tag-oesterreich","tag-pkw-maut","tag-putin-wladimir","tag-russland","tag-spionage"],"_links":{"self":[{"href":"https:\/\/www.europesays.com\/europa\/wp-json\/wp\/v2\/posts\/89136","targetHints":{"allow":["GET"]}}],"collection":[{"href":"https:\/\/www.europesays.com\/europa\/wp-json\/wp\/v2\/posts"}],"about":[{"href":"https:\/\/www.europesays.com\/europa\/wp-json\/wp\/v2\/types\/post"}],"author":[{"embeddable":true,"href":"https:\/\/www.europesays.com\/europa\/wp-json\/wp\/v2\/users\/2"}],"replies":[{"embeddable":true,"href":"https:\/\/www.europesays.com\/europa\/wp-json\/wp\/v2\/comments?post=89136"}],"version-history":[{"count":0,"href":"https:\/\/www.europesays.com\/europa\/wp-json\/wp\/v2\/posts\/89136\/revisions"}],"wp:featuredmedia":[{"embeddable":true,"href":"https:\/\/www.europesays.com\/europa\/wp-json\/wp\/v2\/media\/89137"}],"wp:attachment":[{"href":"https:\/\/www.europesays.com\/europa\/wp-json\/wp\/v2\/media?parent=89136"}],"wp:term":[{"taxonomy":"category","embeddable":true,"href":"https:\/\/www.europesays.com\/europa\/wp-json\/wp\/v2\/categories?post=89136"},{"taxonomy":"post_tag","embeddable":true,"href":"https:\/\/www.europesays.com\/europa\/wp-json\/wp\/v2\/tags?post=89136"}],"curies":[{"name":"wp","href":"https:\/\/api.w.org\/{rel}","templated":true}]}}