{"id":89187,"date":"2026-08-28T13:32:08","date_gmt":"2026-08-28T13:32:08","guid":{"rendered":"https:\/\/www.europesays.com\/europa\/89187\/"},"modified":"2026-08-28T13:32:08","modified_gmt":"2026-08-28T13:32:08","slug":"david-beckham-steht-vor-dem-kauf-eines-weiteren-klubs-diesmal-in-europa","status":"publish","type":"post","link":"https:\/\/www.europesays.com\/europa\/89187\/","title":{"rendered":"David Beckham steht vor dem Kauf eines weiteren Klubs \u2013 diesmal in Europa!"},"content":{"rendered":"<p>FC Nantes k\u00f6nnte in Beckhams H\u00e4nde fallen<\/p>\n<p>Dabei geht es um den <a href=\"https:\/\/www.fussballdaten.de\/vereine\/fc-nantes\/\" title=\"Profil von FC Nantes\" rel=\"nofollow noopener\" target=\"_blank\">FC Nantes<\/a>. Der Klub geh\u00f6rt derzeit dem polnischen Gesch\u00e4ftsmann Waldemar Kita. Es ist jedoch kein Geheimnis, dass der Pole bereits seit l\u00e4ngerer Zeit \u00fcber einen Verkauf des Vereins nachdenkt.<\/p>\n<p class=\"mb20 mt30\">\u00dcber Beckhams Interesse an einer \u00dcbernahme des FC Nantes berichtete zuerst die lokale franz\u00f6sische Zeitung Ouest-France. Die Informationen wurden anschlie\u00dfend auch vom bekannten franz\u00f6sischen Portal RMC Sport aufgegriffen.<\/p>\n<p class=\"mb20 mt30\">Demnach liegen dem derzeitigen Klubbesitzer drei Angebote vor. Eines davon soll von Beckham stammen. Eine der Offerten soll einen Wert von bis zu 100 Millionen Euro haben. Es ist allerdings nicht bekannt, ob ausgerechnet das Angebot des fr\u00fcheren Spielers von Manchester United und Real Madrid diese Summe erreicht.<\/p>\n<p>Von 10 auf bis zu 100 Millionen Euro f\u00fcr Nantes<\/p>\n<p class=\"mb20 mt30\">Der derzeitige Klubbesitzer Waldemar Kita \u00fcbernahm im Juli 2007 den Verein und wurde zugleich dessen Pr\u00e4sident. Damals kaufte er Nantes f\u00fcr rund zehn Millionen Euro von der Dassault-Gruppe.<\/p>\n<p class=\"mb20 mt30\">Nantes spielte viele Jahre in der Ligue 1, durchlebt zuletzt jedoch eine schwierigere Phase. Aktuell k\u00e4mpft der Klub in der Ligue 2 um den Klassenerhalt.<\/p>\n<p class=\"mb20 mt30\">Eine m\u00f6gliche \u00dcbernahme durch neue Eigent\u00fcmer k\u00f6nnte daher eine gute Nachricht f\u00fcr die Fans des Vereins sein.<\/p>\n","protected":false},"excerpt":{"rendered":"FC Nantes k\u00f6nnte in Beckhams H\u00e4nde fallen Dabei geht es um den FC Nantes. Der Klub geh\u00f6rt derzeit&hellip;\n","protected":false},"author":2,"featured_media":89188,"comment_status":"","ping_status":"","sticky":false,"template":"","format":"standard","meta":{"footnotes":""},"categories":[3],"tags":[29160,1542,26383,29161,6,3619,292,7878,24120,13322,19471],"class_list":["post-89187","post","type-post","status-publish","format-standard","has-post-thumbnail","category-europa","tag-beckham","tag-bundesliga","tag-david","tag-eines","tag-europa","tag-football","tag-fussball","tag-kauf","tag-klubs","tag-steht","tag-weiteren"],"_links":{"self":[{"href":"https:\/\/www.europesays.com\/europa\/wp-json\/wp\/v2\/posts\/89187","targetHints":{"allow":["GET"]}}],"collection":[{"href":"https:\/\/www.europesays.com\/europa\/wp-json\/wp\/v2\/posts"}],"about":[{"href":"https:\/\/www.europesays.com\/europa\/wp-json\/wp\/v2\/types\/post"}],"author":[{"embeddable":true,"href":"https:\/\/www.europesays.com\/europa\/wp-json\/wp\/v2\/users\/2"}],"replies":[{"embeddable":true,"href":"https:\/\/www.europesays.com\/europa\/wp-json\/wp\/v2\/comments?post=89187"}],"version-history":[{"count":0,"href":"https:\/\/www.europesays.com\/europa\/wp-json\/wp\/v2\/posts\/89187\/revisions"}],"wp:featuredmedia":[{"embeddable":true,"href":"https:\/\/www.europesays.com\/europa\/wp-json\/wp\/v2\/media\/89188"}],"wp:attachment":[{"href":"https:\/\/www.europesays.com\/europa\/wp-json\/wp\/v2\/media?parent=89187"}],"wp:term":[{"taxonomy":"category","embeddable":true,"href":"https:\/\/www.europesays.com\/europa\/wp-json\/wp\/v2\/categories?post=89187"},{"taxonomy":"post_tag","embeddable":true,"href":"https:\/\/www.europesays.com\/europa\/wp-json\/wp\/v2\/tags?post=89187"}],"curies":[{"name":"wp","href":"https:\/\/api.w.org\/{rel}","templated":true}]}}