{"id":89534,"date":"2026-08-29T09:41:27","date_gmt":"2026-08-29T09:41:27","guid":{"rendered":"https:\/\/www.europesays.com\/europa\/89534\/"},"modified":"2026-08-29T09:41:27","modified_gmt":"2026-08-29T09:41:27","slug":"sicherheit-in-europa-braucht-deutschland-eigene-atombomben","status":"publish","type":"post","link":"https:\/\/www.europesays.com\/europa\/89534\/","title":{"rendered":"Sicherheit in Europa: Braucht Deutschland eigene Atombomben?"},"content":{"rendered":"<p><img loading=\"lazy\" src=\"https:\/\/www.t-online.de\/s\/paper\/_next\/static\/media\/audio-volume.6689034c.svg\" alt=\"\" title=\"\" class=\"block h-[calc(var(--height)_\/_16_*_1rem)] w-[calc(var(--width)_\/_16_*_1rem)] max-w-none group-hover:brightness-0 group-hover:invert\" style=\"--width:16;--height:16\" decoding=\"async\"\/>Vorlesen<\/p>\n<p>Aktuelle Zeit:0:00Gesamtdauer:0:00<\/p>\n<p>1x<img loading=\"lazy\" src=\"https:\/\/www.t-online.de\/s\/paper\/_next\/static\/media\/font-sizes.32942e33.svg\" alt=\"\" title=\"\" class=\"block h-[calc(var(--height)_\/_16_*_1rem)] w-[calc(var(--width)_\/_16_*_1rem)] max-w-none group-hover:hidden group-aria-expanded:hidden\" style=\"--width:16;--height:16\" decoding=\"async\"\/><img loading=\"lazy\" src=\"https:\/\/www.t-online.de\/s\/paper\/_next\/static\/media\/font-sizes-dark-mode.e382645c.svg\" alt=\"\" title=\"\" class=\"block h-[calc(var(--height)_\/_16_*_1rem)] w-[calc(var(--width)_\/_16_*_1rem)] max-w-none hidden group-hover:block group-aria-expanded:block\" style=\"--width:16;--height:16\" decoding=\"async\"\/><img loading=\"lazy\" src=\"https:\/\/www.t-online.de\/s\/paper\/_next\/static\/media\/sharing-menu-icon.1eb71368.svg\" alt=\"\" title=\"\" class=\"block h-[calc(var(--height)_\/_16_*_1rem)] w-[calc(var(--width)_\/_16_*_1rem)] max-w-none group-hover:brightness-0 group-hover:invert\" style=\"--width:16;--height:16\" decoding=\"async\"\/>Artikel teilen<\/p>\n<p class=\"font-bold text-18 leading-17 user-text-lg:text-22 user-text-xl:text-24\">Guten Morgen, liebe Leserin, lieber Leser,<\/p>\n<p class=\"text-18 leading-17 user-text-lg:text-22 user-text-xl:text-24\">einer risikoaversen Gesellschaft wie der deutschen f\u00e4llt es schwer, \u00fcber den schlimmstm\u00f6glichen Fall nachzudenken. Noch schwerer f\u00e4llt es ihr, sich darauf vorzubereiten. Das ist der Grund, warum die Diskussion \u00fcber Atomwaffen hierzulande meist nur verschreckt, ideologisch oder irrational gef\u00fchrt wird. Einen Atomkrieg kann niemand wollen. Die meisten Deutschen wollen jedoch noch nicht einmal dar\u00fcber nachdenken. Das ist ein Problem, wenn man die Entscheidung dar\u00fcber nicht selbst in der Hand hat.<\/p>\n<p class=\"text-18 leading-17 user-text-lg:text-22 user-text-xl:text-24\">Aus guten Gr\u00fcnden lassen es Gesetze nicht zu, dass Deutschland sich atomar bewaffnet. Die Pariser Vertr\u00e4ge von 1954, der Sperrvertrag von 1975 und der Zwei-plus-Vier-Vertrag von 1990 verbieten es der Bundesrepublik, Kernwaffen herzustellen, zu besitzen oder Verf\u00fcgungsgewalt \u00fcber sie auszu\u00fcben. Sowohl im Kalten Krieg als auch nach dem Zusammenbruch des Ostblocks konnte sich das Land jedoch auf den amerikanischen Atom-Schutzschirm innerhalb der Nato verlassen. Durch die nukleare Teilhabe und die Stationierung von rund 20 US-Atomwaffen auf dem Fliegerhorst B\u00fcchel in Rheinland-Pfalz profitiert Deutschland eben doch von der Abschreckung durch Kernwaffen. Im atomaren Verteidigungsfall k\u00f6nnten deutsche Kampfpiloten im Nato-Verbund die Bomben abfeuern.<\/p>\n<p><a href=\"#focus-1\" class=\"transition-colors block text-current relative\" data-sctrack=\"FocusGalleryImage.Reference\"><img   loading=\"lazy\" src=\"https:\/\/www.europesays.com\/europa\/wp-content\/uploads\/2026\/08\/deutsche-tornados-auf-dem-fliegerhorst-buechel.jpg\" alt=\"Deutsche Tornados auf dem Fliegerhorst B\u00fcchel.\" title=\"Deutsche Tornados auf dem Fliegerhorst B\u00fcchel.\" width=\"2048\" height=\"1152\" class=\"h-full w-full max-w-full rounded-8\" decoding=\"async\"\/><img loading=\"lazy\" src=\"https:\/\/www.t-online.de\/s\/paper\/_next\/static\/media\/zoom-in.f7dae02f.svg\" alt=\"Vergr\u00f6\u00dfern des Bildes\" title=\"Vergr\u00f6\u00dfern des Bildes\" class=\"block h-[calc(var(--height)_\/_16_*_1rem)] w-[calc(var(--width)_\/_16_*_1rem)] max-w-none absolute right-8 bottom-8 rounded-4 bg-snow p-8\" style=\"--width:32;--height:32\" decoding=\"async\"\/>Deutsche Tornados auf dem Fliegerhorst B\u00fcchel. (Quelle: Harald Tittel\/dpa)<\/a><\/p>\n<p class=\"text-18 leading-17 user-text-lg:text-22 user-text-xl:text-24\">Seit vier Jahren hat sich die Sicherheitslage in Europa grundlegend ver\u00e4ndert. Seit Putins Vollinvasion der Ukraine und verst\u00e4rkt seit Donald Trumps zweitem Amtsantritt kann sich kein Bundesb\u00fcrger mehr darauf verlassen, dass er, seine Familie und sein Land garantiert vor einer nuklearen Eskalation gesch\u00fctzt sind. Politiker und Nato-Planer geben sich gro\u00dfe M\u00fche, die Aufr\u00fcstungsbem\u00fchungen der europ\u00e4ischen B\u00fcndnispartner zu beschw\u00f6ren. Aber es hilft alles nichts: Solange in Moskau ein aggressiver Imperialist und in Washington ein unsicherer Kantonist sitzt, bleibt die Sicherheit Deutschlands gef\u00e4hrdet.<\/p>\n<p class=\"text-18 leading-17 user-text-lg:text-22 user-text-xl:text-24\">Deshalb mehren sich Stimmen, die ein Umdenken fordern. &#8222;Es w\u00e4re ein Element der Sicherheit, wenn Deutschland die Atombombe h\u00e4tte&#8220;, sagt der Sicherheitsexperte Joachim Krause <a href=\"https:\/\/www.t-online.de\/nachrichten\/ausland\/krisen\/id_101392680\/deutschland-ukraine-und-putin-russland-erpresst-uns-mit-kernwaffen-.html\" class=\"transition-colors cursor-pointer no-underline md:hover:text-magenta md:focus:text-magenta border-b border-solid border-current text-salemsfur md:hover:border-magenta\" data-tracking=\"{&quot;action&quot;:&quot;click&quot;,&quot;category&quot;:&quot;intextLink&quot;,&quot;label&quot;:&quot;\/nachrichten\/ausland\/krisen\/id_101392680\/deutschland-ukraine-und-putin-russland-erpresst-uns-mit-kernwaffen-.html&quot;}\" data-sctrack=\"BodyAnchor\" rel=\"nofollow noopener\" target=\"_blank\">im Interview mit unserer Redaktion.<\/a> Auch in politischen Hintergrundrunden sind neue Einlassungen zu vernehmen. Sollte der russische Krieg gegen die Ukraine weiter eskalieren und das Putin-Regime unter Druck einen Angriff auf Nato-L\u00e4nder wagen, entst\u00fcnde eine v\u00f6llig neue Gef\u00e4hrdungslage, in der 83 Millionen Bundesb\u00fcrger allein auf die amerikanische Unterst\u00fctzung angewiesen w\u00e4ren \u2013 wenn die denn k\u00e4me.<\/p>\n<p class=\"text-18 leading-17 user-text-lg:text-22 user-text-xl:text-24\">Ist das zu wenig? Sollte die Atomfrage hierzulande neu gestellt werden? Braucht Deutschland selbst die Bombe? Was steckt hinter dem franz\u00f6sischen Angebot einer Abschreckungs-Kooperation? Und an welchen Pl\u00e4nen arbeiten Nato-Strategen gerade?<\/p>\n<p class=\"text-18 leading-17 user-text-lg:text-22 user-text-xl:text-24\">Wenige Experten k\u00f6nnen diese heiklen Fragen so aufschlussreich beantworten wie Claudia Major. Die ostdeutsche Politikwissenschaftlerin arbeitet f\u00fcr den German Marshall Fund, hat einen Lehrauftrag in Paris und sitzt im Beirat der Bundesregierung f\u00fcr zivile Krisenpr\u00e4vention und Friedensf\u00f6rderung. Im Podcast mit meiner Kollegin Nicole Fuchs-Wiecha und mir nimmt sie ausf\u00fchrlich Stellung zur akuten Sicherheitslage und erkl\u00e4rt die j\u00fcngsten Entwicklungen pr\u00e4zise. Ich habe einiges dabei gelernt <a href=\"https:\/\/tagesanbruch.podigee.io\/2605-major\" target=\"_blank\" rel=\"nofollow noopener\" class=\"transition-colors cursor-pointer no-underline md:hover:text-magenta md:focus:text-magenta border-b border-solid border-current text-salemsfur md:hover:border-magenta\" data-tracking=\"{&quot;action&quot;:&quot;click&quot;,&quot;category&quot;:&quot;intextLink&quot;,&quot;label&quot;:&quot;https:\/\/tagesanbruch.podigee.io\/2605-major&quot;}\" data-sctrack=\"BodyAnchor\">und empfehle Ihnen das Gespr\u00e4ch daher gern:<\/a><\/p>\n<p>Loading&#8230;<img decoding=\"async\" src=\"https:\/\/www.t-online.de\/s\/paper\/_next\/static\/media\/image.e47c3ca7.svg\" alt=\"Symbolbild f\u00fcr eingebettete Inhalte\"\/><\/p>\n<p class=\"text-10 leading-12 text-manatee uppercase\">Embed<\/p>\n<p><img alt=\"Bild des Newsletters tagesanbruch\" data-testid=\"NewsletterWidget.Image\" loading=\"lazy\" src=\"https:\/\/www.europesays.com\/europa\/wp-content\/uploads\/2026\/08\/tagesanbruch_4x5.jpg\" title=\"Bild des Newsletters tagesanbruch\" width=\"1\" height=\"1\" class=\"absolute top-0 size-full max-w-full object-cover\" decoding=\"async\"\/><\/p>\n<p class=\"font-serif font-medium text-salemsfur italic max-md:pb-4 text-18 max-md:text-24\">Tagesanbruch \u2013 Der Newsletter f\u00fcr den Wissensvorsprung<\/p>\n<p class=\"text-14 leading-15 max-md:hidden hidden\">Die Analyse zu den Themen, die Deutschland bewegen \u2013 kostenlos abonnieren.<\/p>\n<p class=\"text-18 leading-17 user-text-lg:text-22 user-text-xl:text-24\">Ich w\u00fcnsche Ihnen ein gut informiertes Wochenende. Der n\u00e4chste Tagesanbruch kommt am Montag von unserer Textchefin Heike Vowinkel.<\/p>\n<p class=\"text-18 leading-17 user-text-lg:text-22 user-text-xl:text-24\">Ihr<br \/>Florian Harms<br \/>Chefredakteur t-online<\/p>\n","protected":false},"excerpt":{"rendered":"Vorlesen Aktuelle Zeit:0:00Gesamtdauer:0:00 1xArtikel teilen Guten Morgen, liebe Leserin, lieber Leser, einer risikoaversen Gesellschaft wie der deutschen f\u00e4llt&hellip;\n","protected":false},"author":2,"featured_media":89535,"comment_status":"","ping_status":"","sticky":false,"template":"","format":"standard","meta":{"footnotes":""},"categories":[3],"tags":[29234,82,6,2567,29233,11848,41,17040,196,3388,35,29232,45,776,43],"class_list":["post-89534","post","type-post","status-publish","format-standard","has-post-thumbnail","category-europa","tag-atombombe","tag-deutschland","tag-europa","tag-florian-harms","tag-geschoss","tag-kalter-krieg","tag-nato","tag-nuklearwaffe","tag-paris","tag-rheinland-pfalz","tag-russland","tag-schwerkraftbombe","tag-ukraine","tag-us-militaer","tag-wladimir-putin"],"_links":{"self":[{"href":"https:\/\/www.europesays.com\/europa\/wp-json\/wp\/v2\/posts\/89534","targetHints":{"allow":["GET"]}}],"collection":[{"href":"https:\/\/www.europesays.com\/europa\/wp-json\/wp\/v2\/posts"}],"about":[{"href":"https:\/\/www.europesays.com\/europa\/wp-json\/wp\/v2\/types\/post"}],"author":[{"embeddable":true,"href":"https:\/\/www.europesays.com\/europa\/wp-json\/wp\/v2\/users\/2"}],"replies":[{"embeddable":true,"href":"https:\/\/www.europesays.com\/europa\/wp-json\/wp\/v2\/comments?post=89534"}],"version-history":[{"count":0,"href":"https:\/\/www.europesays.com\/europa\/wp-json\/wp\/v2\/posts\/89534\/revisions"}],"wp:featuredmedia":[{"embeddable":true,"href":"https:\/\/www.europesays.com\/europa\/wp-json\/wp\/v2\/media\/89535"}],"wp:attachment":[{"href":"https:\/\/www.europesays.com\/europa\/wp-json\/wp\/v2\/media?parent=89534"}],"wp:term":[{"taxonomy":"category","embeddable":true,"href":"https:\/\/www.europesays.com\/europa\/wp-json\/wp\/v2\/categories?post=89534"},{"taxonomy":"post_tag","embeddable":true,"href":"https:\/\/www.europesays.com\/europa\/wp-json\/wp\/v2\/tags?post=89534"}],"curies":[{"name":"wp","href":"https:\/\/api.w.org\/{rel}","templated":true}]}}