{"id":89900,"date":"2026-08-30T11:16:09","date_gmt":"2026-08-30T11:16:09","guid":{"rendered":"https:\/\/www.europesays.com\/europa\/89900\/"},"modified":"2026-08-30T11:16:09","modified_gmt":"2026-08-30T11:16:09","slug":"schalke-zurueck-in-europa-neururer-reagiert-mit-klarer-ansage","status":"publish","type":"post","link":"https:\/\/www.europesays.com\/europa\/89900\/","title":{"rendered":"Schalke zur\u00fcck in Europa? Neururer reagiert mit klarer Ansage"},"content":{"rendered":"<p>Der FC Schalke ist zur\u00fcck in der Bundesliga und die Euphorie ist riesig. Kulttrainer Peter Neururer warnt jedoch vor zu hohen Erwartungen.<\/p>\n<p>Peter Neururer hat eine ziemlich genaue Vorstellung davon, was f\u00fcr den FC Schalke 04 nach der R\u00fcckkehr in die Bundesliga als Erfolg gelten w\u00fcrde. Der ehemalige S04-Coach erwartet keine Wunderdinge von den K\u00f6nigsblauen. Vielmehr geht es f\u00fcr ihn zun\u00e4chst einzig darum, sich wieder im Oberhaus festzusetzen. Am Saisonende sieht der 71-J\u00e4hrige Schalke auf Rang 14.<\/p>\n<p>Dass rund um den Revierklub nach dem Aufstieg wieder gro\u00dfe Begeisterung herrscht, \u00fcberrascht Neururer nicht. Gleichzeitig sieht er genau darin eine m\u00f6gliche Gefahr. \u201eDie Erwartungshaltung liegt bei Schalke seit Jahrzehnten, nein Jahrhunderten, fast immer \u00fcber dem, was man eigentlich erwarten darf\u201c, <a href=\"https:\/\/www.wettbasis.com\/sportwetten-news\/schalke-04-bundesliga-aufstieg-peter-neururer-ziele-erwartungen\" rel=\"nofollow noopener\" target=\"_blank\">erkl\u00e4rte der Kulttrainer gegen\u00fcber Wettbasis.com<\/a>.<\/p>\n<p>Entsprechend wenig h\u00e4lt Neururer davon, bereits unmittelbar nach der Bundesliga-R\u00fcckkehr \u00fcber internationale Ambitionen zu sprechen. Die Priorit\u00e4ten m\u00fcssten deutlich anders gesetzt werden: \u201eSchalke 04 ist ein au\u00dfergew\u00f6hnlicher Aufsteiger, aber mit einem ganz gew\u00f6hnlichen Ziel. Mehr darf man nicht haben. Das Ziel muss hei\u00dfen: Ligaerhalt!\u201c<\/p>\n<p>Peter Neururer lobt Schalke-Boss Frank Baumann<\/p>\n<p>Um dieses Vorhaben zu erreichen, musste sich aus Sicht des fr\u00fcheren Trainers allerdings auch personell etwas tun. Zwischen der 2. Bundesliga und dem Oberhaus bestehe schlie\u00dflich ein erheblicher Qualit\u00e4tsunterschied. Neururer glaubt deshalb nicht, dass der Aufstiegskader unver\u00e4ndert f\u00fcr eine sorgenfreie Saison ausgereicht h\u00e4tte.<\/p>\n<p><img loading=\"lazy\" decoding=\"async\" class=\"size-large wp-image-64232\" src=\"https:\/\/www.europesays.com\/europa\/wp-content\/uploads\/2026\/08\/imago1080526038-1024x683.jpg\" alt=\"Miron Muslic und Frank Baumann\" width=\"1024\" height=\"683\"  \/>Foto: IMAGO<\/p>\n<p>Potenzial sieht der Kulttrainer unter anderem bei Vitalie Becker, den er als \u201eein Riesentalent\u201c bezeichnet. Auch Robin Gosens k\u00f6nnte nach Neururers Einsch\u00e4tzung eine wichtige Rolle \u00fcbernehmen \u2013 vorausgesetzt, der fr\u00fchere deutsche Nationalspieler ist k\u00f6rperlich vollst\u00e4ndig auf der H\u00f6he. Bei der sportlichen F\u00fchrung sieht Neururer die K\u00f6nigsblauen ebenfalls ordentlich aufgestellt.<\/p>\n<p>Sportvorstand Frank Baumann bescheinigt er \u201egrundsolide Arbeit\u201c. Auch das Zusammenspiel mit Trainer Miron Muslic stimmt ihn zuversichtlich. Von einer R\u00fcckkehr zu alten Schalker Glanzzeiten will Neururer dennoch nichts wissen. F\u00fcr den Aufsteiger z\u00e4hlt zun\u00e4chst nur, gen\u00fcgend Abstand zu den Abstiegspl\u00e4tzen zu schaffen. Gelingt das, w\u00e4re eine Platzierung im unteren Mittelfeld f\u00fcr ihn keineswegs entt\u00e4uschend, sondern ein gelungener erster Schritt zur\u00fcck in der Bundesliga.<\/p>\n<p><img decoding=\"async\" class=\"wp-worthy-pixel-img skip-lazy \" src=\"https:\/\/www.europesays.com\/europa\/wp-content\/uploads\/2026\/08\/97317596467a4c949ac0b3b4c21f6d6f.gif\" loading=\"eager\" data-no-lazy=\"1\" data-skip-lazy=\"1\" height=\"1\" width=\"1\" alt=\"\"\/><\/p>\n","protected":false},"excerpt":{"rendered":"Der FC Schalke ist zur\u00fcck in der Bundesliga und die Euphorie ist riesig. Kulttrainer Peter Neururer warnt jedoch&hellip;\n","protected":false},"author":2,"featured_media":89901,"comment_status":"","ping_status":"","sticky":false,"template":"","format":"standard","meta":{"footnotes":""},"categories":[3],"tags":[6,16263,16264,29169,29330],"class_list":["post-89900","post","type-post","status-publish","format-standard","has-post-thumbnail","category-europa","tag-europa","tag-frank-baumann","tag-miron-muslic","tag-peter-neururer","tag-robin-gosens"],"_links":{"self":[{"href":"https:\/\/www.europesays.com\/europa\/wp-json\/wp\/v2\/posts\/89900","targetHints":{"allow":["GET"]}}],"collection":[{"href":"https:\/\/www.europesays.com\/europa\/wp-json\/wp\/v2\/posts"}],"about":[{"href":"https:\/\/www.europesays.com\/europa\/wp-json\/wp\/v2\/types\/post"}],"author":[{"embeddable":true,"href":"https:\/\/www.europesays.com\/europa\/wp-json\/wp\/v2\/users\/2"}],"replies":[{"embeddable":true,"href":"https:\/\/www.europesays.com\/europa\/wp-json\/wp\/v2\/comments?post=89900"}],"version-history":[{"count":0,"href":"https:\/\/www.europesays.com\/europa\/wp-json\/wp\/v2\/posts\/89900\/revisions"}],"wp:featuredmedia":[{"embeddable":true,"href":"https:\/\/www.europesays.com\/europa\/wp-json\/wp\/v2\/media\/89901"}],"wp:attachment":[{"href":"https:\/\/www.europesays.com\/europa\/wp-json\/wp\/v2\/media?parent=89900"}],"wp:term":[{"taxonomy":"category","embeddable":true,"href":"https:\/\/www.europesays.com\/europa\/wp-json\/wp\/v2\/categories?post=89900"},{"taxonomy":"post_tag","embeddable":true,"href":"https:\/\/www.europesays.com\/europa\/wp-json\/wp\/v2\/tags?post=89900"}],"curies":[{"name":"wp","href":"https:\/\/api.w.org\/{rel}","templated":true}]}}