{"id":91039,"date":"2026-09-01T14:07:11","date_gmt":"2026-09-01T14:07:11","guid":{"rendered":"https:\/\/www.europesays.com\/europa\/91039\/"},"modified":"2026-09-01T14:07:11","modified_gmt":"2026-09-01T14:07:11","slug":"verspaetungen-und-laengere-warteschlangen-eu-system-sorgt-fuer-chaos-am-flughafen-zuerich","status":"publish","type":"post","link":"https:\/\/www.europesays.com\/europa\/91039\/","title":{"rendered":"Versp\u00e4tungen und l\u00e4ngere Warteschlangen: EU-System sorgt f\u00fcr Chaos am Flughafen Z\u00fcrich"},"content":{"rendered":"<p class=\"mb-6 text-xs-varying md:text-m lg:text-l font-serif group-[.font-sans]:font-sans \">\n    Aus s\u00fcdbadischer Sicht geht der Blick f\u00fcr Flugreisen oft \u00fcber die Grenze, zum Flughafen Z\u00fcrich. Sowohl vom Hochrhein als auch aus Konstanz ist der Flughafen in rund einer Stunde zu erreichen. Der Flughafen gilt als Paradebeispiel f\u00fcr Schweizer Effizienz und p\u00fcnktliche Infrastruktur. Dazu passt, <a href=\"https:\/\/www.suedkurier.de\/baden-wuerttemberg\/kein-laestiges-umpacken-vor-der-kontrolle-neue-fluessigkeitsobergrenze-am-flughafen-zuerich-22-06-26-114521456\" target=\"_self\" class=\"underline \" rel=\"nofollow noopener\">dass seit Ende Juni das Auspacken elektronischer Ger\u00e4te bei der Sicherheitskontrolle entf\u00e4llt und Fl\u00fcssigkeitsbeh\u00e4lter mit bis zu zwei Litern Fassungsverm\u00f6gen im Handgep\u00e4ck mitgef\u00fchrt werden d\u00fcrfen<\/a>. So gar nicht dazu passen wollen aber Berichte Schweizer Medien, nach denen es derzeit zu langen Wartezeiten bei der Passkontrolle komme. Grund daf\u00fcr sei die Einf\u00fchrung des neuen Entry\/Exit-System (EES) zur Erfassung der Ein- und Ausreise von Drittstaatsangeh\u00f6rigen in den Schengenraum &#8211; dabei soll das eigentlich die Wartezeiten verk\u00fcrzen.\n  <\/p>\n","protected":false},"excerpt":{"rendered":"Aus s\u00fcdbadischer Sicht geht der Blick f\u00fcr Flugreisen oft \u00fcber die Grenze, zum Flughafen Z\u00fcrich. Sowohl vom Hochrhein&hellip;\n","protected":false},"author":2,"featured_media":91040,"comment_status":"","ping_status":"","sticky":false,"template":"","format":"standard","meta":{"footnotes":""},"categories":[4],"tags":[13831,21,22,29545,698,4516,29546,587,29547,9201,10770],"class_list":["post-91039","post","type-post","status-publish","format-standard","has-post-thumbnail","category-eu","tag-effizienz","tag-eu","tag-europaeische-union","tag-flughafen-zuerich","tag-island","tag-liechtenstein","tag-passkontrolle","tag-schweiz","tag-swiss-international-air-lines","tag-verspaetung","tag-zuerich"],"_links":{"self":[{"href":"https:\/\/www.europesays.com\/europa\/wp-json\/wp\/v2\/posts\/91039","targetHints":{"allow":["GET"]}}],"collection":[{"href":"https:\/\/www.europesays.com\/europa\/wp-json\/wp\/v2\/posts"}],"about":[{"href":"https:\/\/www.europesays.com\/europa\/wp-json\/wp\/v2\/types\/post"}],"author":[{"embeddable":true,"href":"https:\/\/www.europesays.com\/europa\/wp-json\/wp\/v2\/users\/2"}],"replies":[{"embeddable":true,"href":"https:\/\/www.europesays.com\/europa\/wp-json\/wp\/v2\/comments?post=91039"}],"version-history":[{"count":0,"href":"https:\/\/www.europesays.com\/europa\/wp-json\/wp\/v2\/posts\/91039\/revisions"}],"wp:featuredmedia":[{"embeddable":true,"href":"https:\/\/www.europesays.com\/europa\/wp-json\/wp\/v2\/media\/91040"}],"wp:attachment":[{"href":"https:\/\/www.europesays.com\/europa\/wp-json\/wp\/v2\/media?parent=91039"}],"wp:term":[{"taxonomy":"category","embeddable":true,"href":"https:\/\/www.europesays.com\/europa\/wp-json\/wp\/v2\/categories?post=91039"},{"taxonomy":"post_tag","embeddable":true,"href":"https:\/\/www.europesays.com\/europa\/wp-json\/wp\/v2\/tags?post=91039"}],"curies":[{"name":"wp","href":"https:\/\/api.w.org\/{rel}","templated":true}]}}