{"id":91077,"date":"2026-09-01T14:52:14","date_gmt":"2026-09-01T14:52:14","guid":{"rendered":"https:\/\/www.europesays.com\/europa\/91077\/"},"modified":"2026-09-01T14:52:14","modified_gmt":"2026-09-01T14:52:14","slug":"darum-muss-ritter-sport-verpackungen-ueberkleben-baden-wuerttemberg","status":"publish","type":"post","link":"https:\/\/www.europesays.com\/europa\/91077\/","title":{"rendered":"Darum muss Ritter Sport Verpackungen \u00fcberkleben &#8211; Baden-W\u00fcrttemberg"},"content":{"rendered":"<p>Der Schokoladenhersteller Ritter Sport \u00fcberklebt seit mehreren Monaten bestehende Schokoladentafeln mit einem Sticker, um die Anforderungen einer EU-Richtlinie zu erf\u00fcllen. Unter dem Aufkleber verschwindet ein Claim, mit dem Ritter Sport jahrelang geworben hatte: \u00ab100 % zertifiziert nachhaltiger Kakaobezug\u00bb, wie eine Sprecherin des Familienunternehmens in Waldenbuch (Kreis B\u00f6blingen) mitteilte.\u00a0<\/p>\n<p>Grund f\u00fcr das \u00dcberkleben ist die sogenannte EmpCo-Richtlinie der EU (Empowering Consumers for the Green Transition). Diese tritt den Angaben zufolge Ende September in Kraft und soll \u00abGreenwashing\u00bb unterbinden. Vage Begriffe wie \u00abumweltfreundlich\u00bb oder eben \u00abnachhaltig\u00bb sind k\u00fcnftig nur noch erlaubt, wenn sie auf der Verpackung detailliert belegt werden. Zun\u00e4chst hatten mehrere Medien \u00fcber das Thema berichtet.<\/p>\n<p>Unternehmen leidet unter Wirtschaftsflaute<\/p>\n<p>Die Sprecherin konnte keine Angaben machen, wie viele Packungen \u00fcberklebt werden m\u00fcssen. \u00abDer Packungsrelaunch mit der neuen Folie ist in vollem Gange, l\u00e4sst sich aber nicht innerhalb von ein paar Monaten umsetzen.\u00bb Die neuen Prim\u00e4rfolien werden demnach k\u00fcnftig auf der Frontseite die Auslobung \u00abohne Zusatz von Aromen\u00bb und auf der R\u00fcckseite den Hinweis auf den nach wie vor 100 Prozent zertifizierten Kakaobezug mit entsprechenden Hinweisen tragen. \u00abWie mehrfach kommuniziert, war es uns wichtig, keine Folien zu vernichten.\u00bb<\/p>\n<p>Das Familienunternehmen sagte zu der neuen EU-Regelung weiter, man bef\u00fcrworte grunds\u00e4tzlich Ma\u00dfnahmen, die der Transparenz dienten und bei den Verbrauchern Klarheit schafften, durch substantiierte und spezifische Aussagen mit Nachweisbarkeit. \u00abAllerdings stellt die verbleibende Rechtsunsicherheit in der Umsetzung bzw. Auslegung in verschiedenen europ\u00e4ischen L\u00e4ndern eine Herausforderung dar.\u00bb<\/p>\n<p>Ritter Sport hatte Ende April mitgeteilt, dass nach einem Verlust im vergangenen Jahr etwas mehr als jede zehnte Stelle wegfallen soll. Das sei der erste Stellenabbau in der mehr als 110-j\u00e4hrigen Unternehmensgeschichte. Als Gr\u00fcnde nannte der Sprecher stark gestiegene Rohstoffpreise, vor allem bei Kakao. Aber auch die Preise f\u00fcr Energie und Verpackungen h\u00e4tten das Gesch\u00e4ft zuletzt belastet. Zudem sei eine deutliche Kaufzur\u00fcckhaltung zu sp\u00fcren.<\/p>\n<p>\u00a9 dpa-infocom, dpa:260901-930-615975\/3<\/p>\n","protected":false},"excerpt":{"rendered":"Der Schokoladenhersteller Ritter Sport \u00fcberklebt seit mehreren Monaten bestehende Schokoladentafeln mit einem Sticker, um die Anforderungen einer EU-Richtlinie&hellip;\n","protected":false},"author":2,"featured_media":91078,"comment_status":"","ping_status":"","sticky":false,"template":"","format":"standard","meta":{"footnotes":""},"categories":[4],"tags":[653,82,21,22,96,16163,4265,522,160],"class_list":["post-91077","post","type-post","status-publish","format-standard","has-post-thumbnail","category-eu","tag-baden-wuerttemberg","tag-deutschland","tag-eu","tag-europaeische-union","tag-handel","tag-konsumgueter","tag-lebensmittel","tag-meldung","tag-wirtschaft"],"_links":{"self":[{"href":"https:\/\/www.europesays.com\/europa\/wp-json\/wp\/v2\/posts\/91077","targetHints":{"allow":["GET"]}}],"collection":[{"href":"https:\/\/www.europesays.com\/europa\/wp-json\/wp\/v2\/posts"}],"about":[{"href":"https:\/\/www.europesays.com\/europa\/wp-json\/wp\/v2\/types\/post"}],"author":[{"embeddable":true,"href":"https:\/\/www.europesays.com\/europa\/wp-json\/wp\/v2\/users\/2"}],"replies":[{"embeddable":true,"href":"https:\/\/www.europesays.com\/europa\/wp-json\/wp\/v2\/comments?post=91077"}],"version-history":[{"count":0,"href":"https:\/\/www.europesays.com\/europa\/wp-json\/wp\/v2\/posts\/91077\/revisions"}],"wp:featuredmedia":[{"embeddable":true,"href":"https:\/\/www.europesays.com\/europa\/wp-json\/wp\/v2\/media\/91078"}],"wp:attachment":[{"href":"https:\/\/www.europesays.com\/europa\/wp-json\/wp\/v2\/media?parent=91077"}],"wp:term":[{"taxonomy":"category","embeddable":true,"href":"https:\/\/www.europesays.com\/europa\/wp-json\/wp\/v2\/categories?post=91077"},{"taxonomy":"post_tag","embeddable":true,"href":"https:\/\/www.europesays.com\/europa\/wp-json\/wp\/v2\/tags?post=91077"}],"curies":[{"name":"wp","href":"https:\/\/api.w.org\/{rel}","templated":true}]}}