{"id":91985,"date":"2026-09-02T22:32:12","date_gmt":"2026-09-02T22:32:12","guid":{"rendered":"https:\/\/www.europesays.com\/europa\/91985\/"},"modified":"2026-09-02T22:32:12","modified_gmt":"2026-09-02T22:32:12","slug":"energieversorgung-eu-genehmigt-deutsche-milliarden-fuer-gaskraftwerke-wirtschaft","status":"publish","type":"post","link":"https:\/\/www.europesays.com\/europa\/91985\/","title":{"rendered":"Energieversorgung &#8211; EU genehmigt deutsche Milliarden f\u00fcr Gaskraftwerke &#8211; Wirtschaft"},"content":{"rendered":"<p data-manual=\"paragraph\" data-schema-org-speakable=\"true\" class=\"css-1eosz7k\">Br\u00fcssel\/Berlin (dpa) &#8211; <a href=\"https:\/\/www.sueddeutsche.de\/thema\/Deutschland\" rel=\"nofollow noopener\" target=\"_blank\">Deutschland<\/a> darf ab 2031 den Bau neuer Gaskraftwerke mit einem Milliardenpaket f\u00f6rdern. Die EU-Kommission gab gr\u00fcnes Licht f\u00fcr die geplante Unterst\u00fctzung mit bis zu 35 Milliarden Euro.\u00a0<\/p>\n<p data-manual=\"paragraph\" data-schema-org-speakable=\"true\" class=\"css-1eosz7k\">In Deutschland sollen in den n\u00e4chsten f\u00fcnf Jahren zahlreiche neue Gaskraftwerke gebaut werden &#8211; das war bereits beschlossen worden. Nur die Genehmigung der EU-Kommission stand noch aus. Bezahlt werden soll dies von allen Stromnutzern \u00fcber eine neue Umlage ab 2031. Um wie viel der <a href=\"https:\/\/www.sueddeutsche.de\/thema\/Strom\" rel=\"nofollow noopener\" target=\"_blank\">Strom<\/a> deshalb dann teurer wird, ist offen.<\/p>\n<p data-manual=\"paragraph\" data-schema-org-speakable=\"true\" class=\"css-1eosz7k\">Die EU-Kommission begr\u00fcndete ihre Zustimmung damit, dass die Ma\u00dfnahme f\u00fcr die Versorgungssicherheit notwendig sei und die H\u00f6he der F\u00f6rderung dem tats\u00e4chlichen Bedarf entspreche. Wichtig sei zudem, dass die F\u00f6rdergelder in einem fairen, diskriminierungsfreien Verfahren vergeben w\u00fcrden. Die Auswirkungen auf den Wettbewerb in der EU blieben dadurch begrenzt.\u00a0<\/p>\n<p>Anlagen sollen \u201eklimaneutral\u201c arbeiten k\u00f6nnen<\/p>\n<p data-manual=\"paragraph\" data-schema-org-speakable=\"true\" class=\"css-1eosz7k\">Es geht um insgesamt 11 Gigawatt neuer Kapazit\u00e4ten, die sp\u00e4testens Ende 2031 am Netz sein sollen. Kraftwerksbetreiber k\u00f6nnen sich in einer Auktion darum bewerben. Die neuen Anlagen sollen zun\u00e4chst <a href=\"https:\/\/www.sueddeutsche.de\/thema\/Erdgas\" rel=\"nofollow noopener\" target=\"_blank\">Erdgas<\/a> verbrennen, wobei klimasch\u00e4dliche Gase entstehen. Sp\u00e4testens 2045 sollen die Gaskraftwerke dann aber \u201eklimaneutral\u201c mit Wasserstoff laufen. Daf\u00fcr sollen sie schon beim Bau ausgelegt sein.\u00a0<\/p>\n<p data-manual=\"paragraph\" data-schema-org-speakable=\"true\" class=\"css-1eosz7k\">Die Kraftwerke sollen helfen, m\u00f6gliche L\u00fccken in der Stromversorgung ab 2031 zu vermeiden und einspringen, wenn zu wenig Wind- und Sonnenenergie erzeugt werden. Daf\u00fcr soll ab 2032 ein sogenannter Kapazit\u00e4tsmarkt entstehen. Das hei\u00dft, Kraftwerksbetreiber werden daf\u00fcr bezahlt, dass sie Kapazit\u00e4ten vorhalten, die gerade nicht gebraucht werden.\u00a0<\/p>\n<p>Das plant Deutschland au\u00dferdem<\/p>\n<p data-manual=\"paragraph\" data-schema-org-speakable=\"true\" class=\"css-1eosz7k\">Daneben soll der \u00d6kostromausbau weitergehen. Bis 2030 sollen mindestens 80 Prozent des Stroms aus Wind, Sonne und anderen erneuerbaren Energien kommen. Bis 2038 soll Deutschland aus der Stromerzeugung mit Kohle aussteigen.\u00a0<\/p>\n<p data-manual=\"paragraph\" data-schema-org-speakable=\"true\" class=\"css-1eosz7k\">Die Ausschreibungen k\u00f6nnten nun beginnen, erkl\u00e4rte Wirtschaftsministerin Katherina Reiche (CDU). Die Bundesnetzagentur plane eine erste Ausschreibungsrunde f\u00fcr den 8. September, erkl\u00e4rte ihr Ministerium.\u00a0<\/p>\n<p data-manual=\"paragraph\" data-schema-org-speakable=\"true\" class=\"css-1eosz7k\">In der EU gelten strenge Regeln, wenn ein Staat heimische Unternehmen mit Finanzspritzen unterst\u00fctzen m\u00f6chte. Damit soll verhindert werden, dass beispielsweise ein finanzstarkes Land wie Deutschland seinen Firmen einen unverh\u00e4ltnism\u00e4\u00dfigen Vorteil verschafft und so etwa Konkurrenz aus dem Markt gedr\u00e4ngt wird.\u00a0Deswegen m\u00fcssen Vorhaben wie die nun genehmigten von der EU-Kommission gepr\u00fcft und freigegeben werden.<\/p>\n<p data-manual=\"paragraph\" data-schema-org-speakable=\"true\" class=\"css-1eosz7k\">\u00a9 dpa-infocom, dpa:260902-930-620873\/4<\/p>\n","protected":false},"excerpt":{"rendered":"Br\u00fcssel\/Berlin (dpa) &#8211; Deutschland darf ab 2031 den Bau neuer Gaskraftwerke mit einem Milliardenpaket f\u00f6rdern. Die EU-Kommission gab&hellip;\n","protected":false},"author":2,"featured_media":91986,"comment_status":"","ping_status":"","sticky":false,"template":"","format":"standard","meta":{"footnotes":""},"categories":[4],"tags":[82,333,583,21,6,22,28185,4370,385,1959,160],"class_list":["post-91985","post","type-post","status-publish","format-standard","has-post-thumbnail","category-eu","tag-deutschland","tag-energie","tag-erdgas","tag-eu","tag-europa","tag-europaeische-union","tag-gaskraftwerke","tag-strom","tag-sueddeutsche-zeitung","tag-wettbewerb","tag-wirtschaft"],"_links":{"self":[{"href":"https:\/\/www.europesays.com\/europa\/wp-json\/wp\/v2\/posts\/91985","targetHints":{"allow":["GET"]}}],"collection":[{"href":"https:\/\/www.europesays.com\/europa\/wp-json\/wp\/v2\/posts"}],"about":[{"href":"https:\/\/www.europesays.com\/europa\/wp-json\/wp\/v2\/types\/post"}],"author":[{"embeddable":true,"href":"https:\/\/www.europesays.com\/europa\/wp-json\/wp\/v2\/users\/2"}],"replies":[{"embeddable":true,"href":"https:\/\/www.europesays.com\/europa\/wp-json\/wp\/v2\/comments?post=91985"}],"version-history":[{"count":0,"href":"https:\/\/www.europesays.com\/europa\/wp-json\/wp\/v2\/posts\/91985\/revisions"}],"wp:featuredmedia":[{"embeddable":true,"href":"https:\/\/www.europesays.com\/europa\/wp-json\/wp\/v2\/media\/91986"}],"wp:attachment":[{"href":"https:\/\/www.europesays.com\/europa\/wp-json\/wp\/v2\/media?parent=91985"}],"wp:term":[{"taxonomy":"category","embeddable":true,"href":"https:\/\/www.europesays.com\/europa\/wp-json\/wp\/v2\/categories?post=91985"},{"taxonomy":"post_tag","embeddable":true,"href":"https:\/\/www.europesays.com\/europa\/wp-json\/wp\/v2\/tags?post=91985"}],"curies":[{"name":"wp","href":"https:\/\/api.w.org\/{rel}","templated":true}]}}