{"id":92421,"date":"2026-09-03T16:45:16","date_gmt":"2026-09-03T16:45:16","guid":{"rendered":"https:\/\/www.europesays.com\/europa\/92421\/"},"modified":"2026-09-03T16:45:16","modified_gmt":"2026-09-03T16:45:16","slug":"eu-staaten-neue-bearbeitungsgebuehr-fuer-billige-online-ware-6","status":"publish","type":"post","link":"https:\/\/www.europesays.com\/europa\/92421\/","title":{"rendered":"EU-Staaten: Neue Bearbeitungsgeb\u00fchr f\u00fcr billige Online-Ware"},"content":{"rendered":"<p class=\"\">\n                    Im Kampf gegen die massenhafte Einfuhr von Billigprodukten in die EU soll eine Bearbeitungsgeb\u00fchr f\u00fcr kleine Pakete f\u00e4llig werden. Ab 1. November soll die neue Abgabe f\u00fcr im Internet bestellte und in die EU eingef\u00fchrte Produkte gelten und von den nationalen Beh\u00f6rden erhoben werden, wie die EU-Mitgliedstaaten mitteilten. Darauf hatten sich Unterh\u00e4ndler des Europaparlaments und der EU-L\u00e4nder im M\u00e4rz verst\u00e4ndigt. Das Parlament muss nun noch formell zustimmen, damit dies in Kraft treten kann.\n            <\/p>\n<p class=\"\">\n                    Die EU-Kommission muss noch die H\u00f6he der Geb\u00fchr festlegen. F\u00fcr die Zahlung sind nach Angaben der EU-Staaten die Online-Handelsplattformen zust\u00e4ndig &#8211; nicht etwa die Endverbraucher in Europa.\n            <\/p>\n<p>            Milliarden Pakete kommen aus China an<\/p>\n<p class=\"\">\n                    Die neuen Regeln d\u00fcrften etwa Online-H\u00e4ndler wie Shein, Temu, AliExpress oder auch Amazon betreffen. Die Abgabe soll die steigenden Kosten durch die wachsende Zahl kleiner Sendungen aus dem Online-Handel decken, etwa die Sichtung und Kontrolle bei der Einfuhr.\n            <\/p>\n<p class=\"\">\n                    Im Jahr 2025 wickelten die europ\u00e4ischen Zoll\u00e4mter nach Angaben der EU-Staaten rund sechs Milliarden Pakete von Onlineh\u00e4ndlern ab. 90 Prozent davon seien aus China in die EU gelangt.\n            <\/p>\n<p>            Zoll seit Juli auch auf billige Ware<\/p>\n<p class=\"\">\n                    Seit Juli wird unabh\u00e4ngig davon auch auf g\u00fcnstige Waren aus dem Ausland Zoll f\u00e4llig. Pro Warengruppe in der Sendung werden pauschal drei Euro berechnet. Daf\u00fcr sind eigentlich die Verk\u00e4ufer oder Importeure verantwortlich. Manche H\u00e4ndler reichen die Zollpauschale aber an Verbraucher weiter, die nun mehr zahlen m\u00fcssen.\n            <\/p>\n<p class=\"\">\n                    Europaweite Daten, wie sich die Paketzahlen seitdem ver\u00e4ndert haben, liegen noch nicht vor. In Frankreich sank die Einfuhr kleiner Pakete seit Juli um bis zu 40 Prozent, wie das franz\u00f6sische Wirtschaftsministerium Ende August mitteilte.\n            <\/p>\n<p class=\"\">\n                    Die neue Bearbeitungsgeb\u00fchr, die nun von den EU-Staaten best\u00e4tigt wurde, ist Teil einer gr\u00f6\u00dferen Zollreform. Weitere Ma\u00dfnahmen sollen daf\u00fcr sorgen, den globalen Handel zu erleichtern, Z\u00f6lle effizienter zu erheben und die Kontrollen von nicht konformen, gef\u00e4hrlichen oder unsicheren Waren zu versch\u00e4rfen, wie die EU-L\u00e4nder mitteilten. Unter anderem entsteht eine neue EU-Zollbeh\u00f6rde, die 2027 in Lille ihre Arbeit aufnehmen soll.\n            <\/p>\n","protected":false},"excerpt":{"rendered":"Im Kampf gegen die massenhafte Einfuhr von Billigprodukten in die EU soll eine Bearbeitungsgeb\u00fchr f\u00fcr kleine Pakete f\u00e4llig&hellip;\n","protected":false},"author":2,"featured_media":92422,"comment_status":"","ping_status":"","sticky":false,"template":"","format":"standard","meta":{"footnotes":""},"categories":[4],"tags":[501,502,29904,21,22,9606,480,404,1495,387],"class_list":["post-92421","post","type-post","status-publish","format-standard","has-post-thumbnail","category-eu","tag-aliexpress","tag-amazon","tag-billigwaren","tag-eu","tag-europaeische-union","tag-import","tag-shein","tag-temu","tag-verbraucherschutz","tag-zoelle"],"_links":{"self":[{"href":"https:\/\/www.europesays.com\/europa\/wp-json\/wp\/v2\/posts\/92421","targetHints":{"allow":["GET"]}}],"collection":[{"href":"https:\/\/www.europesays.com\/europa\/wp-json\/wp\/v2\/posts"}],"about":[{"href":"https:\/\/www.europesays.com\/europa\/wp-json\/wp\/v2\/types\/post"}],"author":[{"embeddable":true,"href":"https:\/\/www.europesays.com\/europa\/wp-json\/wp\/v2\/users\/2"}],"replies":[{"embeddable":true,"href":"https:\/\/www.europesays.com\/europa\/wp-json\/wp\/v2\/comments?post=92421"}],"version-history":[{"count":0,"href":"https:\/\/www.europesays.com\/europa\/wp-json\/wp\/v2\/posts\/92421\/revisions"}],"wp:featuredmedia":[{"embeddable":true,"href":"https:\/\/www.europesays.com\/europa\/wp-json\/wp\/v2\/media\/92422"}],"wp:attachment":[{"href":"https:\/\/www.europesays.com\/europa\/wp-json\/wp\/v2\/media?parent=92421"}],"wp:term":[{"taxonomy":"category","embeddable":true,"href":"https:\/\/www.europesays.com\/europa\/wp-json\/wp\/v2\/categories?post=92421"},{"taxonomy":"post_tag","embeddable":true,"href":"https:\/\/www.europesays.com\/europa\/wp-json\/wp\/v2\/tags?post=92421"}],"curies":[{"name":"wp","href":"https:\/\/api.w.org\/{rel}","templated":true}]}}