{"id":92608,"date":"2026-09-04T03:04:10","date_gmt":"2026-09-04T03:04:10","guid":{"rendered":"https:\/\/www.europesays.com\/europa\/92608\/"},"modified":"2026-09-04T03:04:10","modified_gmt":"2026-09-04T03:04:10","slug":"jugendschutz-attentaeter-fanszene-auf-tiktok-eu-kommission-eingebunden-gesellschaft","status":"publish","type":"post","link":"https:\/\/www.europesays.com\/europa\/92608\/","title":{"rendered":"Jugendschutz &#8211; \u201eAttent\u00e4ter-Fanszene\u201c auf TikTok &#8211; EU-Kommission eingebunden &#8211; Gesellschaft"},"content":{"rendered":"<p data-manual=\"paragraph\" data-schema-org-speakable=\"true\" class=\"css-1eosz7k\">Stuttgart (dpa) &#8211; Manche Inhalte zu Amokl\u00e4ufen oder Attentaten auf TikTok versto\u00dfen wom\u00f6glich gegen Jugendschutzrecht &#8211; die baden-w\u00fcrttembergische Medienaufsicht hat daher die EU-Kommission eingeschaltet. Konkret geht es um die sogenannte Attent\u00e4ter-Fanszene, die Amokl\u00e4ufer und Attent\u00e4ter in sozialen Netzwerken feiert, ihre Taten verherrlicht, verharmlost oder billigt.<\/p>\n<p data-manual=\"paragraph\" data-schema-org-speakable=\"true\" class=\"css-1eosz7k\">In einer Schwerpunktanalyse kommt die Landesanstalt f\u00fcr Kommunikation <a href=\"https:\/\/www.sueddeutsche.de\/thema\/Baden-W%C3%BCrttemberg\" rel=\"nofollow noopener\" target=\"_blank\">Baden-W\u00fcrttemberg<\/a> (LFK) in Stuttgart zu dem Schluss, dass Minderj\u00e4hrige auf TikTok leicht solche Angebote angezeigt bekommen k\u00f6nnen. Die Plattform \u00e4u\u00dferte sich auf Anfrage der Deutschen Presse-Agentur zun\u00e4chst nicht dazu.<\/p>\n<p>Medienanstalt hofft auf schnelle Reaktion\u00a0<\/p>\n<p data-manual=\"paragraph\" data-schema-org-speakable=\"true\" class=\"css-1eosz7k\">Ihre Erkenntnisse hat die LFK den Beh\u00f6rden auf europ\u00e4ischer Ebene \u00fcbergeben, damit die EU-Kommission m\u00f6gliche Verst\u00f6\u00dfe pr\u00fcfen und in Verfahren gegen TikTok einbinden kann. \u201eDie LFK geht nun davon aus, dass die EU-Kommission die Risikominimierungsma\u00dfnahmen von TikTok m\u00f6glichst schnell einer umfassenden Wirksamkeitspr\u00fcfung unterziehen und anschlie\u00dfend mit der gebotenen Eile gegen etwaige Verst\u00f6\u00dfe vorgehen wird\u201c, hie\u00df es.\u00a0<\/p>\n<p data-manual=\"paragraph\" data-schema-org-speakable=\"true\" class=\"css-1eosz7k\">Unabh\u00e4ngig davon, ob die Plattform gegen geltendes EU-Recht verst\u00f6\u00dft, stehe f\u00fcr die Fachleute fest, \u201edass TikTok seine Bem\u00fchungen, die Attent\u00e4ter-Fanszene einzud\u00e4mmen, deutlich intensivieren muss\u201c, teilte die LFK mit.<\/p>\n<p data-manual=\"paragraph\" data-schema-org-speakable=\"true\" class=\"css-1eosz7k\">\u00a9 dpa-infocom, dpa:260904-930-630609\/1<\/p>\n","protected":false},"excerpt":{"rendered":"Stuttgart (dpa) &#8211; Manche Inhalte zu Amokl\u00e4ufen oder Attentaten auf TikTok versto\u00dfen wom\u00f6glich gegen Jugendschutzrecht &#8211; die baden-w\u00fcrttembergische&hellip;\n","protected":false},"author":2,"featured_media":92609,"comment_status":"","ping_status":"","sticky":false,"template":"","format":"standard","meta":{"footnotes":""},"categories":[4],"tags":[653,82,1330,21,22,356,838,79,29965,11490,385],"class_list":["post-92608","post","type-post","status-publish","format-standard","has-post-thumbnail","category-eu","tag-baden-wuerttemberg","tag-deutschland","tag-digital","tag-eu","tag-europaeische-union","tag-gesellschaft","tag-internet","tag-kriminalitaet","tag-landesanstalt-fuer-kommunikation","tag-leben-und-gesellschaft","tag-sueddeutsche-zeitung"],"_links":{"self":[{"href":"https:\/\/www.europesays.com\/europa\/wp-json\/wp\/v2\/posts\/92608","targetHints":{"allow":["GET"]}}],"collection":[{"href":"https:\/\/www.europesays.com\/europa\/wp-json\/wp\/v2\/posts"}],"about":[{"href":"https:\/\/www.europesays.com\/europa\/wp-json\/wp\/v2\/types\/post"}],"author":[{"embeddable":true,"href":"https:\/\/www.europesays.com\/europa\/wp-json\/wp\/v2\/users\/2"}],"replies":[{"embeddable":true,"href":"https:\/\/www.europesays.com\/europa\/wp-json\/wp\/v2\/comments?post=92608"}],"version-history":[{"count":0,"href":"https:\/\/www.europesays.com\/europa\/wp-json\/wp\/v2\/posts\/92608\/revisions"}],"wp:featuredmedia":[{"embeddable":true,"href":"https:\/\/www.europesays.com\/europa\/wp-json\/wp\/v2\/media\/92609"}],"wp:attachment":[{"href":"https:\/\/www.europesays.com\/europa\/wp-json\/wp\/v2\/media?parent=92608"}],"wp:term":[{"taxonomy":"category","embeddable":true,"href":"https:\/\/www.europesays.com\/europa\/wp-json\/wp\/v2\/categories?post=92608"},{"taxonomy":"post_tag","embeddable":true,"href":"https:\/\/www.europesays.com\/europa\/wp-json\/wp\/v2\/tags?post=92608"}],"curies":[{"name":"wp","href":"https:\/\/api.w.org\/{rel}","templated":true}]}}