{"id":92749,"date":"2026-09-04T08:27:09","date_gmt":"2026-09-04T08:27:09","guid":{"rendered":"https:\/\/www.europesays.com\/europa\/92749\/"},"modified":"2026-09-04T08:27:09","modified_gmt":"2026-09-04T08:27:09","slug":"save-the-children-save-the-children-verurteilt-abschiebezentren-ausserhalb-der-eu","status":"publish","type":"post","link":"https:\/\/www.europesays.com\/europa\/92749\/","title":{"rendered":"Save the Children: Save the Children verurteilt Abschiebezentren au\u00dferhalb der EU"},"content":{"rendered":"<p class=\"paragraph article__item\">Die Kinderschutzorganisation Save the Children fordert den Stopp geplanter Abschiebezentren au\u00dferhalb der <a class=\"rtr-entity\" href=\"https:\/\/www.zeit.de\/thema\/europaeische-union\" rel=\"nofollow noopener\" target=\"_blank\">EU<\/a>. \u00bbDie geplanten R\u00fcckf\u00fchrungszentren in Drittstaaten sind Orte der<br \/>\nUnsicherheit und bergen die Gefahr massiver Kinderrechtsverletzungen\u00ab, teilte der Gesch\u00e4ftsf\u00fchrer der Organisation in Deutschland, Florian Westphal, mit.  In solchen Zentren in L\u00e4ndern, die selbst keine ausreichende<br \/>\nGrundversorgung h\u00e4tten, drohten menschenunw\u00fcrdige Zust\u00e4nde durch<br \/>\nmangelnde Gesundheitsversorgung, geringen Kinderschutz und unzureichende<br \/>\n Bildung.\n<\/p>\n<p class=\"paragraph article__item\">Deutschland f\u00fchrt gemeinsam mit D\u00e4nemark, den Niederlanden, \u00d6sterreich und Griechenland derzeit Gespr\u00e4che mit L\u00e4ndern insbesondere in Afrika, um dort sogenannte Return Hubs einzurichten. Die beteiligten Staaten nennen sich selbst \u00bbdie Umsetzer\u00ab. Bei einer Pressekonferenz in Kopenhagen wollen Bundesinnenminister Alexander Dobrindt (CSU) und seine Amtskollegen der beteiligten EU-L\u00e4nder am fr\u00fchen Nachmittag \u00fcber die Pl\u00e4ne berichten. Bei dem Treffen soll \u00bbdie letzte Vorbereitungsphase\u00ab eingeleitet werden. Auch EU-Innenkommissar Magnus Brunner wird daran teilnehmen.<\/p>\n<p class=\"paragraph article__item\">Die Abschiebezentren sind durch die EU-R\u00fcckf\u00fchrungsverordnung vorgesehen. Save the Children<br \/>\nverwies darauf, dass in der Verordnung nur unbegleitete Minderj\u00e4hrige von der<br \/>\n\u00dcberstellung in solche Zentren ausgenommen werden. Damit w\u00e4re erlaubt, dass andere<br \/>\n Kinder mit ihren Familien dorthin gebracht w\u00fcrden.\n<\/p>\n<p>            Gespr\u00e4che mit Regierungsvertretern Ruandas            <\/p>\n<p class=\"paragraph article__item\">Vertreter der beteiligten EU-Staaten hatten j\u00fcngst Ruanda besucht, um dort <a href=\"https:\/\/www.zeit.de\/politik\/ausland\/2026-08\/abschiebezentren-ruanda-eu-deutschland-asyl-return-hubs\" target=\"_blank\" rel=\"nofollow noopener\">mit Regierungsvertretern \u00fcber die Einrichtung von Abschiebezentren zu sprechen<\/a>. Im Gespr\u00e4ch ist unter anderem das Transitzentrum in Gashora, etwa 60<br \/>\nKilometer von der ruandischen Hauptstadt Kigali entfernt. Dort wurden<br \/>\nseit 2019 in Libyen gestrandete Migranten aufgenommen, w\u00e4hrend ihre<br \/>\nAsylantr\u00e4ge bearbeitet wurden.\n<\/p>\n<p class=\"paragraph article__item\">Ruanda hatte 2022 mit der damaligen britischen Regierung des<br \/>\nkonservativen Premiers Boris Johnson <a href=\"https:\/\/www.zeit.de\/politik\/ausland\/2024-04\/britisches-parlament-verabschiedet-umstrittenes-ruanda-gesetz\" target=\"_blank\" rel=\"nofollow noopener\">ein Abkommen dar\u00fcber geschlossen<\/a>,<br \/>\nMigranten ohne Papiere aufzunehmen, die \u00fcber den \u00c4rmelkanal nach<br \/>\nGro\u00dfbritannien gekommen waren. Die Labour-Regierung von Keir Starmer hob die Vereinbarung, die vom <a href=\"https:\/\/www.zeit.de\/politik\/ausland\/2023-11\/abschiebung-ruanda-grossbritannien-urteil-london\" target=\"_blank\" rel=\"nofollow noopener\">britischen Obersten<br \/>\nGerichtshof als illegal eingeordnet<\/a> worden war, 2024 wieder auf.\n<\/p>\n<p>Mehr zum Thema<\/p>\n<p>            Asylpolitik        <\/p>\n<p>                <a href=\"https:\/\/www.zeit.de\/politik\/ausland\/2026-08\/eu-migrationspolitik-asyl-ceuta-5vor8\" data-ct-label=\"EU-Migrationspolitik: Die Festung Europa gibt es l\u00e4ngst\" data-uuid=\"65ec373e-a879-4b2f-91d5-3861d3e35beb\" rel=\"nofollow noopener\" target=\"_blank\"><\/p>\n<p>                        EU-Migrationspolitik:<br \/>\n                        Die Festung Europa gibt es l\u00e4ngst<\/p>\n<p>                <\/a><\/p>\n<p>                <a href=\"https:\/\/www.zeit.de\/politik\/ausland\/2026-08\/europaeische-aussengrenzen-ceuta-migration-asylpolitik-geas\" data-ct-label=\"Europ\u00e4ische Au\u00dfengrenzen: Wer bricht hier die Regeln?\" data-uuid=\"a8bb5745-40e8-4ec7-a938-66e4a42e7ade\" rel=\"nofollow noopener\" target=\"_blank\"><\/p>\n<p>        Z+ (abopflichtiger Inhalt);<\/p>\n<p>    Europ\u00e4ische Au\u00dfengrenzen:<br \/>\n                        Wer bricht hier die Regeln?<\/p>\n<p>                <\/a><\/p>\n<p>                <a href=\"https:\/\/www.zeit.de\/2026\/32\/genfer-fluechtlingskonvention-1951-non-refoulement-asyl-jacob-robinson\" data-ct-label=\"Genfer Fl\u00fcchtlingskonvention: Geflohen aus gut begr\u00fcndeter Furcht\" data-uuid=\"9325568f-fe0c-4cc9-97a8-bc0a2088473a\" rel=\"nofollow noopener\" target=\"_blank\"><\/p>\n<p>        Z+ (abopflichtiger Inhalt);<\/p>\n<p>    Genfer Fl\u00fcchtlingskonvention:<br \/>\n                        Geflohen aus gut begr\u00fcndeter Furcht<\/p>\n<p>                <\/a><\/p>\n","protected":false},"excerpt":{"rendered":"Die Kinderschutzorganisation Save the Children fordert den Stopp geplanter Abschiebezentren au\u00dferhalb der EU. \u00bbDie geplanten R\u00fcckf\u00fchrungszentren in Drittstaaten&hellip;\n","protected":false},"author":2,"featured_media":92750,"comment_status":"","ping_status":"","sticky":false,"template":"","format":"standard","meta":{"footnotes":""},"categories":[4],"tags":[8079,21,22,421,34,12103,29985],"class_list":["post-92749","post","type-post","status-publish","format-standard","has-post-thumbnail","category-eu","tag-asyl","tag-eu","tag-europaeische-union","tag-migration","tag-politik","tag-ruanda","tag-save-the-children"],"_links":{"self":[{"href":"https:\/\/www.europesays.com\/europa\/wp-json\/wp\/v2\/posts\/92749","targetHints":{"allow":["GET"]}}],"collection":[{"href":"https:\/\/www.europesays.com\/europa\/wp-json\/wp\/v2\/posts"}],"about":[{"href":"https:\/\/www.europesays.com\/europa\/wp-json\/wp\/v2\/types\/post"}],"author":[{"embeddable":true,"href":"https:\/\/www.europesays.com\/europa\/wp-json\/wp\/v2\/users\/2"}],"replies":[{"embeddable":true,"href":"https:\/\/www.europesays.com\/europa\/wp-json\/wp\/v2\/comments?post=92749"}],"version-history":[{"count":0,"href":"https:\/\/www.europesays.com\/europa\/wp-json\/wp\/v2\/posts\/92749\/revisions"}],"wp:featuredmedia":[{"embeddable":true,"href":"https:\/\/www.europesays.com\/europa\/wp-json\/wp\/v2\/media\/92750"}],"wp:attachment":[{"href":"https:\/\/www.europesays.com\/europa\/wp-json\/wp\/v2\/media?parent=92749"}],"wp:term":[{"taxonomy":"category","embeddable":true,"href":"https:\/\/www.europesays.com\/europa\/wp-json\/wp\/v2\/categories?post=92749"},{"taxonomy":"post_tag","embeddable":true,"href":"https:\/\/www.europesays.com\/europa\/wp-json\/wp\/v2\/tags?post=92749"}],"curies":[{"name":"wp","href":"https:\/\/api.w.org\/{rel}","templated":true}]}}