{"id":92913,"date":"2026-09-04T13:34:12","date_gmt":"2026-09-04T13:34:12","guid":{"rendered":"https:\/\/www.europesays.com\/europa\/92913\/"},"modified":"2026-09-04T13:34:12","modified_gmt":"2026-09-04T13:34:12","slug":"daenemark-will-abgelehnte-asylbewerber-in-drittstaat-abschieben","status":"publish","type":"post","link":"https:\/\/www.europesays.com\/europa\/92913\/","title":{"rendered":"D\u00e4nemark will abgelehnte Asylbewerber in Drittstaat abschieben"},"content":{"rendered":"<p class=\"text-black text-[17px] leading-7 font-normal font-merriweather\">\n              D\u00e4nemark will bis Ende 2027 bereit sein, erstmals Ausl\u00e4nder ohne legalen Aufenthaltsstatus in ein R\u00fcckf\u00fchrungszentrum au\u00dferhalb der Europ\u00e4ischen Union zu bringen. Das teilte der d\u00e4nische Ausl\u00e4nder- und Integrationsminister Morten B\u00f6dskov am Freitag vor einem Treffen mit Amtskollegen aus Deutschland, <a href=\"https:\/\/www.berliner-zeitung.de\/category\/oesterreich\" rel=\"nofollow noopener\" target=\"_blank\">\u00d6sterreich<\/a>, den Niederlanden und Griechenland in Kopenhagen mit.\n            <\/p>\n<p class=\"text-black text-[17px] leading-7 font-normal font-merriweather\">\n              \u201eVon d\u00e4nischer Seite gehen wir davon aus, dass wir bis Ende n\u00e4chsten Jahres bereit sein werden, die ersten Ausl\u00e4nder in ein Partnerland zu schicken\u201c, erkl\u00e4rte B\u00f6dskov <a href=\"https:\/\/uim.dk\/nyhedsarkiv\/2026\/september\/danmark-forventes-at-vaere-klar-til-at-sende-udlaendinge-uden-lovligt-ophold-til-udrejsecenter-i-2027\/\" target=\"_blank\" rel=\"nofollow noopener\">nach Angaben seines Ministeriums<\/a>. Dies sei ein Etappenziel auf dem Weg zu einem wirksameren Asyl- und Migrationssystem. Man akzeptiere nicht, dass Menschen ohne Aufenthaltstitel davon profitierten, wenn <a href=\"https:\/\/www.berliner-zeitung.de\/article\/zahl-der-abschiebungen-aus-berlin-im-ersten-halbjahr-deutlich-gesunken-10299824\" rel=\"nofollow noopener\" target=\"_blank\">R\u00fcckf\u00fchrungen in ihr Herkunftsland<\/a> schwierig seien.\n            <\/p>\n<p>            F\u00fcnf Staaten wollen Partnerland festlegen<\/p>\n<p class=\"text-black text-[17px] leading-7 font-normal font-merriweather\">\n              Bei dem Treffen der sogenannten F\u00fcnf-L\u00e4nder-Gruppe in Kopenhagen sollten die konkreten Schritte hin zu einer ersten Partnerschaftsvereinbarung mit einem Staat au\u00dferhalb der <a href=\"https:\/\/www.berliner-zeitung.de\/category\/eu\" rel=\"nofollow noopener\" target=\"_blank\">EU<\/a> festgelegt werden, teilte das d\u00e4nische Ministerium mit. <\/p>\n<p>Welches Land ein solches Zentrum beherbergen k\u00f6nnte, ist bislang offen. Nach Angaben der ruandischen Regierung hatten Vertreter der beteiligten Staaten vergangene Woche in Ruanda \u00fcber die Einrichtung solcher Zentren gesprochen. Daneben wird auch Uganda als m\u00f6gliches Aufnahmeland genannt.\n            <\/p>\n<p class=\"text-black text-[17px] leading-7 font-normal font-merriweather\">\n              An dem Treffen in Kopenhagen<a href=\"https:\/\/www.berliner-zeitung.de\/article\/dobrindt-kuendigt-schaerfere-abschiebepolitik-an-pro-asyl-uebt-kritik-10034489\" rel=\"nofollow noopener\" target=\"_blank\"> nimmt auch Bundesinnenminister Alexander Dobrindt (CSU) teil<\/a>. Nach d\u00e4nischen Angaben ist zudem EU-Innenkommissar Magnus Brunner dabei. Als tragendes Prinzip einer Vereinbarung mit einem Partnerland gelte ein gegenseitiger Nutzen f\u00fcr die EU-Staaten und den aufnehmenden Staat, teilte das Ministerium mit. Gemeint sind unter anderem finanzielle Leistungen an den Partnerstaat. <\/p>\n<p>Das <a href=\"https:\/\/www.berliner-zeitung.de\/category\/europaeisches-parlament\" rel=\"nofollow noopener\" target=\"_blank\">Europ\u00e4ische Parlament<\/a> billigte die R\u00fcckf\u00fchrungsverordnung im Juni <a href=\"https:\/\/www.europarl.europa.eu\/news\/de\/press-room\/20260611IPR45214\/neues-eu-system-zur-ruckfuhrung-von-drittstaatsangehorigen\" target=\"_blank\" rel=\"nofollow noopener\">in erster Lesung<\/a>. Die formelle Annahme durch den Rat steht noch aus.\n            <\/p>\n<p>            Kinderschutzorganisation fordert Stopp<\/p>\n<p class=\"text-black text-[17px] leading-7 font-normal font-merriweather\">\n              Save the Children forderte die <a href=\"https:\/\/www.berliner-zeitung.de\/category\/bundesregierung\" rel=\"nofollow noopener\" target=\"_blank\">Bundesregierung<\/a> auf, die Pl\u00e4ne zu stoppen. \u201eDie geplanten R\u00fcckf\u00fchrungszentren in Drittstaaten sind Orte der Unsicherheit und bergen die Gefahr massiver Kinderrechtsverletzungen\u201c, erkl\u00e4rte Gesch\u00e4ftsf\u00fchrer Florian Westphal am Freitag.\n            <\/p>\n<p class=\"text-black text-[17px] leading-7 font-normal font-merriweather\">\n              In L\u00e4ndern ohne ausreichende Grundversorgung drohten menschenunw\u00fcrdige Zust\u00e4nde durch mangelnde Gesundheitsversorgung, geringen Kinderschutz und unzureichende Bildung. Die EU-R\u00fcckf\u00fchrungsverordnung nehme ausschlie\u00dflich unbegleitete Minderj\u00e4hrige von einer \u00dcberstellung aus. Damit d\u00fcrften andere Kinder mit ihren Familien in solche Zentren gebracht werden.\n            <\/p>\n<p class=\"text-black text-[17px] leading-7 font-normal font-merriweather\">\n              Gro\u00dfbritannien hatte 2022 unter konservativer Regierung ein Abkommen mit Ruanda \u00fcber die Aufnahme von Migranten geschlossen. Die seit 2024 regierende Labour-Partei strich die Vereinbarung, nachdem der britische Oberste Gerichtshof das Vorhaben wegen des Risikos <a href=\"https:\/\/www.supremecourt.uk\/cases\/uksc-2023-0093\" target=\"_blank\" rel=\"nofollow noopener\">f\u00fcr rechtswidrig erkl\u00e4rt <\/a>hatte, dass nach Ruanda gebrachte Migranten von dort in Staaten weiter abgeschoben w\u00fcrden, in denen ihnen Verfolgung oder Misshandlung droht.<\/p>\n<p>                    <img decoding=\"async\" src=\"https:\/\/www.berliner-zeitung.de\/images\/blz\/send-mail.svg\" alt=\"Send feedback\"\/><\/p>\n<p>Lesen Sie mehr zum Thema<\/p>\n","protected":false},"excerpt":{"rendered":"D\u00e4nemark will bis Ende 2027 bereit sein, erstmals Ausl\u00e4nder ohne legalen Aufenthaltsstatus in ein R\u00fcckf\u00fchrungszentrum au\u00dferhalb der Europ\u00e4ischen&hellip;\n","protected":false},"author":2,"featured_media":92914,"comment_status":"","ping_status":"","sticky":false,"template":"","format":"standard","meta":{"footnotes":""},"categories":[4],"tags":[30027,304,21,22,13353,421,27846,12103],"class_list":["post-92913","post","type-post","status-publish","format-standard","has-post-thumbnail","category-eu","tag-aufenthaltstitel","tag-daenemark","tag-eu","tag-europaeische-union","tag-kopenhagen","tag-migration","tag-morten-bodskov","tag-ruanda"],"_links":{"self":[{"href":"https:\/\/www.europesays.com\/europa\/wp-json\/wp\/v2\/posts\/92913","targetHints":{"allow":["GET"]}}],"collection":[{"href":"https:\/\/www.europesays.com\/europa\/wp-json\/wp\/v2\/posts"}],"about":[{"href":"https:\/\/www.europesays.com\/europa\/wp-json\/wp\/v2\/types\/post"}],"author":[{"embeddable":true,"href":"https:\/\/www.europesays.com\/europa\/wp-json\/wp\/v2\/users\/2"}],"replies":[{"embeddable":true,"href":"https:\/\/www.europesays.com\/europa\/wp-json\/wp\/v2\/comments?post=92913"}],"version-history":[{"count":0,"href":"https:\/\/www.europesays.com\/europa\/wp-json\/wp\/v2\/posts\/92913\/revisions"}],"wp:featuredmedia":[{"embeddable":true,"href":"https:\/\/www.europesays.com\/europa\/wp-json\/wp\/v2\/media\/92914"}],"wp:attachment":[{"href":"https:\/\/www.europesays.com\/europa\/wp-json\/wp\/v2\/media?parent=92913"}],"wp:term":[{"taxonomy":"category","embeddable":true,"href":"https:\/\/www.europesays.com\/europa\/wp-json\/wp\/v2\/categories?post=92913"},{"taxonomy":"post_tag","embeddable":true,"href":"https:\/\/www.europesays.com\/europa\/wp-json\/wp\/v2\/tags?post=92913"}],"curies":[{"name":"wp","href":"https:\/\/api.w.org\/{rel}","templated":true}]}}