{"id":93097,"date":"2026-09-04T19:45:09","date_gmt":"2026-09-04T19:45:09","guid":{"rendered":"https:\/\/www.europesays.com\/europa\/93097\/"},"modified":"2026-09-04T19:45:09","modified_gmt":"2026-09-04T19:45:09","slug":"nach-ehren-fuer-kriegsverbrecher-eu-kommissarin-sagt-serbien-reise-wegen-verherrlichung-mladics-ab","status":"publish","type":"post","link":"https:\/\/www.europesays.com\/europa\/93097\/","title":{"rendered":"Nach Ehren f\u00fcr Kriegsverbrecher: EU-Kommissarin sagt Serbien-Reise wegen &#8222;Verherrlichung&#8220; Mladics ab"},"content":{"rendered":"<p>Nach Ehren f\u00fcr KriegsverbrecherEU-Kommissarin sagt Serbien-Reise wegen &#8222;Verherrlichung&#8220; Mladics ab<\/p>\n<p>04.09.2026, 21:28 Uhr <\/p>\n<p>Artikel anh\u00f6ren(02:39 min)<\/p>\n<p><img decoding=\"async\" class=\"Image_img__fQCi0 Image_Img_16_9__4BLfH widget-picture-inline_maximizable__t_E7h\" loading=\"eager\" fetchpriority=\"high\" src=\"https:\/\/www.europesays.com\/europa\/wp-content\/uploads\/2026\/09\/416476660.webp\" alt=\"416476660\"\/>Mladic sei wegen V\u00f6lkermords, Verbrechen gegen die Menschlichkeit und Kriegsverbrechen w\u00e4hrend des Bosnien-Kriegs verurteilt worden, betonte Kos. (Foto: picture alliance \/ ASSOCIATED PRESS)<\/p>\n<p class=\"Typography_text-m__XI0da Typography_weight-bold__uT6mq storyline_lead_text_leadtext__q_wg8\">Mit milit\u00e4rischen Ehren wird der Leichnam des bosnisch-serbischen Kriegsverbrechers Mladic in Belgrad empfangen. Das geht der EU-Erweiterungskommissarin Kos zu weit. Sie \u00e4ndert kurzfristig ihre Reisepl\u00e4ne und mahnt das Land mit Blick auf den angestrebten EU-Beitritt.<\/p>\n<p class=\"Typography_text-default__P3otY Typography_weight-normal__pqUbH storyline_paragraph_p__qSR5N\">Die Ehrung des vor wenigen Tagen gestorbenen bosnisch-serbischen Kriegsverbrechers in Serbien hat zu Spannungen zwischen Serbien und der EU gef\u00fchrt. Wegen der &#8222;Verherrlichung&#8220; Ratko Mladi\u0107s in Serbien sagte EU-Erweiterungskommissarin Marta Kos einen f\u00fcr die kommende Woche geplanten Besuch in Serbien ab.<\/p>\n<p class=\"Typography_text-default__P3otY Typography_weight-normal__pqUbH storyline_paragraph_p__qSR5N\">Der Leichnam des 84-J\u00e4hrigen war am Donnerstag mit einem serbischen Regierungsflugzeug aus den Niederlanden nach Belgrad gebracht und dort mit milit\u00e4rischen Ehren empfangen worden. Auf dem Weg vom Flughafen versammelten sich Menschen auf Autobahnbr\u00fccken, hielten Transparente zu Ehren Mladi\u0107s hoch und z\u00fcndeten Leuchtfackeln, uniformierte Polizisten salutierten am Stra\u00dfenrand.<\/p>\n<p class=\"Typography_text-default__P3otY Typography_weight-normal__pqUbH storyline_paragraph_p__qSR5N\">Mladi\u0107 sei wegen V\u00f6lkermords, Verbrechen gegen die Menschlichkeit und Kriegsverbrechen w\u00e4hrend des Bosnien-Kriegs verurteilt worden, betonte Kos. Die &#8222;Verherrlichung&#8220; des fr\u00fcheren bosnisch-serbischen Milit\u00e4rchefs sei &#8222;unvereinbar&#8220; mit den Werten, auf denen Serbiens Weg in die EU beruhe, erkl\u00e4rte sie im Onlinedienst X. Dazu geh\u00f6rten eine Auseinandersetzung mit der Vergangenheit, ehrliche Vers\u00f6hnung und Respekt vor den Opfern.<\/p>\n<p class=\"Typography_text-default__P3otY Typography_weight-normal__pqUbH storyline_paragraph_p__qSR5N\">Serbiens Pr\u00e4sident Aleksandar Vu\u010di\u0107 wies die Kritik zur\u00fcck. Die Vorw\u00fcrfe von Kos seien &#8222;dumm&#8220;, sagte er. &#8222;Sollten wir die Beerdigung verbieten? Den Menschen verbieten, daran teilzunehmen?&#8220; Der Staatschef hatte zuvor erkl\u00e4rt, er rechne mit zehntausenden Besuchern bei Mladi\u0107s Beisetzung. Mladi\u0107 soll am kommenden Montag in Belgrad beigesetzt werden, wie sein Sohn Darko am Freitag mitteilte.<\/p>\n<p class=\"Typography_text-default__P3otY Typography_weight-normal__pqUbH storyline_paragraph_p__qSR5N\">Wegen V\u00f6lkermords, Kriegsverbrechen und Verbrechen gegen die Menschlichkeit w\u00e4hrend des Bosnienkriegs war Mladi\u0107 2017 vom UN-Kriegsverbrechertribunal in Den Haag zu lebenslanger Haft verurteilt worden. W\u00e4hrend des Krieges zwischen 1992 und 1995 wurden rund 100.000 Menschen get\u00f6tet, etwa 2,2 Millionen Menschen mussten fliehen.<\/p>\n<p class=\"Typography_text-s__wu_cm Typography_weight-normal__pqUbH Typography_color-darkgrey__sZEnP article-detail-footer_source__KslPc\">Quelle: ntv.de, nbr\/AFP<\/p>\n","protected":false},"excerpt":{"rendered":"Nach Ehren f\u00fcr KriegsverbrecherEU-Kommissarin sagt Serbien-Reise wegen &#8222;Verherrlichung&#8220; Mladics ab 04.09.2026, 21:28 Uhr Artikel anh\u00f6ren(02:39 min) Mladic sei&hellip;\n","protected":false},"author":2,"featured_media":93098,"comment_status":"","ping_status":"","sticky":false,"template":"","format":"standard","meta":{"footnotes":""},"categories":[4],"tags":[1925,21,22,1900,34,29563,4518,30068],"class_list":["post-93097","post","type-post","status-publish","format-standard","has-post-thumbnail","category-eu","tag-bosnien-herzegowina","tag-eu","tag-europaeische-union","tag-kriegsverbrecher","tag-politik","tag-ratko-mladic","tag-serbien","tag-voelkermord"],"_links":{"self":[{"href":"https:\/\/www.europesays.com\/europa\/wp-json\/wp\/v2\/posts\/93097","targetHints":{"allow":["GET"]}}],"collection":[{"href":"https:\/\/www.europesays.com\/europa\/wp-json\/wp\/v2\/posts"}],"about":[{"href":"https:\/\/www.europesays.com\/europa\/wp-json\/wp\/v2\/types\/post"}],"author":[{"embeddable":true,"href":"https:\/\/www.europesays.com\/europa\/wp-json\/wp\/v2\/users\/2"}],"replies":[{"embeddable":true,"href":"https:\/\/www.europesays.com\/europa\/wp-json\/wp\/v2\/comments?post=93097"}],"version-history":[{"count":0,"href":"https:\/\/www.europesays.com\/europa\/wp-json\/wp\/v2\/posts\/93097\/revisions"}],"wp:featuredmedia":[{"embeddable":true,"href":"https:\/\/www.europesays.com\/europa\/wp-json\/wp\/v2\/media\/93098"}],"wp:attachment":[{"href":"https:\/\/www.europesays.com\/europa\/wp-json\/wp\/v2\/media?parent=93097"}],"wp:term":[{"taxonomy":"category","embeddable":true,"href":"https:\/\/www.europesays.com\/europa\/wp-json\/wp\/v2\/categories?post=93097"},{"taxonomy":"post_tag","embeddable":true,"href":"https:\/\/www.europesays.com\/europa\/wp-json\/wp\/v2\/tags?post=93097"}],"curies":[{"name":"wp","href":"https:\/\/api.w.org\/{rel}","templated":true}]}}