{"id":100000,"date":"2025-11-25T22:23:10","date_gmt":"2025-11-25T22:23:10","guid":{"rendered":"https:\/\/www.europesays.com\/fi\/100000\/"},"modified":"2025-11-25T22:23:10","modified_gmt":"2025-11-25T22:23:10","slug":"helena-koivu-lahettaa-vahvan-viestin-yrita-ymmartaa","status":"publish","type":"post","link":"https:\/\/www.europesays.com\/fi\/100000\/","title":{"rendered":"Helena Koivu l\u00e4hett\u00e4\u00e4 vahvan viestin: &#8221;Yrit\u00e4 ymm\u00e4rt\u00e4\u00e4&#8221;"},"content":{"rendered":"<p>            Timo Korhonen, AOP\n        <\/p>\n<p class=\"subtitle \">Helena Koivun johtoajatus lienee se, ettei paha parane pahalla.<\/p>\n<p class=\"article-content article-content-width !bg-background\"> on ihminen, josta monella tuntuu olevaan vahvakin mielipide, vaikkei h\u00e4nt\u00e4 edes tuntisi.<\/p>\n<p class=\"article-content article-content-width !bg-background\">Helena ja ex-mies  ovat k\u00e4yneet repiv\u00e4\u00e4 eroa jo vuosia sek\u00e4 Yhdysvalloissa ett\u00e4 Suomessa.<\/p>\n<p class=\"article-content article-content-width !bg-background\">Helena kertoo somessa miettineens\u00e4, miksi toisia on niin helppo arvostella, mutta niin vaikea pys\u00e4hty\u00e4 kysym\u00e4\u00e4n, mit\u00e4 ihminen on kokenut.<\/p>\n<p>        <a itemprop=\"url\" href=\"https:\/\/www.seiska.fi\/kotimaa\/seiska-selvitti-mikko-koivun-ja-natalien-tulot-nain-tienasi-ex-puoliso-helena-koivu\/1982968\" rel=\"nofollow noopener\" target=\"_blank\"><\/p>\n<p>\nSeiska selvitti\n<\/p>\n<p class=\"section-date\">\n        <strong class=\"article-section\" data-section=\"kotimaa\"><br \/>\n            kotimaa<br \/>\n        <\/strong><br \/>\n        12.11. 08:31\n    <\/p>\n<p>Seiska selvitti Mikko Koivun ja Natalien tulot \u2013 n\u00e4in tienasi ex-puoliso Helena Koivu\n    <\/p>\n<p itemprop=\"description\" class=\"subtitle \">\n    Kaikki kolme Koivua asuvat nyky\u00e4\u00e4n Turussa.\n<\/p>\n<p>        <\/a><\/p>\n<p class=\"article-content article-content-width !bg-background\">\u2013 Viime aikoina olen miettinyt paljon sit\u00e4, miksi ihmisille on niin helppoa osoittaa sormella. Mutta miksi on niin vaikea kysy\u00e4: mit\u00e4 tuo ihminen on k\u00e4ynyt l\u00e4pi, Helena kysyy julkaisussaan, jossa poseeraa mekossa ja villasukissa.<\/p>\n<p>                <img decoding=\"async\" src=\"https:\/\/www.europesays.com\/fi\/wp-content\/uploads\/2025\/11\/1866951.webp\" width=\"576\" height=\"720\" title=\"Vuosien saatossa Helenasta on tullut Suomen tunnetuin turkulainen.\" alt=\"Helena Koivu Turussa syyskuussa 2024.\" loading=\"lazy\" \/>            <\/p>\n<p>\n            Vuosien saatossa Helenasta on tullut Suomen tunnetuin turkulainen.<br \/>\n            Timo Korhonen\n        <\/p>\n<p>&#8221;Ly\u00f6 toista, joka on jo valmiiksi rikki?&#8221;<\/p>\n<p class=\"article-content article-content-width !bg-background\">H\u00e4nen mukaansa moni unohtaa, ettei kukaan hajoa ilman syyt\u00e4.<\/p>\n<p class=\"article-content article-content-width !bg-background\">\u2013 Ihmiset kadottavat itsens\u00e4, suuntansa, joutuvat kokemaan kipua, joka ei olisi koskaan kuulunut heid\u00e4n el\u00e4m\u00e4\u00e4ns\u00e4. Ja silti juuri silloin heit\u00e4 tuomitaan eniten.<\/p>\n<p>\n            Sin\u00e4 et ole h\u00e4n. Et voi tiet\u00e4\u00e4, milt\u00e4 jokin oikeasti tuntuu h\u00e4nen sis\u00e4ll\u00e4\u00e4n.\n            <\/p>\n<p class=\"article-content article-content-width !bg-background\">Erityisesti Helena ihmettelee niit\u00e4, jotka eiv\u00e4t ole koskaan kokeneet vastaavaa, mutta ovat silti ensimm\u00e4isen\u00e4 kritisoimassa.<\/p>\n<p class=\"article-content article-content-width !bg-background\">\u2013 Miten joku voi kokea mielihyv\u00e4\u00e4 siit\u00e4, ett\u00e4 ly\u00f6 toista, joka on jo valmiiksi rikki?<\/p>\n<p>                <img decoding=\"async\" src=\"https:\/\/www.europesays.com\/fi\/wp-content\/uploads\/2025\/11\/1808444.webp\" width=\"576\" height=\"720\" alt=\"\u2013 Toivon kovin, ett\u00e4 saisimme t\u00e4m\u00e4n kaiken p\u00e4\u00e4t\u00f6kseen ja ett\u00e4 v\u00e4limme parantuisivat, Helena totesi erostaan Mikkoon vuonna 2022.\" loading=\"lazy\" \/>            <\/p>\n<p>\n            \u2013 Toivon kovin, ett\u00e4 saisimme t\u00e4m\u00e4n kaiken p\u00e4\u00e4t\u00f6kseen ja ett\u00e4 v\u00e4limme parantuisivat, Helena totesi erostaan Mikkoon vuonna 2022.<br \/>\n            Helena Koivun kotialbumi\n        <\/p>\n<p>&#8221;Ei ruokita vihaa&#8221;<\/p>\n<p class=\"article-content article-content-width !bg-background\">Helena muistuttaa, ettei kukaan voi t\u00e4ysin ymm\u00e4rt\u00e4\u00e4 toisen taakkaa \u2013 vaikka olisi kokenut jotain samankaltaista.<\/p>\n<p class=\"article-content article-content-width !bg-background\">\u2013 Sin\u00e4 et ole h\u00e4n. Et voi tiet\u00e4\u00e4, milt\u00e4 jokin oikeasti tuntuu h\u00e4nen sis\u00e4ll\u00e4\u00e4n.<\/p>\n<p>        <a itemprop=\"url\" href=\"https:\/\/www.seiska.fi\/kotimaa\/helena-koivu-avoin-ulostulo-aki-manniselta-paljonpuhuva-kommentti\/1983743\" rel=\"nofollow noopener\" target=\"_blank\"><\/p>\n<p>\nHelena Koivulta avoin ulostulo\n<\/p>\n<p class=\"section-date\">\n        <strong class=\"article-section\" data-section=\"kotimaa\"><br \/>\n            kotimaa<br \/>\n        <\/strong><br \/>\n        5.11. 11:02\n    <\/p>\n<p>Helena Koivu: Avoin ulostulo \u2013 Aki Manniselta paljonpuhuva kommentti!\n    <\/p>\n<p itemprop=\"description\" class=\"subtitle \">\n    Helena Koivu jakaa proaktiivisesti ajatuksiaan somessa. Nyt jopa itse Aki Manninen kommentoi Helenan tuoreinta ulostuloa.\n<\/p>\n<p>        <\/a><\/p>\n<p class=\"article-content article-content-width !bg-background\">H\u00e4n viittaa my\u00f6s median rooliin vihan ruokkimisessa.<\/p>\n<p class=\"article-content article-content-width !bg-background\">\u2013 Ei ruokita vihaa, jota media rakastaa paisuttaa, koska se myy.<\/p>\n<p>                <img decoding=\"async\" src=\"https:\/\/www.europesays.com\/fi\/wp-content\/uploads\/2025\/11\/1713536.webp\" width=\"576\" height=\"322\" alt=\"Helena on kertonut aiemmin somessa, ett\u00e4 monet h\u00e4nen seuraajansa ovat kannustaneet naista l\u00e4htem\u00e4\u00e4n politiikkaan.\" loading=\"lazy\" \/>            <\/p>\n<p>\n            Helena on kertonut aiemmin somessa, ett\u00e4 monet h\u00e4nen seuraajansa ovat kannustaneet naista l\u00e4htem\u00e4\u00e4n politiikkaan.<br \/>\n            Timo Korhonen\n        <\/p>\n<p>&#8221;Me ollaan kaikki ihmisi\u00e4&#8221;<\/p>\n<p class=\"article-content article-content-width !bg-background\">Ratkaisuksi Helena tarjoaa yksinkertaisen vastavoiman: my\u00f6t\u00e4tunnon.<\/p>\n<p class=\"article-content article-content-width !bg-background\">\u2013 Ainoa asia, mik\u00e4 vie t\u00e4t\u00e4 maailmaa parempaan suuntaan, on se ett\u00e4 yritet\u00e4\u00e4n ymm\u00e4rt\u00e4\u00e4. Ei tuomita. Ei revit\u00e4 alas.<\/p>\n<p>\n            \u00c4l\u00e4 ruoki vihaa. Yrit\u00e4 ymm\u00e4rt\u00e4\u00e4.\n            <\/p>\n<p class=\"article-content article-content-width !bg-background\">Helena korostaa, ett\u00e4 arvoilla, statuksella tai taustoilla ei ole lopulta merkityst\u00e4.<\/p>\n<p class=\"article-content article-content-width !bg-background\">\u2013 Eroistamme huolimatta me ollaan kaikki ihmisi\u00e4. Ja me l\u00e4hdet\u00e4\u00e4n t\u00e4\u00e4lt\u00e4 kaikki samalla tavalla.<\/p>\n<p>&#8221;\u00c4l\u00e4 ruoki vihaa&#8221;<\/p>\n<p class=\"article-content article-content-width !bg-background\">Lopuksi Helena kiteytt\u00e4\u00e4 sanomansa kahteen lauseeseen, jotka osuvat suoraan nykyiseen somekulttuuriin:<\/p>\n<p class=\"article-content article-content-width !bg-background\">\u2013 Viha synnytt\u00e4\u00e4 aina vain lis\u00e4\u00e4 vihaa. Maailma on jo nyt t\u00e4ynn\u00e4 kylmyytt\u00e4 ilman, ett\u00e4 kukaan lis\u00e4\u00e4 siihen omalta osaltaan.<\/p>\n<p>        <a itemprop=\"url\" href=\"https:\/\/www.seiska.fi\/kotimaa\/helena-koivu-iloinen-yllatysuutinen\/1987937\" rel=\"nofollow noopener\" target=\"_blank\"><\/p>\n<p>\nKuka olisi arvannut?\n<\/p>\n<p class=\"section-date\">\n        <strong class=\"article-section\" data-section=\"kotimaa\"><br \/>\n            kotimaa<br \/>\n        <\/strong><br \/>\n        9.11. 15:30\n    <\/p>\n<p>Helena Koivu: Iloinen yll\u00e4tysuutinen!\n    <\/p>\n<p itemprop=\"description\" class=\"subtitle \">\n    Mikko Koivu on maailmanmestari, mutta Helena Koivusta saattaa tulla maisteri.\n<\/p>\n<p>        <\/a><\/p>\n<p class=\"article-content article-content-width !bg-background\">\u2013 \u00c4l\u00e4 ruoki vihaa. Yrit\u00e4 ymm\u00e4rt\u00e4\u00e4. \u270c\ufe0f<\/p>\n<p class=\"article-content article-content-width !bg-background\">Helena n\u00e4ytt\u00e4\u00e4kin p\u00e4ivityksell\u00e4\u00e4n, millaista some voisi parhaimmillaan olla: v\u00e4hemm\u00e4n syyttely\u00e4, enemm\u00e4n inhimillisyytt\u00e4.<\/p>\n","protected":false},"excerpt":{"rendered":"Timo Korhonen, AOP Helena Koivun johtoajatus lienee se, ettei paha parane pahalla. on ihminen, josta monella tuntuu olevaan&hellip;\n","protected":false},"author":2,"featured_media":100001,"comment_status":"","ping_status":"","sticky":false,"template":"","format":"standard","meta":{"footnotes":""},"categories":[136],"tags":[407,137,1664,33,31,30,3124,408,212,3127,19245,32,18613,109],"class_list":{"0":"post-100000","1":"post","2":"type-post","3":"status-publish","4":"format-standard","5":"has-post-thumbnail","7":"category-julkkikset","8":"tag-celebrities","9":"tag-entertainment","10":"tag-ero","11":"tag-fi","12":"tag-finland","13":"tag-finnish","14":"tag-helena-koivu","15":"tag-julkkikset","16":"tag-lifestyle","17":"tag-mikko-koivu","18":"tag-myotatunto","19":"tag-suomi","20":"tag-viha","21":"tag-viihde"},"share_on_mastodon":{"url":"https:\/\/pubeurope.com\/@fi\/115612680638453146","error":""},"_links":{"self":[{"href":"https:\/\/www.europesays.com\/fi\/wp-json\/wp\/v2\/posts\/100000","targetHints":{"allow":["GET"]}}],"collection":[{"href":"https:\/\/www.europesays.com\/fi\/wp-json\/wp\/v2\/posts"}],"about":[{"href":"https:\/\/www.europesays.com\/fi\/wp-json\/wp\/v2\/types\/post"}],"author":[{"embeddable":true,"href":"https:\/\/www.europesays.com\/fi\/wp-json\/wp\/v2\/users\/2"}],"replies":[{"embeddable":true,"href":"https:\/\/www.europesays.com\/fi\/wp-json\/wp\/v2\/comments?post=100000"}],"version-history":[{"count":0,"href":"https:\/\/www.europesays.com\/fi\/wp-json\/wp\/v2\/posts\/100000\/revisions"}],"wp:featuredmedia":[{"embeddable":true,"href":"https:\/\/www.europesays.com\/fi\/wp-json\/wp\/v2\/media\/100001"}],"wp:attachment":[{"href":"https:\/\/www.europesays.com\/fi\/wp-json\/wp\/v2\/media?parent=100000"}],"wp:term":[{"taxonomy":"category","embeddable":true,"href":"https:\/\/www.europesays.com\/fi\/wp-json\/wp\/v2\/categories?post=100000"},{"taxonomy":"post_tag","embeddable":true,"href":"https:\/\/www.europesays.com\/fi\/wp-json\/wp\/v2\/tags?post=100000"}],"curies":[{"name":"wp","href":"https:\/\/api.w.org\/{rel}","templated":true}]}}