{"id":100023,"date":"2025-11-25T22:56:09","date_gmt":"2025-11-25T22:56:09","guid":{"rendered":"https:\/\/www.europesays.com\/fi\/100023\/"},"modified":"2025-11-25T22:56:09","modified_gmt":"2025-11-25T22:56:09","slug":"kiekko-espoon-kurssi-on-kaantynyt-kolme-assien-pelaajaa-urakoi-hurjan-pitkat-vaihdot-liiga-25-11-2025-uutiset-jatkoaika-com","status":"publish","type":"post","link":"https:\/\/www.europesays.com\/fi\/100023\/","title":{"rendered":"Kiekko-Espoon kurssi on k\u00e4\u00e4ntynyt \u2013 kolme \u00c4ssien pelaajaa urakoi hurjan pitk\u00e4t vaihdot &#8211; LIIGA &#8211; 25.11.2025 &#8211; Uutiset &#8211; Jatkoaika.com"},"content":{"rendered":"<p>Kiekko-Espoo vei pisteet mukanaan Porista tiukan v\u00e4\u00e4nn\u00f6n j\u00e4lkeen, kun taikuriksi Espoossa nimetty <strong>Arttu Tuomaala<\/strong> viimeisteli 4\u22123-voittomaalin l\u00e4piajosta kolmannen er\u00e4n alussa. Kiekko j\u00e4i espoolaisvahti <strong>Sami Rajaniemen<\/strong> torjunnan j\u00e4lkeen pelattavaksi ja puolustaja <strong>Joni Jurmo<\/strong> vapautti vauhtia kelanneen Tuomaalan tarkalla sy\u00f6t\u00f6ll\u00e4 l\u00e4piajoon. Tuomaala ei l\u00e4htenyt esitt\u00e4m\u00e4\u00e4n sen kummempia veivej\u00e4, vaan upotti napakan rannelaukauksen \u00e4ss\u00e4vahti <strong>Jan Bedn\u00e1\u0159in<\/strong> sel\u00e4n taakse.<\/p>\n<blockquote class=\"twitter-tweet\">\n<p lang=\"fi\" dir=\"ltr\" xml:lang=\"fi\">\ud83d\udea8 Taikuri Tuomaala! \ud83e\ude84<\/p>\n<p>\ud83d\udcfa <a href=\"https:\/\/twitter.com\/MTVUrheilu?ref_src=twsrc%5Etfw\" rel=\"nofollow noopener\" target=\"_blank\">@MTVUrheilu<\/a> | <a href=\"https:\/\/twitter.com\/hashtag\/Liiga?src=hash&amp;ref_src=twsrc%5Etfw\" rel=\"nofollow noopener\" target=\"_blank\">#Liiga<\/a> <a href=\"https:\/\/twitter.com\/hashtag\/KiekkoEspoo?src=hash&amp;ref_src=twsrc%5Etfw\" rel=\"nofollow noopener\" target=\"_blank\">#KiekkoEspoo<\/a> <a href=\"https:\/\/t.co\/SnG1b0XP96\" rel=\"nofollow\">pic.twitter.com\/SnG1b0XP96<\/a><\/p>\n<p>\u2014 Liiga (@smliiga) <a href=\"https:\/\/twitter.com\/smliiga\/status\/1993392531888103776?ref_src=twsrc%5Etfw\" rel=\"nofollow noopener\" target=\"_blank\">November 25, 2025<\/a><\/p>\n<\/blockquote>\n<p>Ottelussa kaksi maalia iskenyt <strong>Cameron Hillis<\/strong> sai toisen er\u00e4n viime hetkill\u00e4 kahden minuutin rangaistuksen est\u00e4misest\u00e4, jota tuomaristo k\u00e4vi tutkimassa my\u00f6s videolta. Pys\u00e4htyneess\u00e4 tilanteessa Hillis kaatoi \u00c4ssien <strong>Valtteri Viljasen<\/strong>, mutta aihetta suurempaan rangaistukseen ei l\u00f6ytynyt.<\/p>\n<p>Toisen er\u00e4n j\u00e4lkimm\u00e4isell\u00e4 puoliskolla Kiekko-Espoo onnistui lyhyen vaihtomatkan turvin myllytt\u00e4m\u00e4\u00e4n hy\u00f6kk\u00e4yst\u00e4\u00e4n minuuttien ajan \u00c4ssien puolustusalueella. \u00c4ssien puolustajista <strong>Kasper Puutiolle\u00a0<\/strong>ja\u00a0<strong>Petteri Nurmelle<\/strong>\u00a0sek\u00e4 hy\u00f6kk\u00e4\u00e4j\u00e4\u00a0<strong>Johan Olofssonille<\/strong> kellotettiin yli nelj\u00e4n minuutin vaihdot.<\/p>\n<p>Pelattavaa riitti loppuun asti<\/p>\n<p>Ottelu eteni jatkuvasti maalin erolla. Kiekko-Espoon kanadalaishy\u00f6kk\u00e4\u00e4j\u00e4 Cameron Hillis avasi maalihanat ensimm\u00e4isen er\u00e4n alussa, mutta er\u00e4n viimeisell\u00e4 vitosella \u00c4ss\u00e4t tuli tasoihin ja ohi Kasper Puution ja\u00a0<strong>Danick Martelin<\/strong> maaleilla.<\/p>\n<p>Ensimm\u00e4isen er\u00e4n lopussa espoolaisten puolustaja <strong>Kristian N\u00e4kyv\u00e4<\/strong> iski viel\u00e4 pukukoppimaalin, jonka johdosta er\u00e4tauko alkoi tasatilanteessa 2\u22122.<\/p>\n<p>Toisen er\u00e4n alkuun Kiekko-Espoon tehomies Hillis lapioi maalin edest\u00e4 espoolaiset 3\u20132-johtoon. \u00c4ssien puolustaja Valtteri Viljanen puolestaan onnistui tasoituksessa er\u00e4n lopussa, kun \u00c4ss\u00e4t pelasi ylivoimaa.<\/p>\n<p>Viimeisess\u00e4 er\u00e4ss\u00e4 n\u00e4htiin Tuomaalan l\u00e4piajomaali. Lis\u00e4ksi lauantaina kokoonpanoon palannut\u00a0<strong>Tomi Sallinen<\/strong>\u00a0sinet\u00f6i voiton tyhj\u00e4\u00e4n rys\u00e4\u00e4n.<\/p>\n<p>Ilvekselle ehj\u00e4 60 minuuttia<\/p>\n<p>Ilves nappasi Tampereella 3\u22120-kotivoiton Pelicansista, kun se pelasi yhden kauden tasapainoisimmista otteluistaan. Voittojen tielle palanneen Ilveksen <strong>Luke Henman<\/strong> viimeisteli kaksi maalia. Henmanin koko kauden maalisaldo puolestaan kasvoi yhteentoista osumaan.\u00a0<\/p>\n<p>Pari minuuttia ennen loppua Pelicans sai luotua pienoista painetta Ilves-p\u00e4\u00e4tyyn, mutta lahtelaisten valmennus ei kutsunut maalivahti <strong>Zachary \u00c9mondia<\/strong>\u00a0vaihtopenkille. Maalivahti otettiin viimein pois vasta viimeisell\u00e4 minuutilla aikalis\u00e4n j\u00e4lkeen, mutta Pelicans ei saanut peli\u00e4 rauhoittumaan ja Henman viimeisteli toisen maalinsa tyhjiin.<\/p>\n<p>Ilveksen toisen maalin maalinedustan pomppukiekosta sis\u00e4\u00e4n kiskaissut <strong>Olli Palola<\/strong>\u00a0oli\u00a0MTV:n haastattelussa tyytyv\u00e4inen viimeisimpiin otteluihin, mutta painotti ettei henkseleiden paukuttelun aika ole nyt.<\/p>\n<p>\u2212 Ollaan hiljaa, niin saadaan kalaa.<\/p>\n<p><script async src=\"https:\/\/platform.twitter.com\/widgets.js\" charset=\"utf-8\"><\/script><\/p>\n","protected":false},"excerpt":{"rendered":"Kiekko-Espoo vei pisteet mukanaan Porista tiukan v\u00e4\u00e4nn\u00f6n j\u00e4lkeen, kun taikuriksi Espoossa nimetty Arttu Tuomaala viimeisteli 4\u22123-voittomaalin l\u00e4piajosta kolmannen&hellip;\n","protected":false},"author":2,"featured_media":100024,"comment_status":"","ping_status":"","sticky":false,"template":"","format":"standard","meta":{"footnotes":""},"categories":[158],"tags":[33,31,30,19251,159,32,160],"class_list":{"0":"post-100023","1":"post","2":"type-post","3":"status-publish","4":"format-standard","5":"has-post-thumbnail","7":"category-urheilu","8":"tag-fi","9":"tag-finland","10":"tag-finnish","11":"tag-kiekko-espoon-kurssi-on-kaantynyt-kolme-assien-pelaajaa-urakoi-hurjan-pitkat-vaihdot-liiga-25-11-2025-uutiset-jatkoaika-com-kaikki-jaakiekosta","12":"tag-sports","13":"tag-suomi","14":"tag-urheilu"},"share_on_mastodon":{"url":"https:\/\/pubeurope.com\/@fi\/115612810377691018","error":""},"_links":{"self":[{"href":"https:\/\/www.europesays.com\/fi\/wp-json\/wp\/v2\/posts\/100023","targetHints":{"allow":["GET"]}}],"collection":[{"href":"https:\/\/www.europesays.com\/fi\/wp-json\/wp\/v2\/posts"}],"about":[{"href":"https:\/\/www.europesays.com\/fi\/wp-json\/wp\/v2\/types\/post"}],"author":[{"embeddable":true,"href":"https:\/\/www.europesays.com\/fi\/wp-json\/wp\/v2\/users\/2"}],"replies":[{"embeddable":true,"href":"https:\/\/www.europesays.com\/fi\/wp-json\/wp\/v2\/comments?post=100023"}],"version-history":[{"count":0,"href":"https:\/\/www.europesays.com\/fi\/wp-json\/wp\/v2\/posts\/100023\/revisions"}],"wp:featuredmedia":[{"embeddable":true,"href":"https:\/\/www.europesays.com\/fi\/wp-json\/wp\/v2\/media\/100024"}],"wp:attachment":[{"href":"https:\/\/www.europesays.com\/fi\/wp-json\/wp\/v2\/media?parent=100023"}],"wp:term":[{"taxonomy":"category","embeddable":true,"href":"https:\/\/www.europesays.com\/fi\/wp-json\/wp\/v2\/categories?post=100023"},{"taxonomy":"post_tag","embeddable":true,"href":"https:\/\/www.europesays.com\/fi\/wp-json\/wp\/v2\/tags?post=100023"}],"curies":[{"name":"wp","href":"https:\/\/api.w.org\/{rel}","templated":true}]}}