{"id":100025,"date":"2025-11-25T22:57:11","date_gmt":"2025-11-25T22:57:11","guid":{"rendered":"https:\/\/www.europesays.com\/fi\/100025\/"},"modified":"2025-11-25T22:57:11","modified_gmt":"2025-11-25T22:57:11","slug":"radion-sinfoniaorkesteri-dokumentti-tyoyhteison-kulisseista","status":"publish","type":"post","link":"https:\/\/www.europesays.com\/fi\/100025\/","title":{"rendered":"Radion sinfoniaorkesteri \u2013 dokumentti ty\u00f6yhteis\u00f6n kulisseista"},"content":{"rendered":"<p>Koesoitto. Lyhyeen n\u00e4yt\u00f6n paikkaan on usein harjoiteltu ja panostettu loputtomasti. Koesoitossa ei ole varaa ep\u00e4onnistua, ja lis\u00e4ksi pit\u00e4isi vakuuttaa p\u00e4\u00e4tt\u00e4v\u00e4t tuomarit eli mahdolliset tulevat kanssasoittajat siit\u00e4, ett\u00e4 olisi parempi valinta kuin yht\u00e4 lailla parastansa tarjoavat kollegat.<\/p>\n<p>\u201dKuin juurihoito ja syd\u00e4nleikkaus yht\u00e4 aikaa\u201d, todetaankin koesoittotilanteesta dokumenttisarjan 99 valittua \u2013 Huippuorkesterin kulisseissa avausjaksossa, jossa Radion sinfoniaorkesteri etsii uutta k\u00e4yr\u00e4torven soittajaa. Saako tuntemuksistaan kertova <strong>Ilkka Puputti<\/strong> paikan?<\/p>\n<p>Hakijoita on l\u00e4hes sata, joista vain kymmenesosa on suomalaisia. Ty\u00f6kielen\u00e4 on usein englanti.<\/p>\n<p>Kapellimestarin kulaus takahuoneessa<\/p>\n<p>K\u00e4yr\u00e4torvistina aloitti uraansa my\u00f6s kapellimestari <strong>Esa-Pekka Salonen<\/strong>, joka avausjaksossa johtaa Radion sinfoniaorkesteria.<\/p>\n<p>Kamerat seuraavat, kun Salonen Musiikkitalon lavalta hetkeksi poistuessaan ottaa kulauksen juomaa h\u00e4nelle valmiiksi kaadetusta lasillisesta. Suuta on kapellimestarinkin kostutettava, eik\u00e4 pikaisessa takahuonek\u00e4\u00e4ntymisess\u00e4 ehdi j\u00e4\u00e4d\u00e4 itse availemaan pullon korkkia.<\/p>\n<p>T\u00e4llaisetkin pienet kulissientakaiset kohtaukset ryyditt\u00e4v\u00e4t sarjaa, jonka tuotti <strong>Kati Juurus <\/strong>ja ohjasivat <strong>Niina M\u00e4kel\u00e4inen<\/strong> ja <strong>Peter Wallenius<\/strong>.<\/p>\n<p>Tavallaan ohjelma edustaa tervetullutta jatkoa<strong> Laura Joutsin <\/strong>vuoden takaiselle dokumenttisarjalle Kapellimestarit, jossa alan mestarit keskustelivat RSO:n ylikapellimestarin <strong>Nicholas Collonin<\/strong> kanssa. Nyt saavat puheenvuoron ennen kaikkea rivisoittajat.<\/p>\n<p>    <a href=\"https:\/\/seura.fi\/wp-content\/uploads\/2025\/11\/yle_99-valittua-huippuorkesterin-kulisseissa_s1_ep1_31sajfv8mj0uddxeyh12-jpgversion.jpg\" rel=\"nofollow noopener\" target=\"_blank\"><img loading=\"lazy\" decoding=\"async\" alt=\"Dokumenttisarjassa n\u00e4hd\u00e4\u00e4n my\u00f6s Tuula Sarotie \u2013 Radion sinfoniaorkesterin el\u00e4k\u00f6itynyt intendentti.\" class=\"wp-image-2131960 awpo-lqip awpo-lazy\" width=\"2100\" height=\"1400\" style=\"--aspect-ratio: 1.5\" src=\"https:\/\/www.europesays.com\/fi\/wp-content\/uploads\/2025\/11\/yle_99-valittua-huippuorkesterin-kulisseissa_s1_ep1_31sajfv8mj0uddxeyh12-jpgversion.jpg\"\/><\/a><br \/>\n      Dokumenttisarjassa n\u00e4hd\u00e4\u00e4n my\u00f6s Tuula Sarotie \u2013 Radion sinfoniaorkesterin el\u00e4k\u00f6itynyt intendentti.      <\/p>\n<p>          \u00a9 Yle        <\/p>\n<p>Vuonna 1927 perustetussa Radio-orkesterissa soitti alkujaan kymmenen muusikkoa, ja t\u00e4ysimittaiseksi sinfoniaorkesteriksi se kasvoi 1960-luvulla.<\/p>\n<p>Klassisromanttisten suosikkien lis\u00e4ksi RSO esitt\u00e4\u00e4 runsaasti nykymusiikkia ja kantaesitt\u00e4\u00e4 Yleisradion tilausteoksia. Sen teht\u00e4viin kuuluu my\u00f6s suomalaisen orkesterimusiikin taltioiminen kantanauhoille Yleisradion arkistoon.<\/p>\n<p>RSO:n konsertteja l\u00e4hetet\u00e4\u00e4n suorina l\u00e4hetyksin\u00e4 Yle Teema &amp; Femill\u00e4, Yle Areenassa ja Yle Radio 1:ss\u00e4 sek\u00e4 taltiointeina TV1:ss\u00e4.<\/p>\n<p>Radion sinfoniaorkesteri ja 2. viulun \u00e4\u00e4nenjohtaja<\/p>\n<p>\u201dJoka viikko ollaan telkkarissa\u201d, toteaa viulisti <strong>Emma Mali<\/strong>.<\/p>\n<p>\u201dSiin\u00e4 on koko ajan tieto siit\u00e4, ett\u00e4 jos s\u00e4 munaat niin se on sitten Areenassa seuraavat 99 vuotta!\u201d<\/p>\n<p>Kolmevuotiaasta viulistiksi halunnut Emma Mali kantoi lapsena tyhj\u00e4\u00e4 soitinkoteloa ymp\u00e4ri kotia ja leikki k\u00e4yv\u00e4ns\u00e4 soittotunneilla. Viisivuotiaana h\u00e4nen katsottiin kasvaneen tarpeeksi, jotta viulunsoitto voitaisiin aloittaa.<\/p>\n<p>RSO:n 2. viulun \u00e4\u00e4nenjohtaja Mali on ollut pestiss\u00e4\u00e4n koeajalla puoli vuotta. Kun virka vakinaistetaan, ottavat Emma ja \u00e4itins\u00e4 tapauksen kunniaksi tatuoinnit, pienet vetojousen ja ty\u00f6nt\u00f6jousen merkit.<\/p>\n<p>Voitot tai vakinaistamiset eiv\u00e4t kuitenkaan turvaa uraa, joka saattaa katketa tai keskeyty\u00e4 traagisten takaiskujen tai ylikuormittumisen my\u00f6t\u00e4. Dokumentti jakaa t\u00e4llaisiakin koskettavia kohtaloita.<\/p>\n<p>Kaikki ohjelman p\u00e4\u00e4henkil\u00f6t eiv\u00e4t itse soita orkesterissa. N\u00e4kyv\u00e4\u00e4n rooliin nousee RSO:ta l\u00e4pi muutosten luotsannut legendaarinen intendentti <strong>Tuula Sarotie<\/strong>, joka el\u00e4kkeelle vuosi sitten j\u00e4\u00e4ty\u00e4\u00e4n huomioitiin Muusikkojen liiton el\u00e4m\u00e4nty\u00f6palkinnolla. <\/p>\n<p>Sarotiest\u00e4 katsoisi kernaasti omankin dokumentin! <\/p>\n<p>99 valittua \u2013 Huippuorkesterin kulisseissa, torstai 27.11. klo 21.00, <a href=\"https:\/\/areena.yle.fi\/1-73104258\" target=\"_blank\" rel=\"noreferrer noopener nofollow\">Teema &amp; Fem<\/a><\/p>\n<p><a href=\"https:\/\/seura.fi\/tv\/kapellimestarit-avaa-nakokulmia-kapellimestarien-tyohon-huipulla\/\" target=\"_blank\" rel=\"noreferrer noopener nofollow\">Lue my\u00f6s: Kapellimestarit avaa n\u00e4k\u00f6kulmia siihen, miksi Suomi on huippukapellimestarien ihmemaa<\/a><\/p>\n","protected":false},"excerpt":{"rendered":"Koesoitto. Lyhyeen n\u00e4yt\u00f6n paikkaan on usein harjoiteltu ja panostettu loputtomasti. Koesoitossa ei ole varaa ep\u00e4onnistua, ja lis\u00e4ksi pit\u00e4isi&hellip;\n","protected":false},"author":2,"featured_media":100026,"comment_status":"","ping_status":"","sticky":false,"template":"","format":"standard","meta":{"footnotes":""},"categories":[130],"tags":[4416,137,7736,33,31,30,3147,15447,32,2203,109],"class_list":{"0":"post-100025","1":"post","2":"type-post","3":"status-publish","4":"format-standard","5":"has-post-thumbnail","7":"category-viihde","8":"tag-dokumenttisarja","9":"tag-entertainment","10":"tag-esa-pekka-salonen","11":"tag-fi","12":"tag-finland","13":"tag-finnish","14":"tag-klassinen-musiikki","15":"tag-sinfoniaorkesterit","16":"tag-suomi","17":"tag-tv-maailma","18":"tag-viihde"},"share_on_mastodon":{"url":"https:\/\/pubeurope.com\/@fi\/115612814273244673","error":""},"_links":{"self":[{"href":"https:\/\/www.europesays.com\/fi\/wp-json\/wp\/v2\/posts\/100025","targetHints":{"allow":["GET"]}}],"collection":[{"href":"https:\/\/www.europesays.com\/fi\/wp-json\/wp\/v2\/posts"}],"about":[{"href":"https:\/\/www.europesays.com\/fi\/wp-json\/wp\/v2\/types\/post"}],"author":[{"embeddable":true,"href":"https:\/\/www.europesays.com\/fi\/wp-json\/wp\/v2\/users\/2"}],"replies":[{"embeddable":true,"href":"https:\/\/www.europesays.com\/fi\/wp-json\/wp\/v2\/comments?post=100025"}],"version-history":[{"count":0,"href":"https:\/\/www.europesays.com\/fi\/wp-json\/wp\/v2\/posts\/100025\/revisions"}],"wp:featuredmedia":[{"embeddable":true,"href":"https:\/\/www.europesays.com\/fi\/wp-json\/wp\/v2\/media\/100026"}],"wp:attachment":[{"href":"https:\/\/www.europesays.com\/fi\/wp-json\/wp\/v2\/media?parent=100025"}],"wp:term":[{"taxonomy":"category","embeddable":true,"href":"https:\/\/www.europesays.com\/fi\/wp-json\/wp\/v2\/categories?post=100025"},{"taxonomy":"post_tag","embeddable":true,"href":"https:\/\/www.europesays.com\/fi\/wp-json\/wp\/v2\/tags?post=100025"}],"curies":[{"name":"wp","href":"https:\/\/api.w.org\/{rel}","templated":true}]}}