{"id":100057,"date":"2025-11-25T23:49:10","date_gmt":"2025-11-25T23:49:10","guid":{"rendered":"https:\/\/www.europesays.com\/fi\/100057\/"},"modified":"2025-11-25T23:49:10","modified_gmt":"2025-11-25T23:49:10","slug":"eric-lakko-savolainen-lahetteli-lentosuukkoja-upealle-blondille-kesken-ttk-finaalin","status":"publish","type":"post","link":"https:\/\/www.europesays.com\/fi\/100057\/","title":{"rendered":"Eric &#8221;Lakko&#8221; Savolainen l\u00e4hetteli lentosuukkoja upealle blondille kesken TTK-finaalin"},"content":{"rendered":"<p>            Matti Matikainen\n        <\/p>\n<p class=\"subtitle \">Eric &#8221;Lakko&#8221; Savolainen sai l\u00e4himm\u00e4isilt\u00e4\u00e4n tukea TTK-finaalissa.<\/p>\n<p class=\"article-content article-content-width !bg-background\">TTK-tutkapari  ja  tanssivat tiens\u00e4 suomalaisten syd\u00e4miin.<\/p>\n<p class=\"font-weight-bold m-font-weight-bold article-content article-content-width !bg-background\">Videolla Liisa Set\u00e4l\u00e4 &amp; Paulus Arajuuri vaaratilanteesta tv-l\u00e4hetyksess\u00e4:<\/p>\n<p class=\"article-content article-content-width !bg-background\">Kaksikko teki kovaa j\u00e4lke\u00e4 koko Tanssii t\u00e4htien kanssa -syksyn ajan ja meinasivat rynnist\u00e4\u00e4 p\u00e4\u00e4tyyn saakka.<\/p>\n<p class=\"article-content article-content-width !bg-background\">Lopulta kaksikon oli tyytyminen kakkossijaan, kun  ja  l\u00f6iv\u00e4t viel\u00e4 isompaa vaihdetta silm\u00e4\u00e4n.<\/p>\n<p>        <a itemprop=\"url\" href=\"https:\/\/www.seiska.fi\/katso\/johannes-holopaiselta-paljastus-ttk-jatkoilta-marko-anttila-pisti-ranttaliksi\/2001548\" rel=\"nofollow noopener\" target=\"_blank\"><\/p>\n<p>\nTanssii t\u00e4htien kanssa\n<\/p>\n<p class=\"section-date\">\n        <strong class=\"article-section\" data-section=\"katso\"><br \/>\n            katso<br \/>\n        <\/strong><br \/>\n        24.11. 10:15\n    <\/p>\n<p>Johannes Holopaiselta paljastus TTK-jatkoilta \u2013 Marko Anttila pisti ranttaliksi?\n    <\/p>\n<p itemprop=\"description\" class=\"subtitle \">\n    Tanssii t\u00e4htien kanssa -kausi sai arvoisensa p\u00e4\u00e4t\u00f6ksen. M\u00f6rk\u00f6 eli Marko Anttila otti roolia jatkobileiss\u00e4.\n<\/p>\n<p>        <\/a><\/p>\n<p class=\"article-content article-content-width !bg-background\">\u2013 Upeat fiilikset. Niin kiitollinen olo siit\u00e4, mit\u00e4 kaikkea tehtiin t\u00e4ll\u00e4 kaudella ja miten pitk\u00e4lle p\u00e4\u00e4stiin, Lakko fiilisteli Seiskalle.<\/p>\n<p class=\"article-content article-content-width !bg-background\">\u2013 Enemp\u00e4\u00e4n ei ollut rahkeita. Kaikkemme annettiin ja ollaan ylpeit\u00e4 siit\u00e4.<\/p>\n<p>                <img decoding=\"async\" src=\"https:\/\/www.europesays.com\/fi\/wp-content\/uploads\/2025\/11\/2002003.webp\" width=\"576\" height=\"720\" alt=\"Lakko ja Kastanja tanssivat uskomattoman hienosti.\" loading=\"lazy\" \/>            <\/p>\n<p>\n            Lakko ja Kastanja tanssivat uskomattoman hienosti.<br \/>\n            Matti Matikainen\n        <\/p>\n<p>Molemmat yht\u00e4 hymy\u00e4<\/p>\n<p class=\"article-content article-content-width !bg-background\">Leve\u00e4sti hymyilleet Lakko ja Kastanja s\u00e4dehtiv\u00e4t siihen malliin, ett\u00e4 joku olisi voinut luulla heid\u00e4n voittaneen koko tanssikilpailun.<\/p>\n<p class=\"article-content article-content-width !bg-background\">Toisin sanoen kummastakaan ei aistinut mink\u00e4\u00e4nlaista pettymyst\u00e4.<\/p>\n<p class=\"article-content article-content-width !bg-background\">\u2013 Ei miss\u00e4\u00e4n nimess\u00e4. Me ollaan ylpeit\u00e4 kaikista tanssinumeroista ja koko t\u00e4st\u00e4 matkasta, Kastanja korosti.<\/p>\n<p class=\"article-content article-content-width !bg-background\">\u2013 Eih\u00e4n t\u00e4ss\u00e4 voi olla muuta kuin iloinen, kun p\u00e4\u00e4simme t\u00e4nne finaaliin saakka. T\u00e4m\u00e4 on ollut niin hiton kivaa!<\/p>\n<p>        <a itemprop=\"url\" href=\"https:\/\/www.seiska.fi\/kotimaa\/harvinaiset-kuvat-lakon-pikkuveljet-polahtivat-ttk-studioon\/2001349\" rel=\"nofollow noopener\" target=\"_blank\"><\/p>\n<p>\nHarvinaiset kuvat!\n<\/p>\n<p class=\"section-date\">\n        <strong class=\"article-section\" data-section=\"kotimaa\"><br \/>\n            kotimaa<br \/>\n        <\/strong><br \/>\n        23.11. 18:28\n    <\/p>\n<p>Harvinaiset kuvat! Lakon pikkuveljet p\u00f6l\u00e4htiv\u00e4t TTK-studioon\n    <\/p>\n<p itemprop=\"description\" class=\"subtitle \">\n    Tubettaja Lakon lis\u00e4ksi TTK-finaalissa kilpailevat ex-futari Paulus Arajuuri sek\u00e4 n\u00e4yttelij\u00e4 Johannes Holopainen.\n<\/p>\n<p>        <\/a><\/p>\n<p>                <img decoding=\"async\" src=\"https:\/\/www.europesays.com\/fi\/wp-content\/uploads\/2025\/11\/2002007.webp\" width=\"576\" height=\"720\" alt=\"Lakko kiitteli l\u00e4himm\u00e4isilt\u00e4\u00e4n saamaansa tukea.\" loading=\"lazy\" \/>            <\/p>\n<p>\n            Lakko kiitteli l\u00e4himm\u00e4isilt\u00e4\u00e4n saamaansa tukea.<br \/>\n            Matti Matikainen\n        <\/p>\n<p>Lentosuukkoja blondille<\/p>\n<p class=\"article-content article-content-width !bg-background\">Tv-katsojilta j\u00e4i n\u00e4kem\u00e4tt\u00e4, kuinka Lakko kipitti er\u00e4\u00e4n tanssiesityksens\u00e4 j\u00e4lkeen studioyleis\u00f6n kupeeseen.<\/p>\n<p class=\"article-content article-content-width !bg-background\">Tubet\u00e4hti l\u00e4hetteli useamman lentosuukon poskettoman vieh\u00e4tt\u00e4v\u00e4lle blondille, joka paljastui h\u00e4nen vaimokseen.<\/p>\n<p>        <a itemprop=\"url\" href=\"https:\/\/www.seiska.fi\/kotimaa\/tassa-ovat-johannes-holopaisen-vanhemmat\/2001379\" rel=\"nofollow noopener\" target=\"_blank\"><\/p>\n<p>\nTulivat j\u00e4nnitt\u00e4m\u00e4\u00e4n TTK-finaalia!\n<\/p>\n<p class=\"section-date\">\n        <strong class=\"article-section\" data-section=\"kotimaa\"><br \/>\n            kotimaa<br \/>\n        <\/strong><br \/>\n        23.11. 19:04\n    <\/p>\n<p>T\u00e4ss\u00e4 ovat Johannes Holopaisen vanhemmat!\n    <\/p>\n<p itemprop=\"description\" class=\"subtitle \">\n    Johanneksen is\u00e4ukko on toiminut 18 vuotta Laajasalon opiston reksin\u00e4.\n<\/p>\n<p>        <\/a><\/p>\n<p class=\"article-content article-content-width !bg-background\">\u2013 Kyll\u00e4 joo, Lakko my\u00f6nsi Seiskan reportterille.<\/p>\n<p class=\"article-content article-content-width !bg-background\">\u2013 On ollut tosi kiva, kun on ollut l\u00e4heisi\u00e4 ihmisi\u00e4 jokaisessa l\u00e4hetyksess\u00e4 katsomassa. Kyll\u00e4 sinne aina terkut l\u00e4hetell\u00e4\u00e4n, h\u00e4n hymyili.<\/p>\n<p class=\"article-content article-content-width !bg-background\">Lakko on julkaissut vaimostaan kuvia Instagram-tilill\u00e4\u00e4n.<\/p>\n","protected":false},"excerpt":{"rendered":"Matti Matikainen Eric &#8221;Lakko&#8221; Savolainen sai l\u00e4himm\u00e4isilt\u00e4\u00e4n tukea TTK-finaalissa. TTK-tutkapari ja tanssivat tiens\u00e4 suomalaisten syd\u00e4miin. Videolla Liisa Set\u00e4l\u00e4&hellip;\n","protected":false},"author":2,"featured_media":100058,"comment_status":"","ping_status":"","sticky":false,"template":"","format":"standard","meta":{"footnotes":""},"categories":[130],"tags":[137,3056,33,31,30,3055,19253,3054,19254,651,32,10154,903,3099,6344,19255,6137,109],"class_list":{"0":"post-100057","1":"post","2":"type-post","3":"status-publish","4":"format-standard","5":"has-post-thumbnail","7":"category-viihde","8":"tag-entertainment","9":"tag-eric-savolainen","10":"tag-fi","11":"tag-finland","12":"tag-finnish","13":"tag-kastanja-rauhala","14":"tag-laheiset","15":"tag-lakko","16":"tag-lentosuukko","17":"tag-suhteet","18":"tag-suomi","19":"tag-suora-lahetys","20":"tag-tanssii-tahtien-kanssa","21":"tag-ttk","22":"tag-ttk-2025","23":"tag-tukijoukot","24":"tag-vaimo","25":"tag-viihde"},"share_on_mastodon":{"url":"https:\/\/pubeurope.com\/@fi\/115613018768994918","error":""},"_links":{"self":[{"href":"https:\/\/www.europesays.com\/fi\/wp-json\/wp\/v2\/posts\/100057","targetHints":{"allow":["GET"]}}],"collection":[{"href":"https:\/\/www.europesays.com\/fi\/wp-json\/wp\/v2\/posts"}],"about":[{"href":"https:\/\/www.europesays.com\/fi\/wp-json\/wp\/v2\/types\/post"}],"author":[{"embeddable":true,"href":"https:\/\/www.europesays.com\/fi\/wp-json\/wp\/v2\/users\/2"}],"replies":[{"embeddable":true,"href":"https:\/\/www.europesays.com\/fi\/wp-json\/wp\/v2\/comments?post=100057"}],"version-history":[{"count":0,"href":"https:\/\/www.europesays.com\/fi\/wp-json\/wp\/v2\/posts\/100057\/revisions"}],"wp:featuredmedia":[{"embeddable":true,"href":"https:\/\/www.europesays.com\/fi\/wp-json\/wp\/v2\/media\/100058"}],"wp:attachment":[{"href":"https:\/\/www.europesays.com\/fi\/wp-json\/wp\/v2\/media?parent=100057"}],"wp:term":[{"taxonomy":"category","embeddable":true,"href":"https:\/\/www.europesays.com\/fi\/wp-json\/wp\/v2\/categories?post=100057"},{"taxonomy":"post_tag","embeddable":true,"href":"https:\/\/www.europesays.com\/fi\/wp-json\/wp\/v2\/tags?post=100057"}],"curies":[{"name":"wp","href":"https:\/\/api.w.org\/{rel}","templated":true}]}}