{"id":100061,"date":"2025-11-25T23:53:08","date_gmt":"2025-11-25T23:53:08","guid":{"rendered":"https:\/\/www.europesays.com\/fi\/100061\/"},"modified":"2025-11-25T23:53:08","modified_gmt":"2025-11-25T23:53:08","slug":"hyonteismyrkyn-aiheuttama-myrkytys-vahvistui-turistien-kuolinsyyksi-istanbulissa-uutisia-lyhyesti","status":"publish","type":"post","link":"https:\/\/www.europesays.com\/fi\/100061\/","title":{"rendered":"Hy\u00f6nteismyrkyn aiheuttama myrkytys vahvistui turistien kuolinsyyksi Istanbulissa | Uutisia lyhyesti"},"content":{"rendered":"<p class=\"aw-1gybjub aw-5vja16 kEtdKx kmuxyA yle__article__paragraph\">Aluksi tutkimuksissa ep\u00e4iltiin ruoka\u00admyrkytyst\u00e4, mutta ruumiin\u00adavauksessa saksan\u00adturkkilaisesta perheest\u00e4 l\u00f6ydettiin merkkej\u00e4 hy\u00f6nteis\u00admyrkyst\u00e4.<\/p>\n<p><img decoding=\"async\" alt=\"Ihmisi\u00e4 k\u00e4velee kadulla. Taustalla Uusi Valide Sultanin moskeija ja sininen taivas.\" src=\"https:\/\/www.europesays.com\/fi\/wp-content\/uploads\/2025\/11\/39-15544576919692f1b4aa.jpeg\" class=\"aw-1l9m598 hKVVvP\"\/><\/p>\n<p>Avaa kuvien katselu<\/p>\n<p>Kuvituskuva Istanbulin kaduilta. Kuvan ihmiset tai paikka ei liity tapaukseen. Kuva: John Wreford \/ AOP<\/p>\n<p class=\"aw-1gybjub aw-1p7kakr kEtdKx cEmitX yle__article__paragraph\">Nelihenkisen saksanturkkilaisen perheen vahvistetaan kuolleen torjunta-aineista saatuun myrkytykseen Turkissa marraskuun puoliv\u00e4liss\u00e4. Asiasta kertoo uutistoimisto AFP viitaten Turkin median tietoihin.<\/p>\n<p class=\"aw-1gybjub aw-1p7kakr kEtdKx cEmitX yle__article__paragraph\">Tiistaina turkkilaismediat Halk TV ja T24 uutisoivat syytt\u00e4j\u00e4lle toimitetun ruumiinavausraportin pohjalta, ettei perheen sy\u00f6m\u00e4st\u00e4 ruoasta l\u00f6ytynyt vaarallisia aineita, mutta tutkimuksessa havaittiin merkkej\u00e4 hy\u00f6nteismyrkyst\u00e4. Perhe oli altistunut myrkylle hotellissa, jossa he olivat majoittuneet Istanbulissa.<\/p>\n<p class=\"aw-1gybjub aw-1p7kakr kEtdKx cEmitX yle__article__paragraph\">Raportin mukaan tutkimuksissa l\u00f6ytyi vahvoja todisteita siit\u00e4, ett\u00e4 perhe kuoli fosfiinikaasun takia.<\/p>\n<p class=\"aw-1gybjub aw-1p7kakr kEtdKx cEmitX yle__article__paragraph\">Perhe sairastui 12. marraskuuta ja sen j\u00e4senet kuolivat muutaman p\u00e4iv\u00e4n sis\u00e4ll\u00e4 toisistaan.<\/p>\n<p class=\"aw-1gybjub aw-1p7kakr kEtdKx cEmitX yle__article__paragraph\">Aluksi tutkimuksissa ep\u00e4iltiin ruokamyrkytyst\u00e4, sill\u00e4 perhe oli lomamatkansa aikana k\u00e4ynyt Ortak\u00f6yn turistialueella sy\u00f6m\u00e4ss\u00e4 katukeitti\u00f6ruokaa. Ep\u00e4ilykset kuitenkin muuttuivat sen j\u00e4lkeen, kun turkkilaismedia uutisoi hotellin pohjakerroksessa tehdyst\u00e4 tuholaistorjunnasta.<\/p>\n<p class=\"aw-1gybjub aw-1p7kakr kEtdKx cEmitX yle__article__paragraph\">Hy\u00f6nteismyrkkyn\u00e4 k\u00e4ytetty fosfiinikaasu arvellaan todenn\u00e4k\u00f6isesti p\u00e4\u00e4tyneen perheen huoneeseen ilmanvaihtokanavan kautta.<\/p>\n<p class=\"aw-1gybjub aw-1p7kakr kEtdKx cEmitX yle__article__paragraph\">Hotelli on sittemmin suljettu ja 11 henkil\u00f6\u00e4 on pid\u00e4tetty.<\/p>\n<p class=\"aw-1gybjub aw-1p7kakr kEtdKx cEmitX yle__article__paragraph\">AFP<\/p>\n","protected":false},"excerpt":{"rendered":"Aluksi tutkimuksissa ep\u00e4iltiin ruoka\u00admyrkytyst\u00e4, mutta ruumiin\u00adavauksessa saksan\u00adturkkilaisesta perheest\u00e4 l\u00f6ydettiin merkkej\u00e4 hy\u00f6nteis\u00admyrkyst\u00e4. Avaa kuvien katselu Kuvituskuva Istanbulin kaduilta. Kuvan&hellip;\n","protected":false},"author":2,"featured_media":100062,"comment_status":"","ping_status":"","sticky":false,"template":"","format":"standard","meta":{"footnotes":""},"categories":[14],"tags":[22,23,26,27,33,31,30,17,3148,19256,16160,24,25,28,29,15482,15,837,18,21,32,19,20,2735,56,16,6602,59,60,61],"class_list":{"0":"post-100061","1":"post","2":"type-post","3":"status-publish","4":"format-standard","5":"has-post-thumbnail","7":"category-ulkomaat","8":"tag-breaking-news","9":"tag-breakingnews","10":"tag-featured-news","11":"tag-featurednews","12":"tag-fi","13":"tag-finland","14":"tag-finnish","15":"tag-headlines","16":"tag-hotellit","17":"tag-hyonteismyrkyt","18":"tag-istanbul","19":"tag-latest-news","20":"tag-latestnews","21":"tag-main-news","22":"tag-mainnews","23":"tag-myrkytykset","24":"tag-news","25":"tag-onnettomuudet","26":"tag-otsikot","27":"tag-paauutiset","28":"tag-suomi","29":"tag-top-stories","30":"tag-topstories","31":"tag-turkki","32":"tag-ulkomaat","33":"tag-uutiset","34":"tag-vaaralliset-kemikaalit","35":"tag-world","36":"tag-world-news","37":"tag-worldnews"},"share_on_mastodon":{"url":"https:\/\/pubeurope.com\/@fi\/115613034618445211","error":""},"_links":{"self":[{"href":"https:\/\/www.europesays.com\/fi\/wp-json\/wp\/v2\/posts\/100061","targetHints":{"allow":["GET"]}}],"collection":[{"href":"https:\/\/www.europesays.com\/fi\/wp-json\/wp\/v2\/posts"}],"about":[{"href":"https:\/\/www.europesays.com\/fi\/wp-json\/wp\/v2\/types\/post"}],"author":[{"embeddable":true,"href":"https:\/\/www.europesays.com\/fi\/wp-json\/wp\/v2\/users\/2"}],"replies":[{"embeddable":true,"href":"https:\/\/www.europesays.com\/fi\/wp-json\/wp\/v2\/comments?post=100061"}],"version-history":[{"count":0,"href":"https:\/\/www.europesays.com\/fi\/wp-json\/wp\/v2\/posts\/100061\/revisions"}],"wp:featuredmedia":[{"embeddable":true,"href":"https:\/\/www.europesays.com\/fi\/wp-json\/wp\/v2\/media\/100062"}],"wp:attachment":[{"href":"https:\/\/www.europesays.com\/fi\/wp-json\/wp\/v2\/media?parent=100061"}],"wp:term":[{"taxonomy":"category","embeddable":true,"href":"https:\/\/www.europesays.com\/fi\/wp-json\/wp\/v2\/categories?post=100061"},{"taxonomy":"post_tag","embeddable":true,"href":"https:\/\/www.europesays.com\/fi\/wp-json\/wp\/v2\/tags?post=100061"}],"curies":[{"name":"wp","href":"https:\/\/api.w.org\/{rel}","templated":true}]}}