{"id":100081,"date":"2025-11-26T00:40:07","date_gmt":"2025-11-26T00:40:07","guid":{"rendered":"https:\/\/www.europesays.com\/fi\/100081\/"},"modified":"2025-11-26T00:40:07","modified_gmt":"2025-11-26T00:40:07","slug":"kevin-lankisen-pelikunto-on-taysi-mysteeri","status":"publish","type":"post","link":"https:\/\/www.europesays.com\/fi\/100081\/","title":{"rendered":"Kevin Lankisen pelikunto on t\u00e4ysi mysteeri"},"content":{"rendered":"<p>Vancouver Canucksin maalivahtiosasto joutui keskiviikkona uuteen turbulenssiin, kun seura ilmoitti <strong>Kevin Lankisen<\/strong> j\u00e4\u00e4v\u00e4n sivuun joukkueen alkavalta vieraskiertueelta.<\/p>\n<p>Canucks tiedotti, ett\u00e4 Lankinen ei matkusta muun joukkueen mukana \u201dhenkil\u00f6kohtaisten syiden\u201d vuoksi, eik\u00e4 paluuaikataulusta ole toistaiseksi tarkempaa tietoa.<\/p>\n<p>Seuran GM <strong>Patrik Allvin<\/strong> reagoi tilanteeseen ripe\u00e4sti kutsumalla AHL:ss\u00e4 pelanneen <strong>Jiri Pateran<\/strong> h\u00e4t\u00e4vahvistukseksi. T\u0161ekkil\u00e4isvahti liittyy ryhm\u00e4\u00e4n paikkaamaan Lankista, joka on toiminut kauden aikana Vancouverin luotettavana kakkosvahtina.<\/p>\n<p>Tilanteen Vancouverin kannalta tekee erityisen vaikeasti se, ett\u00e4 Canucksilla on k\u00e4siss\u00e4\u00e4n jo valmiiksi vakava maalivahtikriisi. Ykk\u00f6svahti <strong>Thatcher Demko<\/strong> on ollut loukkaantuneena sivussa, ja nyt my\u00f6s Lankisen poissaolo pakottaa seuran nojaamaan kokemattomampiin vaihtoehtoihin.<\/p>\n<p>Vancouver aloittaa nelj\u00e4n ottelun mittaisen vierasputken torstain vastaisena y\u00f6n\u00e4 Anaheim Ducksin vieraana. Ottelun l\u00e4ht\u00f6kohdat ovat poikkeuksellisen hankalat, sill\u00e4 maalille povataan nousevan valkoven\u00e4l\u00e4isvahti <strong>Nikita Tolopilon<\/strong>, joka on pelannut NHL:ss\u00e4 urallaan vasta yhden ottelun. Tolopilon harteille kasautuu nyt huomattavasti suurempi vastuu kuin mihin h\u00e4net on aiemmin asetettu.<\/p>\n<p><strong>LUE MY\u00d6S:\u00a0<a href=\"https:\/\/atleetti.fi\/sami-helenius-tiukkana-hifkn-suuntaan-pitaa-ottaa-nuija-kateen\/\" target=\"_blank\" rel=\"nofollow noopener\">Sami Helenius tiukkana HIFK:n suuntaan \u2013 \u201dPit\u00e4\u00e4 ottaa nuija k\u00e4teen\u201d (Atleetti.fi) <\/a><\/strong><\/p>\n","protected":false},"excerpt":{"rendered":"Vancouver Canucksin maalivahtiosasto joutui keskiviikkona uuteen turbulenssiin, kun seura ilmoitti Kevin Lankisen j\u00e4\u00e4v\u00e4n sivuun joukkueen alkavalta vieraskiertueelta. Canucks&hellip;\n","protected":false},"author":2,"featured_media":100082,"comment_status":"","ping_status":"","sticky":false,"template":"","format":"standard","meta":{"footnotes":""},"categories":[158],"tags":[33,31,30,159,32,160],"class_list":{"0":"post-100081","1":"post","2":"type-post","3":"status-publish","4":"format-standard","5":"has-post-thumbnail","7":"category-urheilu","8":"tag-fi","9":"tag-finland","10":"tag-finnish","11":"tag-sports","12":"tag-suomi","13":"tag-urheilu"},"share_on_mastodon":{"url":"https:\/\/pubeurope.com\/@fi\/115613219264870077","error":""},"_links":{"self":[{"href":"https:\/\/www.europesays.com\/fi\/wp-json\/wp\/v2\/posts\/100081","targetHints":{"allow":["GET"]}}],"collection":[{"href":"https:\/\/www.europesays.com\/fi\/wp-json\/wp\/v2\/posts"}],"about":[{"href":"https:\/\/www.europesays.com\/fi\/wp-json\/wp\/v2\/types\/post"}],"author":[{"embeddable":true,"href":"https:\/\/www.europesays.com\/fi\/wp-json\/wp\/v2\/users\/2"}],"replies":[{"embeddable":true,"href":"https:\/\/www.europesays.com\/fi\/wp-json\/wp\/v2\/comments?post=100081"}],"version-history":[{"count":0,"href":"https:\/\/www.europesays.com\/fi\/wp-json\/wp\/v2\/posts\/100081\/revisions"}],"wp:featuredmedia":[{"embeddable":true,"href":"https:\/\/www.europesays.com\/fi\/wp-json\/wp\/v2\/media\/100082"}],"wp:attachment":[{"href":"https:\/\/www.europesays.com\/fi\/wp-json\/wp\/v2\/media?parent=100081"}],"wp:term":[{"taxonomy":"category","embeddable":true,"href":"https:\/\/www.europesays.com\/fi\/wp-json\/wp\/v2\/categories?post=100081"},{"taxonomy":"post_tag","embeddable":true,"href":"https:\/\/www.europesays.com\/fi\/wp-json\/wp\/v2\/tags?post=100081"}],"curies":[{"name":"wp","href":"https:\/\/api.w.org\/{rel}","templated":true}]}}