{"id":100093,"date":"2025-11-26T00:59:13","date_gmt":"2025-11-26T00:59:13","guid":{"rendered":"https:\/\/www.europesays.com\/fi\/100093\/"},"modified":"2025-11-26T00:59:13","modified_gmt":"2025-11-26T00:59:13","slug":"aikooko-martina-aitolehti-liittya-onlyfansiin","status":"publish","type":"post","link":"https:\/\/www.europesays.com\/fi\/100093\/","title":{"rendered":"Aikooko Martina Aitolehti liitty\u00e4 Onlyfansiin?"},"content":{"rendered":"<p>Hyvinvointivalmentaja <strong>Martina Aitolehti<\/strong> ja h\u00e4nen ex-aviopuolisonsa <strong>Esko Eerik\u00e4inen <\/strong>keskustelevat tuoreessa <a href=\"https:\/\/open.podimo.com\/podcast\/f8ad0c7a-8d45-4583-94d6-7e0c0ce2f921\" target=\"_blank\" rel=\"noreferrer noopener nofollow\">Esko &amp; Martina -podcast<\/a> jaksossa muun muassa unelmista.<\/p>\n<p>Martina paljastaa jaksossa, ett\u00e4 h\u00e4n on salaa unelmoinut uudesta bisneksest\u00e4.<\/p>\n<p>\u2013 M\u00e4 v\u00e4h\u00e4n salaa unelmoin uuden bisneksen rakentamisesta, Martina aloittaa.<\/p>\n<p>\u2013 M\u00e4 haluaisin luoda jotain ihan uutta, h\u00e4n lis\u00e4\u00e4.<\/p>\n<p>Esko tiedustelee liittyyk\u00f6 Martinan uusi bisnes kenties urheiluun ja hyvinvointiin.<\/p>\n<p>\u2013 Joo ja ei. Ehk\u00e4 hy\u00f6dynt\u00e4isin mun omaa br\u00e4ndi\u00e4 ja n\u00e4kyvyytt\u00e4, Martina vastaa.<\/p>\n<p>\u2013 Onlyfansia? Esko kysyy.<\/p>\n<p>Martina torppaa Eskon ehdotuksen jyrk\u00e4sti.<\/p>\n<p>\u2013 M\u00e4 en ikin\u00e4 menisi Onlyfansiin. En ikimaailmassa, Martina p\u00e4ivittelee.<\/p>\n<blockquote class=\"instagram-media\" data-instgrm-permalink=\"https:\/\/www.instagram.com\/p\/DO0cD24CkRQ\/?utm_source=ig_embed&amp;utm_campaign=loading\" data-instgrm-version=\"14\" style=\" background:#FFF; border:0; border-radius:3px; box-shadow:0 0 1px 0 rgba(0,0,0,0.5),0 1px 10px 0 rgba(0,0,0,0.15); margin: 1px; max-width:540px; min-width:326px; padding:0; width:99.375%; width:-webkit-calc(100% - 2px); width:calc(100% - 2px);\"\/>\n<p>Aitolehti paljastaa, ett\u00e4 h\u00e4n on yst\u00e4v\u00e4ns\u00e4 kanssa jo ty\u00f6st\u00e4nyt uutta bisnest\u00e4. H\u00e4n ei kuitenkaan suostunut paljastamaan mik\u00e4 uusi bisnes tulee olemaan<\/p>\n<p>\u2013 Meill\u00e4 on aika selkeet ja suuret suunnitelmat, Aitolehti vihjaa.<\/p>\n<p>Martina unelmana on, ett\u00e4 h\u00e4nell\u00e4 on kymmenen vuoden p\u00e4\u00e4st\u00e4 yritys, joka tekee kovaa tulosta, vaikka h\u00e4n ei itse panostaisi esimerkiksi myyntiin.<\/p>\n<p>\u2013 Toivon ett\u00e4 olisin sellaisessa tilanteessa, ett\u00e4 mulla olisi toimiva bisnes, joka ei v\u00e4ltt\u00e4m\u00e4tt\u00e4 vaadi mun myymist\u00e4.<\/p>\n<p>\u2013 Eli suomeksi sanottuna s\u00e4 haluat tienata rahat tekem\u00e4tt\u00e4 yht\u00e4\u00e4n mit\u00e4\u00e4n, Esko nauraa.<\/p>\n<p>\u2013 Ei! Se on mahdotonta, Martina toistelee Eskon hekottaessa vieress\u00e4.<\/p>\n<blockquote class=\"instagram-media\" data-instgrm-permalink=\"https:\/\/www.instagram.com\/p\/DREUzKcCvOQ\/?utm_source=ig_embed&amp;utm_campaign=loading\" data-instgrm-version=\"14\" style=\" background:#FFF; border:0; border-radius:3px; box-shadow:0 0 1px 0 rgba(0,0,0,0.5),0 1px 10px 0 rgba(0,0,0,0.15); margin: 1px; max-width:540px; min-width:326px; padding:0; width:99.375%; width:-webkit-calc(100% - 2px); width:calc(100% - 2px);\"\/>\n<p><script async src=\"\/\/www.instagram.com\/embed.js\"><\/script><\/p>\n","protected":false},"excerpt":{"rendered":"Hyvinvointivalmentaja Martina Aitolehti ja h\u00e4nen ex-aviopuolisonsa Esko Eerik\u00e4inen keskustelevat tuoreessa Esko &amp; Martina -podcast jaksossa muun muassa unelmista.&hellip;\n","protected":false},"author":2,"featured_media":100094,"comment_status":"","ping_status":"","sticky":false,"template":"","format":"standard","meta":{"footnotes":""},"categories":[136],"tags":[407,137,1176,33,31,30,408,11514,2878,3705,32,109],"class_list":{"0":"post-100093","1":"post","2":"type-post","3":"status-publish","4":"format-standard","5":"has-post-thumbnail","7":"category-julkkikset","8":"tag-celebrities","9":"tag-entertainment","10":"tag-esko-eerikainen","11":"tag-fi","12":"tag-finland","13":"tag-finnish","14":"tag-julkkikset","15":"tag-martina-esko","16":"tag-martina-aitolehti","17":"tag-onlyfans","18":"tag-suomi","19":"tag-viihde"},"share_on_mastodon":{"url":"https:\/\/pubeurope.com\/@fi\/115613293832608423","error":""},"_links":{"self":[{"href":"https:\/\/www.europesays.com\/fi\/wp-json\/wp\/v2\/posts\/100093","targetHints":{"allow":["GET"]}}],"collection":[{"href":"https:\/\/www.europesays.com\/fi\/wp-json\/wp\/v2\/posts"}],"about":[{"href":"https:\/\/www.europesays.com\/fi\/wp-json\/wp\/v2\/types\/post"}],"author":[{"embeddable":true,"href":"https:\/\/www.europesays.com\/fi\/wp-json\/wp\/v2\/users\/2"}],"replies":[{"embeddable":true,"href":"https:\/\/www.europesays.com\/fi\/wp-json\/wp\/v2\/comments?post=100093"}],"version-history":[{"count":0,"href":"https:\/\/www.europesays.com\/fi\/wp-json\/wp\/v2\/posts\/100093\/revisions"}],"wp:featuredmedia":[{"embeddable":true,"href":"https:\/\/www.europesays.com\/fi\/wp-json\/wp\/v2\/media\/100094"}],"wp:attachment":[{"href":"https:\/\/www.europesays.com\/fi\/wp-json\/wp\/v2\/media?parent=100093"}],"wp:term":[{"taxonomy":"category","embeddable":true,"href":"https:\/\/www.europesays.com\/fi\/wp-json\/wp\/v2\/categories?post=100093"},{"taxonomy":"post_tag","embeddable":true,"href":"https:\/\/www.europesays.com\/fi\/wp-json\/wp\/v2\/tags?post=100093"}],"curies":[{"name":"wp","href":"https:\/\/api.w.org\/{rel}","templated":true}]}}