{"id":100123,"date":"2025-11-26T01:58:12","date_gmt":"2025-11-26T01:58:12","guid":{"rendered":"https:\/\/www.europesays.com\/fi\/100123\/"},"modified":"2025-11-26T01:58:12","modified_gmt":"2025-11-26T01:58:12","slug":"kahden-ottelun-viikko-kayntiin-lahdessa","status":"publish","type":"post","link":"https:\/\/www.europesays.com\/fi\/100123\/","title":{"rendered":"Kahden ottelun viikko k\u00e4yntiin Lahdessa!"},"content":{"rendered":"<p class=\" p1\"><b>JYP kohtaa Lahden Pelicansin Isku Areenalla keskiviikkona 26. marraskuuta <\/b><b>klo 18.30 alkaen.<\/b><\/p>\n<p><img fetchpriority=\"high\" decoding=\"async\" class=\"alignleft size-large wp-image-185639\" src=\"https:\/\/www.europesays.com\/fi\/wp-content\/uploads\/2025\/11\/syntymapaivat-2025-11-25t151441018-1024x687.png\" alt=\"Pelicans-JYP otteluennakko\" width=\"1024\" height=\"687\"  \/><\/p>\n<p class=\"p1\">JYPin kahden ottelun viikko k\u00e4ynnistyy keskiviikkona Lahdessa. Toisen ottelun hurrikaaniryhm\u00e4 pelaa perjantaina Hippoksella, kun vieraaksi astelee SaiPa.<\/p>\n<p class=\"p1\">\u2013 Huomenna p\u00e4\u00e4st\u00e4\u00e4n pelaamaan taas. Treeneiss\u00e4 ollut hyv\u00e4 meininki, niin kuin koko syksyn. L\u00e4het\u00e4\u00e4n Lahteen, jossa tulee kova peli, kun vastustajakin ottanut voittoja alle, paluun joukkueharjoituksiin t\u00e4ll\u00e4 viikolla tehnyt <b>Juuso Puustinen<\/b> analysoi.<\/p>\n<p class=\"p1\">Viime viikolla JYP pelasi vain yhden kamppailun, jossa Lukko kaatui tiukkojen vaiheiden j\u00e4lkeen jatkoajalla maalein 4\u20133. Hurrikaaniryhm\u00e4n alkukausi on ylip\u00e4\u00e4t\u00e4\u00e4n ollut v\u00e4lj\u00e4, sill\u00e4 JYP pelannut Liigassa v\u00e4hiten otteluita (21) yhdess\u00e4 KalPan kanssa. Esimerkiksi TPS:ll\u00e4 ja Jukureilla otteluita on k\u00e4ytyn\u00e4 jo 25 kappaletta.<\/p>\n<p class=\"p1\">V\u00e4h\u00e4isest\u00e4 pelim\u00e4\u00e4r\u00e4st\u00e4 huolimatta JYP on yh\u00e4 sarjassa toisena ker\u00e4tty\u00e4\u00e4n t\u00e4h\u00e4n menness\u00e4 huimat 46 pistett\u00e4. Kun pistekeskiarvoa katsotaan, on JYP viikkoon l\u00e4hdett\u00e4ess\u00e4 sarjak\u00e4rki. Kymmenen ottelun pisteputkessa liit\u00e4v\u00e4 hurrikaaniryhm\u00e4 tavoittelee keskiviikkona jo viidett\u00e4 per\u00e4kk\u00e4ist\u00e4 voittoa.<\/p>\n<p class=\"p1\">Lahdessa erityisi\u00e4 katseita osakseen saanee Pelicans-kasvatti <b>Leevi Tukiainen<\/b>, joka pelaa uransa ensimm\u00e4isen ottelun vierasnutussa Isku Areenalla. JYPin kultakyp\u00e4r\u00e4\u00e4 kantava Tukiainen on m\u00e4tt\u00e4nyt 21 otteluun 27 (19+8) pistett\u00e4 ja on parhaillaan viiden ottelun maaliputkessa. Lepa johtaa nelj\u00e4n osuman turvin Liigan maalip\u00f6rssi\u00e4 ennen <b>Valtteri <\/b><b>Ojantakasta<\/b>.<\/p>\n<p class=\"p1\">Syyskuussa pelatussa JYP\u2013Pelicans-ottelussa Tukiainen kuritti kasvattajaseuraansa kahdella t\u00e4ysosumalla. Hurrikaaniryhm\u00e4 voitti kyseisen pelin maalein 5\u20131.<\/p>\n<p><b>Lahden Pelicans<\/b><\/p>\n<p class=\"p1\">Pelicans majailee Liigassa kolmanneksi viimeisen\u00e4 ennen tiistain kierrosta. Viime viikolla <b>Sami Kapasen<\/b> luotsaama lahtelaisnippu kairasi kaksi arvokasta voittoa SaiPasta sek\u00e4 \u00c4ssist\u00e4.<\/p>\n<p class=\"p1\">V\u00e4h\u00e4maalisten voittojen takuumiehen\u00e4 oli Liigan parhaimpiin maalivahteihin lukeutuva <b>Patrik Bartosak<\/b>, joka nollasi sarjan piikkipaikalla olevan \u00c4ss\u00e4t viime lauantaina.<\/p>\n<p class=\"p1\">Tshekkivahdin torjuntaprosentti on 18 ottelussa 91,28 ja nollapelej\u00e4 on kertynyt per\u00e4ti viisi. Pelicansin joukkueen rakenne poikkeaa monista muista seuroista. Viime otteluissa lahtelaisten kokoonpanossa noin puolet ovat olleet ulkomaalaispelaajia. Bartosak mukaan laskettuna edellisottelussa Pelicansin kokoonpanossa oli yhteens\u00e4 kymmenen ulkomaalaisvahvistusta.<\/p>\n<p class=\"p1\">Haastavan alkukauden tahkonut Pelicans vahvisti viime viikolla hy\u00f6kk\u00e4yst\u00e4\u00e4n Jukureistakin tutulla <b>Oskars Batnalla<\/b>. Isokokoinen Latvian maajoukkuepelaaja nappasi heti avausottelussaan sy\u00f6tt\u00f6pisteen. Viikon p\u00e4\u00e4tteeksi Pelicans tiedotti my\u00f6s tehneens\u00e4 sopimuksen HockeyAllsvenskanissa tuhoja tehneen hy\u00f6kk\u00e4\u00e4j\u00e4 <b>A.J. Vanderbeckin<\/b> kanssa. Oikealta laukova yhdysvaltalainen ei ollut viel\u00e4 tiistaina kokoonpanossa, kun lahtelaiset kohtasivat vieraissa Ilveksen.<\/p>\n<p class=\"p1\">Pelicans\u2013JYP Isku Areenalla 26.11. klo 18.30 alkaen.<\/p>\n<p class=\"p1\">Ottelua voi seurata MTV Katsomo+ Urheilu -palvelusta<\/p>\n<p class=\"p1\">Toimittaja: Elias Jolanki<\/p>\n<p><strong>Loukkaantumistilanne (25.11.)<\/strong><\/p>\n<p>Huttu 1-2 viikkoa<br \/>Aliranta 3-4 viikkoa<br \/>Liikonen m\u00e4\u00e4rittelem\u00e4t\u00f6n<br \/>Huovila 9-11 viikkoa<br \/>Eronen 2-3 viikkoa<\/p>\n","protected":false},"excerpt":{"rendered":"JYP kohtaa Lahden Pelicansin Isku Areenalla keskiviikkona 26. marraskuuta klo 18.30 alkaen. JYPin kahden ottelun viikko k\u00e4ynnistyy keskiviikkona&hellip;\n","protected":false},"author":2,"featured_media":100124,"comment_status":"","ping_status":"","sticky":false,"template":"","format":"standard","meta":{"footnotes":""},"categories":[158],"tags":[33,31,30,159,32,160],"class_list":{"0":"post-100123","1":"post","2":"type-post","3":"status-publish","4":"format-standard","5":"has-post-thumbnail","7":"category-urheilu","8":"tag-fi","9":"tag-finland","10":"tag-finnish","11":"tag-sports","12":"tag-suomi","13":"tag-urheilu"},"share_on_mastodon":{"url":"https:\/\/pubeurope.com\/@fi\/115613525987893408","error":""},"_links":{"self":[{"href":"https:\/\/www.europesays.com\/fi\/wp-json\/wp\/v2\/posts\/100123","targetHints":{"allow":["GET"]}}],"collection":[{"href":"https:\/\/www.europesays.com\/fi\/wp-json\/wp\/v2\/posts"}],"about":[{"href":"https:\/\/www.europesays.com\/fi\/wp-json\/wp\/v2\/types\/post"}],"author":[{"embeddable":true,"href":"https:\/\/www.europesays.com\/fi\/wp-json\/wp\/v2\/users\/2"}],"replies":[{"embeddable":true,"href":"https:\/\/www.europesays.com\/fi\/wp-json\/wp\/v2\/comments?post=100123"}],"version-history":[{"count":0,"href":"https:\/\/www.europesays.com\/fi\/wp-json\/wp\/v2\/posts\/100123\/revisions"}],"wp:featuredmedia":[{"embeddable":true,"href":"https:\/\/www.europesays.com\/fi\/wp-json\/wp\/v2\/media\/100124"}],"wp:attachment":[{"href":"https:\/\/www.europesays.com\/fi\/wp-json\/wp\/v2\/media?parent=100123"}],"wp:term":[{"taxonomy":"category","embeddable":true,"href":"https:\/\/www.europesays.com\/fi\/wp-json\/wp\/v2\/categories?post=100123"},{"taxonomy":"post_tag","embeddable":true,"href":"https:\/\/www.europesays.com\/fi\/wp-json\/wp\/v2\/tags?post=100123"}],"curies":[{"name":"wp","href":"https:\/\/api.w.org\/{rel}","templated":true}]}}