{"id":100135,"date":"2025-11-26T02:23:08","date_gmt":"2025-11-26T02:23:08","guid":{"rendered":"https:\/\/www.europesays.com\/fi\/100135\/"},"modified":"2025-11-26T02:23:08","modified_gmt":"2025-11-26T02:23:08","slug":"paakirjoitus-influenssakausi-kaynnistymassa-varhain-rokote-kannattaa-vaikka-teho-olisi-heikompi-paakirjoitus-mielipide","status":"publish","type":"post","link":"https:\/\/www.europesays.com\/fi\/100135\/","title":{"rendered":"P\u00e4\u00e4kirjoitus | Influenssakausi k\u00e4ynnistym\u00e4ss\u00e4 varhain \u2013\u2009Rokote kannattaa, vaikka teho olisi heikompi | P\u00e4\u00e4kirjoitus &#038; mielipide"},"content":{"rendered":"<p>Marraskuun pime\u00e4 on vankasti vy\u00f6rynyt ylle ja influenssakausi on tuttuun tapaan k\u00e4ynnistym\u00e4ss\u00e4 \u2013\u2009tosin tavanomaista aikaisemmin. Terveyden ja hyvinvoinnin laitos (THL) kiiruhti tiedottamaan influenssakauden k\u00e4ynnistymisest\u00e4 ja kannusti erityisesti riskiryhm\u00e4\u00e4n kuuluvia ottamaan influenssarokotteen viipym\u00e4tt\u00e4.<\/p>\n<p>Ohjeistus on perin ymm\u00e4rrett\u00e4v\u00e4, sill\u00e4 rokotussuojan kehittymiseen menee noin kaksi viikkoa. Siin\u00e4 ajassa aikaisin rantautunut influenssavirus ehtii tarttua ja levit\u00e4 ty\u00f6paikoilla, kouluissa tai tilaisuuksissa, joissa on paljon ihmisi\u00e4.<\/p>\n<p>Influenssa on ik\u00e4v\u00e4 kulkutauti. Joka vuosi toista tuhatta henkil\u00f6\u00e4 joutuu sairaalahoitoon influenssan takia, ja osalle sairaus on hyvin vakava. Esimerkiksi pienille lapsille, raskaana oleville ja ik\u00e4ihmisille rokotuksen tarjoama suoja voi olla hyvin arvokas.<\/p>\n<p>THL:n mukaan t\u00e4n\u00e4 syksyn\u00e4 Suomessa tutkitut influenssavirukset ovat olleet A-influenssaviruksen alatyyppi\u00e4 H3N2. Viruksen alatyypin rakenne poikkeaa Suomessa k\u00e4ytett\u00e4v\u00e4n rokotteen virusrakenteesta. Rokotteen antama suoja voi siis olla odotettua heikompi. Siit\u00e4 huolimatta rokotus on THL:n mukaan paras suoja influenssaa vastaan.<\/p>\n<p>Kotkan ja Haminan seudulla lapsiperheiden ei tarvitse huolehtia perheen pienimpien suojasta, jos rokotusta mielii. Sit\u00e4 varten on neuvola. Alle kouluik\u00e4isist\u00e4 lapsista on koko maassa rokotettu t\u00e4n\u00e4 syksyn\u00e4 kuitenkin vasta reilu viidesosa, vaikka rokotuksen saisi maksuttomana neuvolassa.<\/p>\n<p>Influenssan lis\u00e4ksi marraskuussa levi\u00e4\u00e4 useita muitakin viruksia. Huomaavaisuus muita kohtaan on t\u00e4h\u00e4n aikaan vuodesta t\u00e4rke\u00e4\u00e4. Ainahan virustartunnalta ei voi v\u00e4ltty\u00e4, mutta ei flunssaa ehdoin tahdoin kannata my\u00f6sk\u00e4\u00e4n levitt\u00e4\u00e4 tai kalastella itselleen. Hyv\u00e4 k\u00e4sihygienia, sairastaminen kotona ja maskin k\u00e4ytt\u00f6 tarvittaessa ovat kelpokeinoja suojella itse\u00e4 ja ennen kaikkea niit\u00e4, jotka kuuluvat influenssan riskiryhm\u00e4\u00e4n.<\/p>\n","protected":false},"excerpt":{"rendered":"Marraskuun pime\u00e4 on vankasti vy\u00f6rynyt ylle ja influenssakausi on tuttuun tapaan k\u00e4ynnistym\u00e4ss\u00e4 \u2013\u2009tosin tavanomaista aikaisemmin. Terveyden ja hyvinvoinnin&hellip;\n","protected":false},"author":2,"featured_media":100136,"comment_status":"","ping_status":"","sticky":false,"template":"","format":"standard","meta":{"footnotes":""},"categories":[165],"tags":[33,31,30,6732,1301,166,766,2289,32,767,679,167,769],"class_list":{"0":"post-100135","1":"post","2":"type-post","3":"status-publish","4":"format-standard","5":"has-post-thumbnail","7":"category-terveys","8":"tag-fi","9":"tag-finland","10":"tag-finnish","11":"tag-flunssa","12":"tag-hamina","13":"tag-health","14":"tag-koronavirus","15":"tag-kotka-hamina-seutukunta","16":"tag-suomi","17":"tag-tartuntataudit","18":"tag-terveydenhuollon-toimintalaitokset","19":"tag-terveys","20":"tag-virussairaudet"},"share_on_mastodon":{"url":"https:\/\/pubeurope.com\/@fi\/115613624180561343","error":""},"_links":{"self":[{"href":"https:\/\/www.europesays.com\/fi\/wp-json\/wp\/v2\/posts\/100135","targetHints":{"allow":["GET"]}}],"collection":[{"href":"https:\/\/www.europesays.com\/fi\/wp-json\/wp\/v2\/posts"}],"about":[{"href":"https:\/\/www.europesays.com\/fi\/wp-json\/wp\/v2\/types\/post"}],"author":[{"embeddable":true,"href":"https:\/\/www.europesays.com\/fi\/wp-json\/wp\/v2\/users\/2"}],"replies":[{"embeddable":true,"href":"https:\/\/www.europesays.com\/fi\/wp-json\/wp\/v2\/comments?post=100135"}],"version-history":[{"count":0,"href":"https:\/\/www.europesays.com\/fi\/wp-json\/wp\/v2\/posts\/100135\/revisions"}],"wp:featuredmedia":[{"embeddable":true,"href":"https:\/\/www.europesays.com\/fi\/wp-json\/wp\/v2\/media\/100136"}],"wp:attachment":[{"href":"https:\/\/www.europesays.com\/fi\/wp-json\/wp\/v2\/media?parent=100135"}],"wp:term":[{"taxonomy":"category","embeddable":true,"href":"https:\/\/www.europesays.com\/fi\/wp-json\/wp\/v2\/categories?post=100135"},{"taxonomy":"post_tag","embeddable":true,"href":"https:\/\/www.europesays.com\/fi\/wp-json\/wp\/v2\/tags?post=100135"}],"curies":[{"name":"wp","href":"https:\/\/api.w.org\/{rel}","templated":true}]}}