{"id":100144,"date":"2025-11-26T02:50:12","date_gmt":"2025-11-26T02:50:12","guid":{"rendered":"https:\/\/www.europesays.com\/fi\/100144\/"},"modified":"2025-11-26T02:50:12","modified_gmt":"2025-11-26T02:50:12","slug":"cristiano-ronaldolle-pelilupa-mm-avaukseen-ulosajosta-huolimatta-urheilu","status":"publish","type":"post","link":"https:\/\/www.europesays.com\/fi\/100144\/","title":{"rendered":"Cristiano Ronaldolle pelilupa MM-avaukseen \u2013 ulosajosta huolimatta | Urheilu"},"content":{"rendered":"<p>Portugalilainen jalkapallolegenda Cristiano Ronaldo voi pelata maajoukkueensa avausottelussa ensi kes\u00e4n MM-lopputurnauksessa, vaikka h\u00e4net ajettiinkin ulos MM-karsintojen viimeist\u00e4 edellisess\u00e4 ottelussa Irlantia vastaan aiemmin t\u00e4ss\u00e4 kuussa ja siit\u00e4 seurasi kolmen ottelun pelikielto. Kansainv\u00e4linen jalkapalloliitto Fifa ilmoitti tiistaina, ett\u00e4 Ronaldon kaksi j\u00e4ljell\u00e4 olevaa pelikieltopeli\u00e4 on siirretty &#8221;ehdollisiksi&#8221;.<\/p>\n<p>Ronaldo, 40, iski kyyn\u00e4rp\u00e4\u00e4ll\u00e4 Irlannin Dara O&#8217;Sheaa selk\u00e4\u00e4n ottelussa, jossa Irlanti kukisti Portugalin 2\u20130. Karsintalohkon p\u00e4\u00e4t\u00f6skierroksella Ronaldo seurasi pelikieltoisena sivusta, kun Portugali h\u00f6ykytti Armenian 9\u20131.<\/p>\n<p>\u2013\u2009Jos Cristiano Ronaldo syyllistyy vastaavanlaiseen rikkeeseen (vuoden kest\u00e4v\u00e4n) ehdonalaisajan aikana, kurinpitop\u00e4\u00e4t\u00f6ksen m\u00e4\u00e4rittelem\u00e4 pelikielto katsotaan astuneeksi voimaan ja n\u00e4m\u00e4 kaksi j\u00e4ljell\u00e4 olevaa ottelua on k\u00e4rsitt\u00e4v\u00e4 pelikiellossa, Fifa julisti muun muassa BBC:n <a href=\"https:\/\/www.bbc.com\/sport\/football\/articles\/c30jp9q4jp6o\" rel=\"nofollow noopener\" target=\"_blank\">mukaan<\/a>.<\/p>\n","protected":false},"excerpt":{"rendered":"Portugalilainen jalkapallolegenda Cristiano Ronaldo voi pelata maajoukkueensa avausottelussa ensi kes\u00e4n MM-lopputurnauksessa, vaikka h\u00e4net ajettiinkin ulos MM-karsintojen viimeist\u00e4 edellisess\u00e4&hellip;\n","protected":false},"author":2,"featured_media":100145,"comment_status":"","ping_status":"","sticky":false,"template":"","format":"standard","meta":{"footnotes":""},"categories":[158],"tags":[2326,33,31,30,43,42,1745,1984,41,1623,159,32,160],"class_list":{"0":"post-100144","1":"post","2":"type-post","3":"status-publish","4":"format-standard","5":"has-post-thumbnail","7":"category-urheilu","8":"tag-bbc","9":"tag-fi","10":"tag-finland","11":"tag-finnish","12":"tag-jalkapallo","13":"tag-jalkapalloon-perustuvat-lajit","14":"tag-jalkapallopelaajat","15":"tag-jalkapallopelaajat-miehet","16":"tag-liikunta-ja-urheilu","17":"tag-miesten-jalkapallo","18":"tag-sports","19":"tag-suomi","20":"tag-urheilu"},"share_on_mastodon":{"url":"https:\/\/pubeurope.com\/@fi\/115613730275806374","error":""},"_links":{"self":[{"href":"https:\/\/www.europesays.com\/fi\/wp-json\/wp\/v2\/posts\/100144","targetHints":{"allow":["GET"]}}],"collection":[{"href":"https:\/\/www.europesays.com\/fi\/wp-json\/wp\/v2\/posts"}],"about":[{"href":"https:\/\/www.europesays.com\/fi\/wp-json\/wp\/v2\/types\/post"}],"author":[{"embeddable":true,"href":"https:\/\/www.europesays.com\/fi\/wp-json\/wp\/v2\/users\/2"}],"replies":[{"embeddable":true,"href":"https:\/\/www.europesays.com\/fi\/wp-json\/wp\/v2\/comments?post=100144"}],"version-history":[{"count":0,"href":"https:\/\/www.europesays.com\/fi\/wp-json\/wp\/v2\/posts\/100144\/revisions"}],"wp:featuredmedia":[{"embeddable":true,"href":"https:\/\/www.europesays.com\/fi\/wp-json\/wp\/v2\/media\/100145"}],"wp:attachment":[{"href":"https:\/\/www.europesays.com\/fi\/wp-json\/wp\/v2\/media?parent=100144"}],"wp:term":[{"taxonomy":"category","embeddable":true,"href":"https:\/\/www.europesays.com\/fi\/wp-json\/wp\/v2\/categories?post=100144"},{"taxonomy":"post_tag","embeddable":true,"href":"https:\/\/www.europesays.com\/fi\/wp-json\/wp\/v2\/tags?post=100144"}],"curies":[{"name":"wp","href":"https:\/\/api.w.org\/{rel}","templated":true}]}}