{"id":100168,"date":"2025-11-26T04:01:12","date_gmt":"2025-11-26T04:01:12","guid":{"rendered":"https:\/\/www.europesays.com\/fi\/100168\/"},"modified":"2025-11-26T04:01:12","modified_gmt":"2025-11-26T04:01:12","slug":"supertahtien-valille-syttyi-vuosien-sota-havyton-alastonvideo-tanaan-tvssa","status":"publish","type":"post","link":"https:\/\/www.europesays.com\/fi\/100168\/","title":{"rendered":"Supert\u00e4htien v\u00e4lille syttyi vuosien sota \u2013 H\u00e4vyt\u00f6n \u201dalastonvideo\u201d t\u00e4n\u00e4\u00e4n tv:ss\u00e4"},"content":{"rendered":"<p>Taylor Swiftin ja Kanye Westin v\u00e4list\u00e4 riitaa k\u00e4sitell\u00e4\u00e4n Ylell\u00e4 n\u00e4ht\u00e4v\u00e4ss\u00e4 Taylor-dokumenttisarjassa.<\/p>\n<p><img decoding=\"async\" class=\"image image-show image-preview\" src=\"https:\/\/www.europesays.com\/fi\/wp-content\/uploads\/2025\/11\/b0172db5051a2fba34ad8fd36c8c84c25dfed4ece194c9d1139b3880c036dacb.jpg\" alt=\"\"\/><img decoding=\"async\" class=\"image image-show\" src=\"https:\/\/www.europesays.com\/fi\/wp-content\/uploads\/2025\/11\/1764129672_269_b0172db5051a2fba34ad8fd36c8c84c25dfed4ece194c9d1139b3880c036dacb.jpg\" alt=\"\"\/><\/p>\n<p>Taylor-dokumentissa \u00e4\u00e4neen p\u00e4\u00e4sev\u00e4t muun muassa laulajan superfanit. Taylor Swifti\u00e4 itse\u00e4\u00e4n kuullaan arkistomateriaalin muodossa. Yle<\/p>\n<p class=\"paragraph\">Popt\u00e4hti <a href=\"https:\/\/www.iltalehti.fi\/henkilot\/Taylor Swift\" class=\"article-link-person-page\" rel=\"nofollow noopener\" target=\"_blank\">Taylor Swiftist\u00e4<\/a> kertova dokumenttisarja Taylor alkaa t\u00e4n\u00e4\u00e4n Teema &amp; Fem -kanavalla. Sarjan molemmat osat ovat jo katsottavissa Areenan puolella.<\/p>\n<p class=\"paragraph\">Dokumenttisarjan ensimm\u00e4isess\u00e4 osassa k\u00e4yd\u00e4\u00e4n l\u00e4pi muun muassa Swiftin julkista kiistaa r\u00e4pp\u00e4ri <a href=\"https:\/\/www.iltalehti.fi\/henkilot\/Kanye West\" class=\"article-link-person-page\" rel=\"nofollow noopener\" target=\"_blank\">Kanye Westin<\/a> ja t\u00e4m\u00e4n silloisen vaimon <a href=\"https:\/\/www.iltalehti.fi\/henkilot\/Kim Kardashian\" class=\"article-link-person-page\" rel=\"nofollow noopener\" target=\"_blank\">Kim Kardashianin<\/a> kanssa.<\/p>\n<p class=\"paragraph\"><a href=\"https:\/\/www.iltalehti.fi\/viihdeuutiset\/d9c7cc23-b300-43f8-9c33-cd1547273ade\" rel=\"nofollow noopener\" target=\"_blank\">Riita sai alkunsa vuonna 2009<\/a>, kun West tunki MTV Video Music -palkintogaalan lavalle kesken Swiftin palkintopuheen ja julisti, ett\u00e4 parhaan naisartistin videon palkinnon olisi kuulunut menn\u00e4 <strong>Beyonc\u00e9lle<\/strong>.<\/p>\n<p class=\"paragraph\">Asia nousi pinnalle uudestaan vuonna 2016. West nimitti Famous-kappaleessaan Swifti\u00e4 \u201dnartuksi\u201d, joka oli kuuluisa h\u00e4nen ansiostaan. Kappaleen musiikkivideolla n\u00e4htiin Swifti\u00e4 muistuttava alaston vahanukke s\u00e4ngyss\u00e4 Westin ja muiden julkkisten kanssa.<\/p>\n<p>Vuonna 2015 Kanye West ja Taylor Swift olivat jo n\u00e4enn\u00e4isesti hieromassa sopua. Sen j\u00e4lkeen tilanne r\u00e4j\u00e4hti k\u00e4siin. AOP<\/p>\n<p class=\"paragraph\">Swift ilmaisi j\u00e4lkik\u00e4teen jyrk\u00e4sti, ettei ollut antanut hyv\u00e4ksynt\u00e4\u00e4ns\u00e4 ja kutsui musiikkivideota kostopornoksi. Kim Kardashian kuitenkin v\u00e4itti vastaan. H\u00e4n julkaisi tallenteen puhelusta, joka antoi ymm\u00e4rt\u00e4\u00e4, ett\u00e4 Swift todellisuudessa oli perill\u00e4 Westin suunnitelmasta ja suostunut siihen.<\/p>\n<p class=\"paragraph\">Kardashianin fanit hy\u00f6kk\u00e4siv\u00e4t sosiaalisessa mediassa Swifti\u00e4 vastaan. Swift joutui valtavan mediamyll\u00e4k\u00e4n keski\u00f6\u00f6n. Asiaa puitiin julkisuudessa vuosien ajan.<\/p>\n<p class=\"paragraph\">My\u00f6hemmin k\u00e4vi ilmi, ett\u00e4 <a href=\"https:\/\/www.iltalehti.fi\/viihdeuutiset\/f1ca1298-f571-4866-abdc-b20146eca8d7\" rel=\"nofollow noopener\" target=\"_blank\">Kardashian oli leikannut puhelutallennetta<\/a> tavalla, joka v\u00e4\u00e4risti totuuden. Vuonna 2020 julki tulleessa k\u00e4sittelem\u00e4ss\u00e4 tallenteessa kuullaan, ett\u00e4 Swift oli antanut suostumuksensa nimens\u00e4 k\u00e4ytt\u00f6\u00f6n, mutta ei ollut tietoinen sanoitusten ja musiikkivideon halventavasta muodosta.<\/p>\n<p class=\"paragraph\">Taylor t\u00e4n\u00e4\u00e4n Teema &amp; Femill\u00e4 kello 22.40 &amp; Areenassa. <a href=\"https:\/\/www.iltalehti.fi\/telkku\" rel=\"nofollow noopener\" target=\"_blank\">Katso kaikki TV-ohjelmat ja l\u00e4hetysajat Telkun TV-oppaasta<\/a>.<\/p>\n","protected":false},"excerpt":{"rendered":"Taylor Swiftin ja Kanye Westin v\u00e4list\u00e4 riitaa k\u00e4sitell\u00e4\u00e4n Ylell\u00e4 n\u00e4ht\u00e4v\u00e4ss\u00e4 Taylor-dokumenttisarjassa. Taylor-dokumentissa \u00e4\u00e4neen p\u00e4\u00e4sev\u00e4t muun muassa laulajan superfanit.&hellip;\n","protected":false},"author":2,"featured_media":100169,"comment_status":"","ping_status":"","sticky":false,"template":"","format":"standard","meta":{"footnotes":""},"categories":[136],"tags":[35,138,407,137,33,31,30,408,47,141,1223,32,416,109],"class_list":{"0":"post-100168","1":"post","2":"type-post","3":"status-publish","4":"format-standard","5":"has-post-thumbnail","7":"category-julkkikset","8":"tag-24h","9":"tag-audio","10":"tag-celebrities","11":"tag-entertainment","12":"tag-fi","13":"tag-finland","14":"tag-finnish","15":"tag-julkkikset","16":"tag-musiikki","17":"tag-muusikot-bandit","18":"tag-popmusiikki","19":"tag-suomi","20":"tag-urbaani-nykymusiikki","21":"tag-viihde"},"share_on_mastodon":{"url":"https:\/\/pubeurope.com\/@fi\/115614009611183212","error":""},"_links":{"self":[{"href":"https:\/\/www.europesays.com\/fi\/wp-json\/wp\/v2\/posts\/100168","targetHints":{"allow":["GET"]}}],"collection":[{"href":"https:\/\/www.europesays.com\/fi\/wp-json\/wp\/v2\/posts"}],"about":[{"href":"https:\/\/www.europesays.com\/fi\/wp-json\/wp\/v2\/types\/post"}],"author":[{"embeddable":true,"href":"https:\/\/www.europesays.com\/fi\/wp-json\/wp\/v2\/users\/2"}],"replies":[{"embeddable":true,"href":"https:\/\/www.europesays.com\/fi\/wp-json\/wp\/v2\/comments?post=100168"}],"version-history":[{"count":0,"href":"https:\/\/www.europesays.com\/fi\/wp-json\/wp\/v2\/posts\/100168\/revisions"}],"wp:featuredmedia":[{"embeddable":true,"href":"https:\/\/www.europesays.com\/fi\/wp-json\/wp\/v2\/media\/100169"}],"wp:attachment":[{"href":"https:\/\/www.europesays.com\/fi\/wp-json\/wp\/v2\/media?parent=100168"}],"wp:term":[{"taxonomy":"category","embeddable":true,"href":"https:\/\/www.europesays.com\/fi\/wp-json\/wp\/v2\/categories?post=100168"},{"taxonomy":"post_tag","embeddable":true,"href":"https:\/\/www.europesays.com\/fi\/wp-json\/wp\/v2\/tags?post=100168"}],"curies":[{"name":"wp","href":"https:\/\/api.w.org\/{rel}","templated":true}]}}