{"id":100172,"date":"2025-11-26T04:08:14","date_gmt":"2025-11-26T04:08:14","guid":{"rendered":"https:\/\/www.europesays.com\/fi\/100172\/"},"modified":"2025-11-26T04:08:14","modified_gmt":"2025-11-26T04:08:14","slug":"jalkapallon-erikoisimmat-ulosajot-gueye-liittyy-erikoistapausten-listalle-jolla-ovat-myos-zidane-ja-hazard-urheilua-lyhyesti","status":"publish","type":"post","link":"https:\/\/www.europesays.com\/fi\/100172\/","title":{"rendered":"Jalkapallon erikoisimmat ulosajot \u2013 Gueye liittyy erikoistapausten listalle, jolla ovat my\u00f6s Zidane ja Hazard | Urheilua lyhyesti"},"content":{"rendered":"<p class=\"aw-1gybjub aw-5vja16 kEtdKx kmuxyA yle__article__paragraph\">Evertonin Idrissa Gueye ajettiin ulos Valioliigan ottelussa, kun h\u00e4n l\u00f6i omaa joukkuekaveriaan kasvoihin. Ulosajo on yksi jalkapallon oudoimmista punaisista korteista.<\/p>\n<p><img decoding=\"async\" alt=\"Evertonin Idrissa Gueye saa punaisen kortin erotuomari Tony Harringtonilta ly\u00f6ty\u00e4\u00e4n omaa joukkuetoveriaan Michael Keanea, ja Jordan Pickford yritt\u00e4\u00e4 est\u00e4\u00e4 Gueye'ta tilanteen aikana.\" src=\"https:\/\/www.europesays.com\/fi\/wp-content\/uploads\/2025\/11\/39-15593486925e900661b2.jpeg\" class=\"aw-1l9m598 hKVVvP\"\/><\/p>\n<p>Avaa kuvien katselu<\/p>\n<p>Evertonin Idrissa Gueye sai punaisen kortin erotuomari Tony Harringtonilta ly\u00f6ty\u00e4\u00e4n omaa joukkuetoveriaan Michael Keanea. Maalivahti Jordan Pickford yritt\u00e4\u00e4 est\u00e4\u00e4 Gueye&#8217;ta tilanteen aikana. Kuva: Will Palmer\/SPP\/Shutterstock\/All Over Press<\/p>\n<p class=\"aw-1gybjub aw-1p7kakr kEtdKx cEmitX yle__article__paragraph\">Englannin Valioliigan maanantai-illan ottelussa n\u00e4htiin harvinainen teko ja siit\u00e4 langetettu tuomio jalkapallossa.<\/p>\n<p class=\"aw-1gybjub aw-1p7kakr kEtdKx cEmitX yle__article__paragraph\">Everton joutui pelaamaan Manchester Unitedia vastaan kymmenell\u00e4 pelaajalla ottelun 13. minuutilta alkaen, kun sen pelaajat alkoivat tuuppimaan toisiaan pelitilanteen j\u00e4lkeen. Tilanne oli 0\u20130.<\/p>\n<p class=\"aw-1gybjub aw-1p7kakr kEtdKx cEmitX yle__article__paragraph\">36-vuotias keskikentt\u00e4pelaaja <strong class=\"aw-ak79eh KyCXm yle__article__strong\">Idrissa Gueye<\/strong> l\u00e4ps\u00e4isi k\u00e4dell\u00e4\u00e4n joukkuekaveriaan, toppari <strong class=\"aw-ak79eh KyCXm yle__article__strong\">Michael Keanea<\/strong> kasvoihin ja sai siit\u00e4 tuomarilta suoran punaisen kortin.<\/p>\n<p class=\"aw-1gybjub aw-1p7kakr kEtdKx cEmitX yle__article__paragraph\">Gueye on ensimm\u00e4inen pelaaja, joka on ajettu ulos Valioliigassa tappelusta oman joukkuekaverin kanssa vuoden 2008 j\u00e4lkeen.<\/p>\n<p><img decoding=\"async\" alt=\"Evertonin Idrissa Gueye (vas.) l\u00e4ps\u00e4isi seurakaveriaan Michael Keanea kasvoihin ja sai tuomarilta punaisen kortin. \" src=\"https:\/\/www.europesays.com\/fi\/wp-content\/uploads\/2025\/11\/1764130092_487_39-15588066924c2337cb5d.jpeg\" class=\"aw-1l9m598 hKVVvP\"\/>Katso Ylen aamu-tv:st\u00e4 Evertonin Idrissa Gueyen ulosajo, joka tuli oman joukkuekaverin ly\u00f6misest\u00e4 kasvoihin.Zidanen puskeminen<\/p>\n<p class=\"aw-1gybjub aw-1p7kakr kEtdKx cEmitX yle__article__paragraph\">Ehk\u00e4 kuuluisin punainen kortti jalkapallossa annettiin MM-finaalissa ja yhdelle lajin suurimmista pelaajista. Vuoden 2006 loppuottelun jatkoajalla Ranskan ja Italian v\u00e4lill\u00e4 ranskalainen t\u00e4hti <strong class=\"aw-ak79eh KyCXm yle__article__strong\">Zinedine Zidane<\/strong> sai vastustaja <strong class=\"aw-ak79eh KyCXm yle__article__strong\">Marco Materazzilta<\/strong> loukkauksia pallon ulkopuolella.<\/p>\n<p class=\"aw-1gybjub aw-1p7kakr kEtdKx cEmitX yle__article__paragraph\">Zidane k\u00e4\u00e4ntyi Materazzin puoleen, k\u00e4veli h\u00e4nen luokseen ja puski italialaisen rintakeh\u00e4\u00e4 niin, ett\u00e4 t\u00e4m\u00e4 kaatui maahan.<\/p>\n<p class=\"aw-1gybjub aw-1p7kakr kEtdKx cEmitX yle__article__paragraph\">Tilanne n\u00e4ytti j\u00e4\u00e4v\u00e4n kent\u00e4ll\u00e4 tuomareilta huomaamatta, mutta muutaman minuutin h\u00e4mmennyksen j\u00e4lkeen \u2013 jolloin nelostuomari saattoi n\u00e4hd\u00e4 tilanteen televisiosta \u2013 Zidane ajettiin ulos.<\/p>\n<p class=\"aw-1gybjub aw-1p7kakr kEtdKx cEmitX yle__article__paragraph\">Ottelu oli jo h\u00e4nen uransa viimeinen ennen el\u00e4kkeelle j\u00e4\u00e4mist\u00e4. Ranska h\u00e4visi lopulta finaalin rangaistuspotkuilla.<\/p>\n<p><img decoding=\"async\" alt=\"Ranskan Zinedine Zidane puskee Italian Marco Materazzia Jalkapallon MM-kisoissa 2006.\" src=\"https:\/\/www.europesays.com\/fi\/wp-content\/uploads\/2025\/11\/17-584953a815e09f178.jpeg\" loading=\"lazy\" class=\"aw-1l9m598 hKVVvP\"\/><\/p>\n<p>Avaa kuvien katselu<\/p>\n<p>Ranskan Zinedine Zidane puskee Italian Marco Materazzia Jalkapallon MM-kisoissa 2006 Kuva: EPA<\/p>\n<p class=\"aw-1gybjub aw-1p7kakr kEtdKx cEmitX yle__article__paragraph\">On arveltu, ett\u00e4 kyseess\u00e4 oli historian ensimm\u00e4inen \u2013 ep\u00e4virallinen \u2013 videotarkistus, yli vuosikymmen ennen VAR-j\u00e4rjestelm\u00e4n k\u00e4ytt\u00f6\u00f6nottoa ennen vuoden 2018 MM-kisoja.<\/p>\n<p>Kolme keltaista korttia<\/p>\n<p class=\"aw-1gybjub aw-1p7kakr kEtdKx cEmitX yle__article__paragraph\">Kroatian toppari <strong class=\"aw-ak79eh KyCXm yle__article__strong\">Josip \u0160imuni\u0107in<\/strong> punainen kortti samaisissa vuoden 2006 MM-kisoissa oli enemm\u00e4n \u201dmit\u00e4 ihmett\u00e4?\u201d kuin \u201dvau\u201d.<\/p>\n<p class=\"aw-1gybjub aw-1p7kakr kEtdKx cEmitX yle__article__paragraph\">Kiihke\u00e4ss\u00e4 2\u20132-tasapeliss\u00e4 Kroatian ja Australian v\u00e4lill\u00e4 \u0160imuni\u0107 sai toisen keltaisen kortin 90. minuutilla englantilaiselta tuomarilta <strong class=\"aw-ak79eh KyCXm yle__article__strong\">Graham Pollilta<\/strong>.<\/p>\n<p class=\"aw-1gybjub aw-1p7kakr kEtdKx cEmitX yle__article__paragraph\">Poll ei kuitenkaan antanut punaista korttia, vaan peli jatkui. \u0160imuni\u0107 sai viel\u00e4 yhden varoituksen \u2013 kunnes \u0160imuni\u0107 sai viel\u00e4 yhden varoituksen, t\u00e4ll\u00e4 kertaa protestoinnista, loppuvihellyksen j\u00e4lkeen ja sai lopulta punaisen.<\/p>\n<p class=\"aw-1gybjub aw-1p7kakr kEtdKx cEmitX yle__article__paragraph\">\u0160imuni\u0107 n\u00e4ytti h\u00e4mmentyneelt\u00e4, eik\u00e4 Poll saanut en\u00e4\u00e4 vihelt\u00e4\u00e4 turnauksessa. My\u00f6hemmin h\u00e4n kertoi luulleensa n\u00e4ytt\u00e4neens\u00e4 toisen keltaisen australialaispelaajalle, ei \u0160imuni\u0107ille, joka oli syntynyt Australiassa ja puhui australialaisella korostuksella.<\/p>\n<p>Hazard ja pallopoika<\/p>\n<p class=\"aw-1gybjub aw-1p7kakr kEtdKx cEmitX yle__article__paragraph\"><strong class=\"aw-ak79eh KyCXm yle__article__strong\">Eden Hazard<\/strong> tunnettiin ennen kaikkea taidokkaista pallonkuljetuksistaan Chelseassa vuosina 2012\u20132019. mutta mukaan mahtui my\u00f6s erikoinen ulosajo.<\/p>\n<p class=\"aw-1gybjub aw-1p7kakr kEtdKx cEmitX yle__article__paragraph\">Liigacupin ottelussa 2013 Chelsean tarvitsi tehd\u00e4 kaksi my\u00f6h\u00e4ist\u00e4 maalia Swanseaa vastaan, kun pallo p\u00e4\u00e4tyi pallopojan haltuun. T\u00e4m\u00e4 suojasi palloa vartalollaan Hazardin l\u00e4hestyess\u00e4. Hazard yritti ensin ottaa pallon k\u00e4sill\u00e4\u00e4n, mutta potkaisi sitten pallon alta.<\/p>\n<p class=\"aw-1gybjub aw-1p7kakr kEtdKx cEmitX yle__article__paragraph\">Pallopoika kieriskeli kivusta pidellen kylki\u00e4\u00e4n ja valitti tuomarille.<\/p>\n<p class=\"aw-1gybjub aw-1p7kakr kEtdKx cEmitX yle__article__paragraph\">Sill\u00e4 ei ollut v\u00e4li\u00e4, osuiko Hazard palloon vai pallopojan kylkeen \u2013 h\u00e4net ajettiin ulos. Hazardia vastaan ei kuitenkaan nostettu syytteit\u00e4, kun pallopoikaa haastateltiin poliisin toimesta.<\/p>\n<p><img decoding=\"async\" alt=\"Eden Hazard, Chelsea\" src=\"https:\/\/www.europesays.com\/fi\/wp-content\/uploads\/2025\/11\/39-5153725bbc5f953a11b.jpeg\" loading=\"lazy\" class=\"aw-1l9m598 hKVVvP\"\/><\/p>\n<p>Avaa kuvien katselu<\/p>\n<p>Eden Hazard, Chelsea Kuva: Getty ImagesV\u00e4\u00e4r\u00e4 pelaaja ajettiin ulos<\/p>\n<p class=\"aw-1gybjub aw-1p7kakr kEtdKx cEmitX yle__article__paragraph\">Arsenalin 0\u20136-tappio Chelsealle Valioliigassa 2014 ei ollut ainoa farssimainen tapahtuma ottelussa.<\/p>\n<p class=\"aw-1gybjub aw-1p7kakr kEtdKx cEmitX yle__article__paragraph\">15. minuutilla Arsenalin keskikentt\u00e4pelaaja <strong class=\"aw-ak79eh KyCXm yle__article__strong\">Alex Oxlade-Chamberlain<\/strong> torjui pallon k\u00e4sill\u00e4\u00e4n Hazardin laukauksen, mutta tuomari <strong class=\"aw-ak79eh KyCXm yle__article__strong\">Andre Marriner<\/strong> n\u00e4ytti punaista korttia puolustaja <strong class=\"aw-ak79eh KyCXm yle__article__strong\">Kieran Gibbsille<\/strong>.<\/p>\n<p class=\"aw-1gybjub aw-1p7kakr kEtdKx cEmitX yle__article__paragraph\">Oxlade-Chamberlain n\u00e4htiin sanovan tuomarille \u201dmin\u00e4 se olin\u201d, mutta Marriner ei kuunnellut, eik\u00e4 h\u00e4nen avustajansakaan huomanneet virhett\u00e4.<\/p>\n<p class=\"aw-1gybjub aw-1p7kakr kEtdKx cEmitX yle__article__paragraph\">Marriner my\u00f6nsi my\u00f6hemmin tehneens\u00e4 virheen.<\/p>\n<p>Newcastlen tappeluk\u00e4rh\u00e4m\u00e4<\/p>\n<p class=\"aw-1gybjub aw-1p7kakr kEtdKx cEmitX yle__article__paragraph\">Gueyen ja Keanen v\u00e4likohtaus kalpenee verrattuna tappeluun, jonka silloiset Newcastle-pelaajat <strong class=\"aw-ak79eh KyCXm yle__article__strong\">Lee Bowyer<\/strong> ja <strong class=\"aw-ak79eh KyCXm yle__article__strong\">Kieron Dyer<\/strong> k\u00e4viv\u00e4t kesken\u00e4\u00e4n Valioliigaottelussa Aston Villaa vastaan vuonna 2005.<\/p>\n<p><img decoding=\"async\" alt=\"Lee Bowyer ja Kieron Dyer ottivat yhteen Newcastle Unitedin ja Aston Villan v\u00e4lisess\u00e4 FA Barclays Valioliigan ottelussa St. James\u2019 Parkilla 2. huhtikuuta 2005 Newcastlessa, Englannissa.\" src=\"https:\/\/www.europesays.com\/fi\/wp-content\/uploads\/2025\/11\/39-15593506925edf58f967.jpeg\" loading=\"lazy\" class=\"aw-1l9m598 hKVVvP\"\/><\/p>\n<p>Avaa kuvien katselu<\/p>\n<p>Lee Bowyer ja Kieron Dyer ottivat yhteen Newcastle Unitedin ja Aston Villan v\u00e4lisess\u00e4 FA Barclays Valioliigan ottelussa St. James\u2019 Parkilla 2. huhtikuuta 2005 Newcastlessa, Englannissa. Kuva: Getty Images<\/p>\n<p class=\"aw-1gybjub aw-1p7kakr kEtdKx cEmitX yle__article__paragraph\">Kaksikko k\u00e4vi toistensa kimppuun, tarttui toisiaan kurkusta ja alkoi ly\u00f6d\u00e4 toisiaan toisen puoliajan loppuvaiheilla.<\/p>\n<p class=\"aw-1gybjub aw-1p7kakr kEtdKx cEmitX yle__article__paragraph\">Muiden Newcastle-pelaajien ja Villan <strong class=\"aw-ak79eh KyCXm yle__article__strong\">Gareth Barryn<\/strong> piti tulla v\u00e4liin. Molemmat ajettiin ulos, mik\u00e4 j\u00e4tti Newcastlen kahdeksaan mieheen, sill\u00e4 joukkueella oli jo aiemmin yksi ulosajo.<\/p>\n","protected":false},"excerpt":{"rendered":"Evertonin Idrissa Gueye ajettiin ulos Valioliigan ottelussa, kun h\u00e4n l\u00f6i omaa joukkuekaveriaan kasvoihin. Ulosajo on yksi jalkapallon oudoimmista&hellip;\n","protected":false},"author":2,"featured_media":100173,"comment_status":"","ping_status":"","sticky":false,"template":"","format":"standard","meta":{"footnotes":""},"categories":[158],"tags":[1924,531,33,31,30,43,1622,2824,1623,159,32,160],"class_list":{"0":"post-100172","1":"post","2":"type-post","3":"status-publish","4":"format-standard","5":"has-post-thumbnail","7":"category-urheilu","8":"tag-brittien-jalkapallo","9":"tag-englannin-valioliiga","10":"tag-fi","11":"tag-finland","12":"tag-finnish","13":"tag-jalkapallo","14":"tag-jalkapalloilijat","15":"tag-jalkapalloilijat-miehet","16":"tag-miesten-jalkapallo","17":"tag-sports","18":"tag-suomi","19":"tag-urheilu"},"share_on_mastodon":{"url":"https:\/\/pubeurope.com\/@fi\/115614037267248456","error":""},"_links":{"self":[{"href":"https:\/\/www.europesays.com\/fi\/wp-json\/wp\/v2\/posts\/100172","targetHints":{"allow":["GET"]}}],"collection":[{"href":"https:\/\/www.europesays.com\/fi\/wp-json\/wp\/v2\/posts"}],"about":[{"href":"https:\/\/www.europesays.com\/fi\/wp-json\/wp\/v2\/types\/post"}],"author":[{"embeddable":true,"href":"https:\/\/www.europesays.com\/fi\/wp-json\/wp\/v2\/users\/2"}],"replies":[{"embeddable":true,"href":"https:\/\/www.europesays.com\/fi\/wp-json\/wp\/v2\/comments?post=100172"}],"version-history":[{"count":0,"href":"https:\/\/www.europesays.com\/fi\/wp-json\/wp\/v2\/posts\/100172\/revisions"}],"wp:featuredmedia":[{"embeddable":true,"href":"https:\/\/www.europesays.com\/fi\/wp-json\/wp\/v2\/media\/100173"}],"wp:attachment":[{"href":"https:\/\/www.europesays.com\/fi\/wp-json\/wp\/v2\/media?parent=100172"}],"wp:term":[{"taxonomy":"category","embeddable":true,"href":"https:\/\/www.europesays.com\/fi\/wp-json\/wp\/v2\/categories?post=100172"},{"taxonomy":"post_tag","embeddable":true,"href":"https:\/\/www.europesays.com\/fi\/wp-json\/wp\/v2\/tags?post=100172"}],"curies":[{"name":"wp","href":"https:\/\/api.w.org\/{rel}","templated":true}]}}