{"id":100188,"date":"2025-11-26T04:35:09","date_gmt":"2025-11-26T04:35:09","guid":{"rendered":"https:\/\/www.europesays.com\/fi\/100188\/"},"modified":"2025-11-26T04:35:09","modified_gmt":"2025-11-26T04:35:09","slug":"hysteriaa-ja-taysia-saleja-1990-luvulla-villinnyt-xl5-tekee-paluun-paikalliset","status":"publish","type":"post","link":"https:\/\/www.europesays.com\/fi\/100188\/","title":{"rendered":"Hysteriaa ja t\u00e4ysi\u00e4 saleja \u2013 1990-luvulla villinnyt XL5 tekee paluun | Paikalliset"},"content":{"rendered":"<p>XL5:n perustamisesta tulee ensi vuonna kuluneeksi 30 vuotta. Juhlan kunniaksi 1990-luvulla villinnyt yhtye julkaisee perjantaina 28.11. uuden version Kaunis peto -j\u00e4ttihitist\u00e4\u00e4n sek\u00e4 suuntaa festarilavoille kes\u00e4ll\u00e4 2026. <\/p>\n<p>Paluu on historiallinen. Mukana ovat ensimm\u00e4ist\u00e4 kertaa koskaan kaikki XL5:ss\u00e4 vaikuttaneet j\u00e4senet.<\/p>\n<p>Vuonna 1996 perustettu XL5 oli 1990-luvun menestynein suomalainen poikab\u00e4ndi ja aikansa nuorisoilmi\u00f6, joka sai aikaan hysteriaa, huutavia faneja ja t\u00e4ysi\u00e4 saleja. <\/p>\n<p>Yhtye julkaisi kaksi albumia \u2013 Pedon merkki (1995) ja J\u00e4\u00e4t\u00e4 ja tulta (1996). Albumit myiv\u00e4t yhteens\u00e4 yli 50\u2009000 kappaletta.<\/p>\n<p><strong class=\"diks-storyline__impact\">Ensisingle<\/strong> Kaunis peto nosti XL5:n raketin lailla suosioon, ja kappaleesta tuli yksi 1990-luvun suomalaisen popin isoimmista hiteist\u00e4. <\/p>\n<p>Perjantaina kappaleesta julkaistaan <strong>Aleksi Asialan<\/strong> (<strong>Lauri Haav<\/strong>, JVG, Gettomasa) ja <strong>Veikka Erkolan<\/strong> (Vesala,JVG, Karri Koira) tuottama uusi versio nimell\u00e4 Kaunis peto 2025.<\/p>\n<p>\u2013 Oli hienoa saada mahdollisuus tehd\u00e4 uudelleenversiointi XL5:n ikonisesta Kaunis peto &#8211; kappaleesta. Haluttiin p\u00e4ivitt\u00e4\u00e4 biisi soundillisesti t\u00e4h\u00e4n p\u00e4iv\u00e4\u00e4n, mutta samalla s\u00e4ilytt\u00e4\u00e4 siin\u00e4 se ys\u00e4rin energia, Asiala ja Erkola kommentoivat Liekki Promotionin tiedotteessa.<\/p>\n<p><strong class=\"diks-storyline__impact\">XL5:n alkuper\u00e4iskokoonpanoon<\/strong> kuuluivat <strong>Mika Ikonen<\/strong>, <strong>Pete Tolonen<\/strong>, <strong>Jake Jokivalli<\/strong>, <strong>Elo Eloranta<\/strong> ja <strong>Jami Jaakkola<\/strong>. Syksyll\u00e4 1996 yhtyeess\u00e4 tapahtui muutos, kun Jami Jaakkola jatkoi matkaansa uusien haasteiden pariin, ja h\u00e4nen tilalleen liittyi <strong>Toni \u201cTontsa\u201d Uotila<\/strong>. Uotila pysyi mukana XL5:n riveiss\u00e4 sen toiminnan loppuun saakka.<\/p>\n<p>XL5 on viimeksi esiintynyt viisihenkisell\u00e4 kokoonpanolla Tontsan kanssa vuonna 1998. Nyt lavalla n\u00e4hd\u00e4\u00e4n viel\u00e4 yksi j\u00e4sen enemm\u00e4n, kun my\u00f6s Jami on j\u00e4lleen mukana.<\/p>\n<p>Ensi kes\u00e4n\u00e4 kaikki XL5:ss\u00e4 vuosien varrella vaikuttaneet kuusi muusikkoa nousevat ensimm\u00e4ist\u00e4 kertaa yhdess\u00e4 lavalle. <\/p>\n<p>Nyt kes\u00e4n 2026 esiintymisist\u00e4 julkistetaan ensimm\u00e4iset nelj\u00e4. Kuusikko tullaan n\u00e4kem\u00e4\u00e4n Helsinki City Festivaaleilla 14.6, Sein\u00e4joen Vauhtiajoissa 16.7., Tampere City Festivaaleilla 7.8. ja Espoon Tapiola Festivaaleilla 15.8. Lis\u00e4\u00e4 esiintymisi\u00e4 julkistetaan my\u00f6hemmin.<\/p>\n<p>\u2013 Ensi vuonna tulee 30 vuotta XL5:n perustamisesta. Esikoisalbumimme julkaistiin toukokuussa 1996, ja p\u00e4\u00e4timme, ett\u00e4 jos aiomme tehd\u00e4 t\u00e4m\u00e4n, nyt on viimeinen hetki. Paluusta tekee historiallisen se, ett\u00e4 kaikki ovat mukana. One louder \u2013 viiden sijasta kuusi, hyvink\u00e4\u00e4l\u00e4inen Mika Ikonen luonnehtii tiedotteessa.<\/p>\n<p>Vuoden 1998 viimeisen<strong class=\"diks-storyline__impact\"> <\/strong>viisihenkisen\u00e4 heitetyn XL5-keikan j\u00e4lkeen XL5 on tehnyt muutaman keikan kolmihenkisell\u00e4 kokoonpanolla (Mika, Pete ja Tontsa) vuonna 2008 sek\u00e4 esitt\u00e4nyt nelihenkisen\u00e4 (Mika. Pete, Jake ja Tontsa) yhden kappaleen vuoden 2018 Nen\u00e4p\u00e4iv\u00e4ss\u00e4.<\/p>\n<p>Ensi kes\u00e4n\u00e4 on historiallinen mahdollisuus n\u00e4hd\u00e4 kaikki XL5:n j\u00e4senet samalla lavalla.<\/p>\n<p class=\"diks-title diks-article-box__title\">XL5 t\u00e4n\u00e4\u00e4n \u2013 miss\u00e4 kukin on?<\/p>\n<p>Mika Ikonen<\/p>\n<p>Jatkoi XL5:n j\u00e4lkeen musiikin parissa sek\u00e4 vuoden 2012 UMK:sta k\u00e4ynnistyneell\u00e4 soolourallaan ett\u00e4 K\u00e4sity\u00f6l\u00e4iset-yhtyeen solistina. H\u00e4n on toiminut my\u00f6s Popstars-ohjelman tuomarina, Emma Gaalan juontajana ja esiintynyt muun muassa T\u00e4hdet, t\u00e4hdet -ohjelmassa. Asuu Hyvink\u00e4\u00e4ll\u00e4. <\/p>\n<p>Perttu \u2018Jami\u2019 Jaakkola<\/p>\n<p>Oli XL5:n alkuper\u00e4iskokoonpanossa tanssijana ja taustalaulajana. J\u00e4tti yhtyeen syksyll\u00e4 1996. H\u00e4n juonsi my\u00f6hemmin Jyrki tv-ohjelmaa, ja toimii nyky\u00e4\u00e4n Loimijoki Golf -kent\u00e4n toimitusjohtajana sek\u00e4 Sandvik Hotel &amp; Restaurant -yritt\u00e4j\u00e4n\u00e4 Nauvossa.<\/p>\n<p>Jarkko \u2018Jake Jokivalli<\/p>\n<p>XL5:n j\u00e4lkeen h\u00e4n siirtyi myyntit\u00f6ihin ja ty\u00f6skenteli useita vuosia laivoilla my\u00f6s ohjelma-is\u00e4nt\u00e4n\u00e4. Nyky\u00e4\u00e4n h\u00e4n asuu Hyvink\u00e4\u00e4ll\u00e4, viihtyy myyntialalla ja harrastaa uintia ja l\u00e4nnenratsastusta.<\/p>\n<p>Pete Tolonen<\/p>\n<p>Pete Tolonen on jatkanut musiikin parissa niin lavalla kuin studiossa. H\u00e4n on ty\u00f6skennellyt musiikin tekij\u00e4noikeuksien parissa ja julkaissut Kuin viimeist\u00e4 p\u00e4iv\u00e4\u00e4 -sooloalbumin vuonna 2018.<\/p>\n<p>Miika \u2018Elo\u2019 Eloranta<\/p>\n<p>XL5:n j\u00e4lkeen Elo siirtyi musiikin tuotannon pariin ja oli mukana muun muassa TikTakin ja KMA:n hittien taustalla. Vuonna 2005 h\u00e4n perusti DJ Tabin kanssa elektronisen musiikin duon Super8 &amp; Tab, joka juhlii t\u00e4n\u00e4 vuonna 20-vuotista uraansa. Yhtye on julkaissut viisi albumia, remixannut Armin van Buurenin, Above &amp; Beyondin, Ferry Corstenin ja Daruden kappaleita sek\u00e4 esiintynyt maailman suurimmilla festivaaleilla, kuten Tomorrowlandissa, EDC Las Vegasissa ja ASOT Festivalilla.<\/p>\n<p>Toni \u2018Tontsa\u2019 Uotila<\/p>\n<p>Liittyi XL5:een vuonna 1996 ja jatkoi musiikin parissa vuoteen 2003 asti. H\u00e4n palasi Mikan ja Peten kanssa b\u00e4ndin kiertueelle my\u00f6hemmin, mutta vet\u00e4ytyi sittemmin musiikista \u2013 kunnes nyt on j\u00e4lleen kaivanut basson ja tanssimoovit esiin tulevaa paluuta varten.<\/p>\n<p class=\"diks-title diks-article-box__title\">Jo julkistetut esiintymiset kes\u00e4lle 2026<\/p>\n<p>14.06. Helsinki City Festival (Helsinki).<\/p>\n<p>16.07. Vauhtiajot (Sein\u00e4joki).<\/p>\n<p>07.08. Tampere City Festival (Tampere).<\/p>\n<p>15.08. Tapiola Festivaali (Espoo).<\/p>\n","protected":false},"excerpt":{"rendered":"XL5:n perustamisesta tulee ensi vuonna kuluneeksi 30 vuotta. Juhlan kunniaksi 1990-luvulla villinnyt yhtye julkaisee perjantaina 28.11. uuden version&hellip;\n","protected":false},"author":2,"featured_media":100189,"comment_status":"","ping_status":"","sticky":false,"template":"","format":"standard","meta":{"footnotes":""},"categories":[130],"tags":[137,33,31,30,141,32,109,19261],"class_list":{"0":"post-100188","1":"post","2":"type-post","3":"status-publish","4":"format-standard","5":"has-post-thumbnail","7":"category-viihde","8":"tag-entertainment","9":"tag-fi","10":"tag-finland","11":"tag-finnish","12":"tag-muusikot-bandit","13":"tag-suomi","14":"tag-viihde","15":"tag-xl5-yhtye"},"share_on_mastodon":{"url":"https:\/\/pubeurope.com\/@fi\/115614143219399017","error":""},"_links":{"self":[{"href":"https:\/\/www.europesays.com\/fi\/wp-json\/wp\/v2\/posts\/100188","targetHints":{"allow":["GET"]}}],"collection":[{"href":"https:\/\/www.europesays.com\/fi\/wp-json\/wp\/v2\/posts"}],"about":[{"href":"https:\/\/www.europesays.com\/fi\/wp-json\/wp\/v2\/types\/post"}],"author":[{"embeddable":true,"href":"https:\/\/www.europesays.com\/fi\/wp-json\/wp\/v2\/users\/2"}],"replies":[{"embeddable":true,"href":"https:\/\/www.europesays.com\/fi\/wp-json\/wp\/v2\/comments?post=100188"}],"version-history":[{"count":0,"href":"https:\/\/www.europesays.com\/fi\/wp-json\/wp\/v2\/posts\/100188\/revisions"}],"wp:featuredmedia":[{"embeddable":true,"href":"https:\/\/www.europesays.com\/fi\/wp-json\/wp\/v2\/media\/100189"}],"wp:attachment":[{"href":"https:\/\/www.europesays.com\/fi\/wp-json\/wp\/v2\/media?parent=100188"}],"wp:term":[{"taxonomy":"category","embeddable":true,"href":"https:\/\/www.europesays.com\/fi\/wp-json\/wp\/v2\/categories?post=100188"},{"taxonomy":"post_tag","embeddable":true,"href":"https:\/\/www.europesays.com\/fi\/wp-json\/wp\/v2\/tags?post=100188"}],"curies":[{"name":"wp","href":"https:\/\/api.w.org\/{rel}","templated":true}]}}