{"id":100195,"date":"2025-11-26T04:40:13","date_gmt":"2025-11-26T04:40:13","guid":{"rendered":"https:\/\/www.europesays.com\/fi\/100195\/"},"modified":"2025-11-26T04:40:13","modified_gmt":"2025-11-26T04:40:13","slug":"aluehallitus-yksimielinen-budjetista-mutta-maksuista-aanestettiin-paijat-hame","status":"publish","type":"post","link":"https:\/\/www.europesays.com\/fi\/100195\/","title":{"rendered":"Aluehallitus yksimielinen budjetista, mutta maksuista \u00e4\u00e4nestettiin | P\u00e4ij\u00e4t-H\u00e4me"},"content":{"rendered":"<p>P\u00e4ij\u00e4t-H\u00e4meen hyvinvointialueen budjettiesitys osoittaa ylij\u00e4\u00e4m\u00e4\u00e4 8,1 miljoonaa euroa. Se olisi ensimm\u00e4inen plusmerkkinen tulos alueen lyhyess\u00e4 historiassa.<\/p>\n<p>P\u00e4ij\u00e4t-H\u00e4meen hyvinvointialue yritt\u00e4\u00e4 kammeta taloutensa vihdoin ensi vuonna plussan puolelle. Aluehallitus passitti tiistaina aluevaltuuston hyv\u00e4ksytt\u00e4v\u00e4ksi ensi vuoden talousarvioesityksen, jonka tulos osoittaa ylij\u00e4\u00e4m\u00e4\u00e4 8,1 miljoonaa euroa.<\/p>\n","protected":false},"excerpt":{"rendered":"P\u00e4ij\u00e4t-H\u00e4meen hyvinvointialueen budjettiesitys osoittaa ylij\u00e4\u00e4m\u00e4\u00e4 8,1 miljoonaa euroa. Se olisi ensimm\u00e4inen plusmerkkinen tulos alueen lyhyess\u00e4 historiassa. P\u00e4ij\u00e4t-H\u00e4meen hyvinvointialue&hellip;\n","protected":false},"author":2,"featured_media":100196,"comment_status":"","ping_status":"","sticky":false,"template":"","format":"standard","meta":{"footnotes":""},"categories":[12],"tags":[681,22,23,26,27,33,31,30,863,17,2233,24,25,28,29,15,18,21,1268,637,887,32,78,19,20,16],"class_list":{"0":"post-100195","1":"post","2":"type-post","3":"status-publish","4":"format-standard","5":"has-post-thumbnail","7":"category-suomi","8":"tag-alue-ja-paikallishallinto","9":"tag-breaking-news","10":"tag-breakingnews","11":"tag-featured-news","12":"tag-featurednews","13":"tag-fi","14":"tag-finland","15":"tag-finnish","16":"tag-hallitus","17":"tag-headlines","18":"tag-hyvinvointi","19":"tag-latest-news","20":"tag-latestnews","21":"tag-main-news","22":"tag-mainnews","23":"tag-news","24":"tag-otsikot","25":"tag-paauutiset","26":"tag-paijat-hame","27":"tag-politiikka","28":"tag-suomen-politiikka","29":"tag-suomi","30":"tag-talous","31":"tag-top-stories","32":"tag-topstories","33":"tag-uutiset"},"share_on_mastodon":{"url":"https:\/\/pubeurope.com\/@fi\/115614162897680673","error":""},"_links":{"self":[{"href":"https:\/\/www.europesays.com\/fi\/wp-json\/wp\/v2\/posts\/100195","targetHints":{"allow":["GET"]}}],"collection":[{"href":"https:\/\/www.europesays.com\/fi\/wp-json\/wp\/v2\/posts"}],"about":[{"href":"https:\/\/www.europesays.com\/fi\/wp-json\/wp\/v2\/types\/post"}],"author":[{"embeddable":true,"href":"https:\/\/www.europesays.com\/fi\/wp-json\/wp\/v2\/users\/2"}],"replies":[{"embeddable":true,"href":"https:\/\/www.europesays.com\/fi\/wp-json\/wp\/v2\/comments?post=100195"}],"version-history":[{"count":0,"href":"https:\/\/www.europesays.com\/fi\/wp-json\/wp\/v2\/posts\/100195\/revisions"}],"wp:featuredmedia":[{"embeddable":true,"href":"https:\/\/www.europesays.com\/fi\/wp-json\/wp\/v2\/media\/100196"}],"wp:attachment":[{"href":"https:\/\/www.europesays.com\/fi\/wp-json\/wp\/v2\/media?parent=100195"}],"wp:term":[{"taxonomy":"category","embeddable":true,"href":"https:\/\/www.europesays.com\/fi\/wp-json\/wp\/v2\/categories?post=100195"},{"taxonomy":"post_tag","embeddable":true,"href":"https:\/\/www.europesays.com\/fi\/wp-json\/wp\/v2\/tags?post=100195"}],"curies":[{"name":"wp","href":"https:\/\/api.w.org\/{rel}","templated":true}]}}