{"id":100218,"date":"2025-11-26T05:25:09","date_gmt":"2025-11-26T05:25:09","guid":{"rendered":"https:\/\/www.europesays.com\/fi\/100218\/"},"modified":"2025-11-26T05:25:09","modified_gmt":"2025-11-26T05:25:09","slug":"susteran-tutkimus-asbestia-yha-runsaasti-suomalaisissa-rakennuksissa","status":"publish","type":"post","link":"https:\/\/www.europesays.com\/fi\/100218\/","title":{"rendered":"Susteran tutkimus: asbestia yh\u00e4 runsaasti suomalaisissa rakennuksissa"},"content":{"rendered":"<p>&#13;<br \/>\n                        &#13;<br \/>\n&#13;<\/p>\n<p>                                    <img decoding=\"async\" src=\"https:\/\/www.europesays.com\/fi\/wp-content\/uploads\/2025\/11\/85e36881d4a5cc92_800x800ar.jpg\"\/><br \/>\n                                &#13;<br \/>\n&#13;<\/p>\n<p><strong>Susteran tuore tutkimus osoittaa, ett\u00e4 asbestia esiintyy edelleen huomattavan monessa suomalaisessa rakennuksessa. 72 prosentissa tutkituista kohteista havaittiin v\u00e4hint\u00e4\u00e4n yksi asbestipitoinen materiaali. Tutkimus kattoi yhteens\u00e4 90 asbesti- ja haitta-ainetutkimusta eri vuosikymmenien rakennuksissa.<\/strong><\/p>\n<p>&#13;<\/p>\n<p style=\"margin-top:12px;\">Tutkimuksessa analysoitiin 1808 materiaalin\u00e4ytett\u00e4. N\u00e4ytteet ker\u00e4ttiin vuosien 2019\u20132024 aikana. Tutkitut rakennukset oli rakennettu eri vuosikymmenill\u00e4 painottuen 1900-luvun j\u00e4lkipuoliskolle.<\/p>\n<p>\u201dTulokset vahvistavat, ett\u00e4 asbestia esiintyy yh\u00e4 laajasti rakennuksissa. Kartoituksen teett\u00e4minen on paras tapa ehk\u00e4ist\u00e4 altistumista ja varmistaa turvallinen elinymp\u00e4rist\u00f6 ja turvallinen rakenteiden purku\u201d, painottaa toinen tutkimuksen takana oleva sis\u00e4ilma-asiantuntija Petri Nevalainen Susteralta.<\/p>\n<p>Asbesti aiheuttaa terveysriskin rakenteiden rikkoutuessa<\/p>\n<p>Asbestikuidut ovat hengitettyn\u00e4 eritt\u00e4in vaarallisia, sill\u00e4 ne voivat aiheuttaa keuhkosy\u00f6p\u00e4\u00e4, asbestoosia ja keuhkopussin sairauksia. Ongelma syntyy, jos asbestia sis\u00e4lt\u00e4v\u00e4t materiaalit rikkoutuvat. Silloin asbestikuidut vapautuvat sis\u00e4ilmaan. Ehj\u00e4n\u00e4 rakenteissa olevat asbestipitoiset materiaalit eiv\u00e4t vaikuta sis\u00e4ilman laatuun.<\/p>\n<p>\u201dJoka nelj\u00e4nness\u00e4 kohteessa havaittiin rikkin\u00e4isi\u00e4 asbestipitoisia materiaaleja. Altistuminen oli v\u00e4h\u00e4ist\u00e4 materiaalien sijainnin vuoksi, mutta l\u00f6yd\u00f6kset vaativat korjaustoimenpiteit\u00e4. Erityisesti vanhojen talojen putkieristeiden kuntoon kannattaa siis kiinnitt\u00e4\u00e4 huomiota\u201d, Nevalainen kertoo.<\/p>\n<p>Asbestia havaittiin yhteens\u00e4 21 erilaisessa materiaalissa. Eniten asbestihavaintoja tehtiin vinyylilaatoituksissa, putkieristeiss\u00e4 ja kuitusementtilevyiss\u00e4.<\/p>\n<p>1960-luvun rakennuksissa vaarallisinta asbestityyppi\u00e4<\/p>\n<p>Tutkimuksen mukaan krokidoliittia eli sinist\u00e4 asbestia havaittiin kuudessa eri kohteessa. L\u00e4hes kaikki krokidoliittihavainnot tehtiin 1960-luvun rakennuksissa ja useimmiten kuitusementtilevyiss\u00e4.<\/p>\n<p>Sininen asbesti on asbestityypeist\u00e4 vaarallisin. Krokidoliitin purulle on tiukemmat vaatimukset muun muassa purkuosastoinnin alipaineistuksen ja henkil\u00f6suojauksen suhteen.<\/p>\n<p>Kaikkiin ennen vuotta 1994 rakennettuihin rakennuksiin on teht\u00e4v\u00e4 lain mukaan asbestikartoitus ennen purku-, korjaus- tai kunnossapitot\u00f6ihin ryhtymist\u00e4. Asbestipurkuty\u00f6n saa my\u00f6s tehd\u00e4 vain luvanvarainen yritys. Kartoitusten ja oikeaoppisen purun teett\u00e4minen on rakennuttajan vastuulla.<br \/>\u00a0<\/p>\n<p>&#13;<br \/>\n&#13;<br \/>\n&#13;<\/p>\n<p><strong>Lis\u00e4tiedot ja haastattelupyynn\u00f6t:<\/strong><\/p>\n<p>Sustera; Petri Nevalainen,\u00a0sis\u00e4ilma-asiantuntija, +358 44 769 9604, petri.nevalainen@sustera.com.<\/p>\n<p>\u00a0<\/p>\n<p>&#13;<\/p>\n<p>Sustera\u00a0on johtava kiinteist\u00f6n elinkaaren asiantuntijayritys, jonka juuret ulottuvat Pohjoismaihin aina vuoteen 1989 asti. Yli 700 omistautuneen ammattilaisemme ansiosta varmistamme, ett\u00e4 rakennukset kasvattavat arvoaan, pysyv\u00e4t hyv\u00e4kuntoisina ja tulevat ymp\u00e4rist\u00f6yst\u00e4v\u00e4llisemmiksi. Tavoitteemme on kiihdytt\u00e4\u00e4 kiinteist\u00f6alan muutosta kohti vastuullista rakentamista ja kiinteist\u00f6npitoa.\u00a0<\/p>\n<p>Tarjoamme asiantuntijapalveluita rakennuksen koko elinkaaren ajalle; tutkimme, tarkastamme ja laadimme selvityksi\u00e4. Annamme neuvoja, jotka ennaltaehk\u00e4isev\u00e4t ongelmia ja pienent\u00e4v\u00e4t sek\u00e4 uudiskohteiden ett\u00e4 olemassa olevien rakennusten elinkaarikustannuksia. Huolehdimme alati tiukentuvien vastuullisuus- ja energiatehokkuusvaatimusten toteutumisesta. Suunnittelemme, johdamme ja valvomme niin korjaus- kuin uudisrakennusprojektit ammattitaidolla.\u00a0\u00a0<\/p>\n<p>Sustera &#8211; Buildings are for life.\u00a0<\/p>\n<p><a href=\"http:\/\/www.sustera.fi\/\" target=\"_blank\" rel=\"nofollow noopener\">sustera.fi<\/a>\u00a0\u00a0<\/p>\n<p><strong>Avainsanat:<\/strong><\/p>\n<p>&#13;<br \/>\n&#13;<br \/>\n&#13;<\/p>\n","protected":false},"excerpt":{"rendered":"&#13; &#13; &#13; &#13; &#13; Susteran tuore tutkimus osoittaa, ett\u00e4 asbestia esiintyy edelleen huomattavan monessa suomalaisessa rakennuksessa. 72&hellip;\n","protected":false},"author":2,"featured_media":100219,"comment_status":"","ping_status":"","sticky":false,"template":"","format":"standard","meta":{"footnotes":""},"categories":[165],"tags":[19267,19266,33,31,30,166,19265,19264,32,19269,167,19268],"class_list":{"0":"post-100218","1":"post","2":"type-post","3":"status-publish","4":"format-standard","5":"has-post-thumbnail","7":"category-terveys","8":"tag-asbesti","9":"tag-asumisterveys","10":"tag-fi","11":"tag-finland","12":"tag-finnish","13":"tag-health","14":"tag-kuntotutkimus","15":"tag-sisilma","16":"tag-suomi","17":"tag-sustera","18":"tag-terveys","19":"tag-terveysriski"},"share_on_mastodon":{"url":"https:\/\/pubeurope.com\/@fi\/115614339952125621","error":""},"_links":{"self":[{"href":"https:\/\/www.europesays.com\/fi\/wp-json\/wp\/v2\/posts\/100218","targetHints":{"allow":["GET"]}}],"collection":[{"href":"https:\/\/www.europesays.com\/fi\/wp-json\/wp\/v2\/posts"}],"about":[{"href":"https:\/\/www.europesays.com\/fi\/wp-json\/wp\/v2\/types\/post"}],"author":[{"embeddable":true,"href":"https:\/\/www.europesays.com\/fi\/wp-json\/wp\/v2\/users\/2"}],"replies":[{"embeddable":true,"href":"https:\/\/www.europesays.com\/fi\/wp-json\/wp\/v2\/comments?post=100218"}],"version-history":[{"count":0,"href":"https:\/\/www.europesays.com\/fi\/wp-json\/wp\/v2\/posts\/100218\/revisions"}],"wp:featuredmedia":[{"embeddable":true,"href":"https:\/\/www.europesays.com\/fi\/wp-json\/wp\/v2\/media\/100219"}],"wp:attachment":[{"href":"https:\/\/www.europesays.com\/fi\/wp-json\/wp\/v2\/media?parent=100218"}],"wp:term":[{"taxonomy":"category","embeddable":true,"href":"https:\/\/www.europesays.com\/fi\/wp-json\/wp\/v2\/categories?post=100218"},{"taxonomy":"post_tag","embeddable":true,"href":"https:\/\/www.europesays.com\/fi\/wp-json\/wp\/v2\/tags?post=100218"}],"curies":[{"name":"wp","href":"https:\/\/api.w.org\/{rel}","templated":true}]}}