{"id":100229,"date":"2025-11-26T05:32:10","date_gmt":"2025-11-26T05:32:10","guid":{"rendered":"https:\/\/www.europesays.com\/fi\/100229\/"},"modified":"2025-11-26T05:32:10","modified_gmt":"2025-11-26T05:32:10","slug":"vs-kaupunki-mokasi-koirapuistossa-taustalla-meluvalitus-new-articles","status":"publish","type":"post","link":"https:\/\/www.europesays.com\/fi\/100229\/","title":{"rendered":"VS: Kaupunki mokasi koirapuistossa &#8211; taustalla meluvalitus | New Articles"},"content":{"rendered":"<p>Vantaalla sattui viime viikolla erikoinen moka, kun kaupunki sulki Kivist\u00f6n Punakivenpuiston koirapuiston v\u00e4\u00e4rink\u00e4sityksen vuoksi kokonaan.  Asiasta kertoo<a href=\"https:\/\/www.vantaansanomat.fi\/paikalliset\/9026495\" rel=\"nofollow noopener\" target=\"_blank\"> Vantaan Sanomat<\/a>. <\/p>\n<p>Sulkup\u00e4\u00e4t\u00f6ksen taustalla oli hallinto-oikeuden p\u00e4\u00e4t\u00f6s sulkea puisto asukkaiden meluvalitusten vuoksi. Vantaa avasi puiston kuitenkin uudelleen maanantaina 24. p\u00e4iv\u00e4<\/p>\n<p>Kaupunki on my\u00f6nt\u00e4nyt virheest\u00e4. Vantaan kaupunki luuli hallinto-oikeuden p\u00e4\u00e4t\u00f6ksen tarkoittavan, ett\u00e4 puisto olisi suljettava heti. P\u00e4\u00e4t\u00f6s ei ole kuitenkaan lainvoimainen, vaan kaupungilla on mahdollisuus hakea valituslupaa ja valittaa p\u00e4\u00e4t\u00f6st\u00e4 korkeimpaan hallinto-oikeuteen. Niin se my\u00f6s tekee.<\/p>\n<p>Lue meluvalituksesta lis\u00e4\u00e4 <a href=\"https:\/\/www.vantaansanomat.fi\/paikalliset\/9026495\" rel=\"nofollow noopener\" target=\"_blank\">Vantaan Sanomista<\/a>. <\/p>\n<p>Koirapuistot ovat olleet puheenaiheina my\u00f6s Helsingiss\u00e4. Herttoniemenrannan koirapuistossa syntyi syksyll\u00e4 kiista huoltoportin sulkemista. Kaupungin mukaan tapaukseen on liittynyt maalittamista ja <a href=\"https:\/\/www.helsinginuutiset.fi\/paikalliset\/8983828\" rel=\"nofollow noopener\" target=\"_blank\">asiatonta k\u00e4yt\u00f6st\u00e4<\/a>. <\/p>\n<p>\t\t\t\t\t<img class=\"diks-card__image\" src=\"https:\/\/www.europesays.com\/fi\/wp-content\/uploads\/2025\/11\/11138016.jpg\"   loading=\"lazy\" decoding=\"sync\" alt=\"\"\/><\/p>\n","protected":false},"excerpt":{"rendered":"Vantaalla sattui viime viikolla erikoinen moka, kun kaupunki sulki Kivist\u00f6n Punakivenpuiston koirapuiston v\u00e4\u00e4rink\u00e4sityksen vuoksi kokonaan. Asiasta kertoo Vantaan&hellip;\n","protected":false},"author":2,"featured_media":100230,"comment_status":"","ping_status":"","sticky":false,"template":"","format":"standard","meta":{"footnotes":"","_share_on_mastodon":"0"},"categories":[12],"tags":[22,23,26,27,33,31,30,17,440,3821,3726,24,25,931,28,29,15,18,21,32,19,20,16,5857],"class_list":["post-100229","post","type-post","status-publish","format-standard","has-post-thumbnail","category-suomi","tag-breaking-news","tag-breakingnews","tag-featured-news","tag-featurednews","tag-fi","tag-finland","tag-finnish","tag-headlines","tag-ihmiset","tag-kivisto","tag-koiraelaimet","tag-latest-news","tag-latestnews","tag-lemmikkielaimet","tag-main-news","tag-mainnews","tag-news","tag-otsikot","tag-paauutiset","tag-suomi","tag-top-stories","tag-topstories","tag-uutiset","tag-vantaan-kaupunki"],"share_on_mastodon":{"url":"https:\/\/pubeurope.com\/@fi\/115614367494174828","error":""},"_links":{"self":[{"href":"https:\/\/www.europesays.com\/fi\/wp-json\/wp\/v2\/posts\/100229","targetHints":{"allow":["GET"]}}],"collection":[{"href":"https:\/\/www.europesays.com\/fi\/wp-json\/wp\/v2\/posts"}],"about":[{"href":"https:\/\/www.europesays.com\/fi\/wp-json\/wp\/v2\/types\/post"}],"author":[{"embeddable":true,"href":"https:\/\/www.europesays.com\/fi\/wp-json\/wp\/v2\/users\/2"}],"replies":[{"embeddable":true,"href":"https:\/\/www.europesays.com\/fi\/wp-json\/wp\/v2\/comments?post=100229"}],"version-history":[{"count":0,"href":"https:\/\/www.europesays.com\/fi\/wp-json\/wp\/v2\/posts\/100229\/revisions"}],"wp:featuredmedia":[{"embeddable":true,"href":"https:\/\/www.europesays.com\/fi\/wp-json\/wp\/v2\/media\/100230"}],"wp:attachment":[{"href":"https:\/\/www.europesays.com\/fi\/wp-json\/wp\/v2\/media?parent=100229"}],"wp:term":[{"taxonomy":"category","embeddable":true,"href":"https:\/\/www.europesays.com\/fi\/wp-json\/wp\/v2\/categories?post=100229"},{"taxonomy":"post_tag","embeddable":true,"href":"https:\/\/www.europesays.com\/fi\/wp-json\/wp\/v2\/tags?post=100229"}],"curies":[{"name":"wp","href":"https:\/\/api.w.org\/{rel}","templated":true}]}}