{"id":100233,"date":"2025-11-26T05:34:10","date_gmt":"2025-11-26T05:34:10","guid":{"rendered":"https:\/\/www.europesays.com\/fi\/100233\/"},"modified":"2025-11-26T05:34:10","modified_gmt":"2025-11-26T05:34:10","slug":"sami-yritti-haukea-koukkuun-osuikin-jotain-ihan-muuta-en-ole-koskaan-nahnyt","status":"publish","type":"post","link":"https:\/\/www.europesays.com\/fi\/100233\/","title":{"rendered":"Sami yritti haukea, koukkuun osuikin jotain ihan muuta: \u201dEn ole koskaan n\u00e4hnyt\u201d"},"content":{"rendered":"<p>Sami Rantanen yll\u00e4ttyi, kun koukkuun tarttunut ruohonp\u00e4tk\u00e4 alkoikin liikkumaan. Asiantuntija kertoo, ett\u00e4 kyseess\u00e4 on melko yleinen kala rannikoilla.<\/p>\n<p><img decoding=\"async\" class=\"image image-show image-preview\" src=\"https:\/\/www.europesays.com\/fi\/wp-content\/uploads\/2025\/11\/27737e84b96a5c141ed71ee6425a48f353b32a7d1b7b7a0d9a3d92c066247db1.png\" alt=\"\"\/><img decoding=\"async\" class=\"image image-show\" src=\"https:\/\/www.europesays.com\/fi\/wp-content\/uploads\/2025\/11\/1764135250_963_27737e84b96a5c141ed71ee6425a48f353b32a7d1b7b7a0d9a3d92c066247db1.png\" alt=\"\"\/><\/p>\n<p>Sami Rantasen koukkuun tarttui erikoinen kala. Sami Rantanen<\/p>\n<ul>\n<li>Sami Rantanen nosti vedest\u00e4 neulakalan.<\/li>\n<li>Asiantuntijan mukaan kyseess\u00e4 on Suomen rannikoilla melko yleinen s\u00e4rm\u00e4neula.<\/li>\n<\/ul>\n<p class=\"paragraph\">Paraislaisen <strong>Sami Rantasen<\/strong> koukkuun tarttui erikoinen n\u00e4ky Nauvon etel\u00e4puolella.<\/p>\n<p class=\"paragraph\">\u2013 Ihmetytti. Olen koko ik\u00e4ni kalastanut, enk\u00e4 ole koskaan n\u00e4hnyt tuollaista, Rantanen kertoo.<\/p>\n<p class=\"paragraph\">Rantanen luuli ensin, ett\u00e4 uistimeen on tarttunut ruoho. Kun \u201druoho\u201d alkoi liikkua, Rantanen hoksasi, ett\u00e4 kyseess\u00e4 on neulakala.<\/p>\n<p class=\"paragraph\">Rantasen uistimen koukku on mennyt l\u00e4pi h\u00e4din tuskin itse\u00e4\u00e4n paksumman el\u00e4imen kyljest\u00e4.<\/p>\n<p class=\"paragraph\">\u2013 Ihan tuuriahan se oli, eih\u00e4n se siihen tietenk\u00e4\u00e4n sy\u00f6nyt ole.<\/p>\n<p class=\"paragraph\">Rantanen otti otuksesta muutaman kuvan ja p\u00e4\u00e4sti sen vapaaksi. H\u00e4n arvelee, ett\u00e4 kala on voinut p\u00e4\u00e4ty\u00e4 linnunruuaksi, sill\u00e4 se ui huonosti vapauttamisen j\u00e4lkeen.<\/p>\n<p class=\"paragraph\">Suomessa el\u00e4\u00e4 kaksi eri neulakalalajia, siloneula ja s\u00e4rm\u00e4neula. Rantanen laittoi kalasta kuvan Facebookin kalastajaryhm\u00e4\u00e4n. Siell\u00e4 arvaukset jakautuivat tasan.<\/p>\n<p>Sami Rantanen sai erikoisen saaliin Nauvon etel\u00e4puolella 16.11.  Sami Rantanen<\/p>\n<p>Selv\u00e4 tuntomerkki<\/p>\n<p class=\"paragraph\">Suomen vapaa-ajankalastajien asiantuntija <strong>Juha Ojaharju<\/strong> kertoo, ett\u00e4 kyseess\u00e4 on s\u00e4rm\u00e4neula.<\/p>\n<p class=\"paragraph\">Kalan pitk\u00e4 ja kulmikas kuono on Ojaharjun mukaan selvin tuntomerkki. S\u00e4rm\u00e4neulan kuono on selv\u00e4sti yli puolet sen p\u00e4\u00e4n pituudesta. Lis\u00e4ksi kuvan kala on rakenteeltaan siloneulaa tukevampi.<\/p>\n<p class=\"paragraph\">Pisin Suomessa mitattu s\u00e4rm\u00e4neula on pituudeltaan 30 sentti\u00e4, siloneuloista pisin taas 23,6 sentti\u00e4. Sami Rantanen arvelee, ett\u00e4 h\u00e4nen pyydyst\u00e4m\u00e4ns\u00e4 oli pituudeltaan l\u00e4hell\u00e4 enn\u00e4tyst\u00e4.<\/p>\n<p class=\"paragraph\">Juha Ojaharjun mukaan kuvan perusteella on vaikea arvioida kalan pituutta. H\u00e4n ei usko, ett\u00e4 pituus t\u00e4ss\u00e4 tapauksessa ylt\u00e4isi enn\u00e4tyslukemiin.<\/p>\n<p class=\"paragraph\">S\u00e4rm\u00e4neula ja siloneula ovat melko yleisi\u00e4 Suomen rannikoilla. Niit\u00e4 tunnetaan melko hyvin, mutta niit\u00e4 on tutkittu v\u00e4hemm\u00e4n kuin esimerkiksi t\u00e4rkeimpi\u00e4 talouskaloja.<\/p>\n<p class=\"paragraph\">Neulakala voi tarttua esimerkiksi verkkoon, toisinaan my\u00f6s koukkuun. Viime vuosina kalabongarit ovat oppineet kalastamaan s\u00e4rm\u00e4neuloja my\u00f6s ongella.<\/p>\n<p class=\"paragraph\">Enn\u00e4tyspituinen neulakala kannattaa ilmoittaa enn\u00e4tyskalalautakuntaan. Muutoin saalis kannattaa vapauttaa. Mik\u00e4\u00e4n ei est\u00e4 sy\u00f6m\u00e4st\u00e4 silo- tai s\u00e4rm\u00e4neulaa, mutta sy\u00f6t\u00e4v\u00e4\u00e4 niiss\u00e4 ei juuri ole, Ojaharju sanoo.<\/p>\n","protected":false},"excerpt":{"rendered":"Sami Rantanen yll\u00e4ttyi, kun koukkuun tarttunut ruohonp\u00e4tk\u00e4 alkoikin liikkumaan. Asiantuntija kertoo, ett\u00e4 kyseess\u00e4 on melko yleinen kala rannikoilla.&hellip;\n","protected":false},"author":2,"featured_media":100234,"comment_status":"","ping_status":"","sticky":false,"template":"","format":"standard","meta":{"footnotes":""},"categories":[117],"tags":[35,404,33,31,30,72,476,118,591,32,119,872,477,534],"class_list":{"0":"post-100233","1":"post","2":"type-post","3":"status-publish","4":"format-standard","5":"has-post-thumbnail","7":"category-luonto","8":"tag-24h","9":"tag-elaimet","10":"tag-fi","11":"tag-finland","12":"tag-finnish","13":"tag-luonto","14":"tag-nature","15":"tag-science","16":"tag-selkarankaiset","17":"tag-suomi","18":"tag-tiede","19":"tag-vesistot","20":"tag-wildlife","21":"tag-ymparisto-ja-luonto"},"share_on_mastodon":{"url":"https:\/\/pubeurope.com\/@fi\/115614375249309139","error":""},"_links":{"self":[{"href":"https:\/\/www.europesays.com\/fi\/wp-json\/wp\/v2\/posts\/100233","targetHints":{"allow":["GET"]}}],"collection":[{"href":"https:\/\/www.europesays.com\/fi\/wp-json\/wp\/v2\/posts"}],"about":[{"href":"https:\/\/www.europesays.com\/fi\/wp-json\/wp\/v2\/types\/post"}],"author":[{"embeddable":true,"href":"https:\/\/www.europesays.com\/fi\/wp-json\/wp\/v2\/users\/2"}],"replies":[{"embeddable":true,"href":"https:\/\/www.europesays.com\/fi\/wp-json\/wp\/v2\/comments?post=100233"}],"version-history":[{"count":0,"href":"https:\/\/www.europesays.com\/fi\/wp-json\/wp\/v2\/posts\/100233\/revisions"}],"wp:featuredmedia":[{"embeddable":true,"href":"https:\/\/www.europesays.com\/fi\/wp-json\/wp\/v2\/media\/100234"}],"wp:attachment":[{"href":"https:\/\/www.europesays.com\/fi\/wp-json\/wp\/v2\/media?parent=100233"}],"wp:term":[{"taxonomy":"category","embeddable":true,"href":"https:\/\/www.europesays.com\/fi\/wp-json\/wp\/v2\/categories?post=100233"},{"taxonomy":"post_tag","embeddable":true,"href":"https:\/\/www.europesays.com\/fi\/wp-json\/wp\/v2\/tags?post=100233"}],"curies":[{"name":"wp","href":"https:\/\/api.w.org\/{rel}","templated":true}]}}