{"id":100275,"date":"2025-11-26T06:37:08","date_gmt":"2025-11-26T06:37:08","guid":{"rendered":"https:\/\/www.europesays.com\/fi\/100275\/"},"modified":"2025-11-26T06:37:08","modified_gmt":"2025-11-26T06:37:08","slug":"lily-collins-suomalaisen-ikonin-kanssa-emily-in-paris-tahti-jakoi-jalleen-suomalaisia-ilahduttavan-paivityksen","status":"publish","type":"post","link":"https:\/\/www.europesays.com\/fi\/100275\/","title":{"rendered":"Lily Collins suomalaisen ikonin kanssa \u2013 Emily in Paris -t\u00e4hti jakoi j\u00e4lleen suomalaisia ilahduttavan p\u00e4ivityksen"},"content":{"rendered":"<p>Emily in Paris -t\u00e4hti <strong>Lily Collins <\/strong>asui Suomessa jonkin aikaa, kun h\u00e4nen miehens\u00e4 <strong>Charlie McDowell <\/strong>valmisteli ja ohjasi t\u00e4\u00e4ll\u00e4 Kes\u00e4kirjaa, jonka tuottajana Collins oli.<\/p>\n<p>Muumi-faniksi tunnustautunut Collins nimesi my\u00f6s tytt\u00e4rens\u00e4 Toveksi. Nyt h\u00e4n jakoi kuvasarjan sosiaalisessa mediassa, jossa h\u00e4n poseeraa Pikku Myy -tuotteiden kanssa. \u201dPikku Myy ja minun pikku-T:ni\u201d, Collins kirjoitti.<\/p>\n<p>Kuvissa Collins poseeraa Pikku Myy -villapaidan kanssa. Kuvissa vilahtaa my\u00f6s Pikku Myy -aiheinen kirja.<\/p>\n<p><a href=\"https:\/\/www.episodi.fi\/uutiset\/emily-in-paris-tahti-jakoi-jalleen-kuvia-suomesta-vaalin-ikuisesti-muistojamme\/\" rel=\"nofollow noopener\" target=\"_blank\">Lue my\u00f6s: Emily in Paris -t\u00e4hti jakoi j\u00e4lleen kuvia Suomesta: \u201dVaalin ikuisesti muistojamme\u201d<\/a><\/p>\n<p>Lue my\u00f6s: <a href=\"https:\/\/www.episodi.fi\/uutiskirje\/?uutiskirjemainos=tekstilinkkimainos\" title=\"Tilaa Episodin uutiskirje ja voit voittaa leffalippuja! Nappaa tv-vinkit suoraan s\u00e4hk\u00f6postiin t\u00e4st\u00e4.\" class=\"underline-custom !font-montserrat !font-bold !underline-offset-4 !decoration-4 !decoration-episodi-blue !text-md\" rel=\"nofollow noopener\" target=\"_blank\">Tilaa Episodin uutiskirje ja voit voittaa leffalippuja! Nappaa katseluvinkit suoraan s\u00e4hk\u00f6postiin t\u00e4st\u00e4.<\/a><\/p>\n","protected":false},"excerpt":{"rendered":"Emily in Paris -t\u00e4hti Lily Collins asui Suomessa jonkin aikaa, kun h\u00e4nen miehens\u00e4 Charlie McDowell valmisteli ja ohjasi&hellip;\n","protected":false},"author":2,"featured_media":100276,"comment_status":"","ping_status":"","sticky":false,"template":"","format":"standard","meta":{"footnotes":""},"categories":[136],"tags":[407,137,33,31,30,6302,408,9003,399,32,109],"class_list":{"0":"post-100275","1":"post","2":"type-post","3":"status-publish","4":"format-standard","5":"has-post-thumbnail","7":"category-julkkikset","8":"tag-celebrities","9":"tag-entertainment","10":"tag-fi","11":"tag-finland","12":"tag-finnish","13":"tag-ignostot","14":"tag-julkkikset","15":"tag-lily-collins","16":"tag-muumit","17":"tag-suomi","18":"tag-viihde"},"share_on_mastodon":{"url":"https:\/\/pubeurope.com\/@fi\/115614622912541512","error":""},"_links":{"self":[{"href":"https:\/\/www.europesays.com\/fi\/wp-json\/wp\/v2\/posts\/100275","targetHints":{"allow":["GET"]}}],"collection":[{"href":"https:\/\/www.europesays.com\/fi\/wp-json\/wp\/v2\/posts"}],"about":[{"href":"https:\/\/www.europesays.com\/fi\/wp-json\/wp\/v2\/types\/post"}],"author":[{"embeddable":true,"href":"https:\/\/www.europesays.com\/fi\/wp-json\/wp\/v2\/users\/2"}],"replies":[{"embeddable":true,"href":"https:\/\/www.europesays.com\/fi\/wp-json\/wp\/v2\/comments?post=100275"}],"version-history":[{"count":0,"href":"https:\/\/www.europesays.com\/fi\/wp-json\/wp\/v2\/posts\/100275\/revisions"}],"wp:featuredmedia":[{"embeddable":true,"href":"https:\/\/www.europesays.com\/fi\/wp-json\/wp\/v2\/media\/100276"}],"wp:attachment":[{"href":"https:\/\/www.europesays.com\/fi\/wp-json\/wp\/v2\/media?parent=100275"}],"wp:term":[{"taxonomy":"category","embeddable":true,"href":"https:\/\/www.europesays.com\/fi\/wp-json\/wp\/v2\/categories?post=100275"},{"taxonomy":"post_tag","embeddable":true,"href":"https:\/\/www.europesays.com\/fi\/wp-json\/wp\/v2\/tags?post=100275"}],"curies":[{"name":"wp","href":"https:\/\/api.w.org\/{rel}","templated":true}]}}