{"id":100287,"date":"2025-11-26T06:50:09","date_gmt":"2025-11-26T06:50:09","guid":{"rendered":"https:\/\/www.europesays.com\/fi\/100287\/"},"modified":"2025-11-26T06:50:09","modified_gmt":"2025-11-26T06:50:09","slug":"anneli-auerin-vanhin-tytar-antaa-todistuksensa-is-seuraa","status":"publish","type":"post","link":"https:\/\/www.europesays.com\/fi\/100287\/","title":{"rendered":"Anneli Auerin vanhin tyt\u00e4r antaa todistuksensa \u2013 IS seuraa"},"content":{"rendered":"<p>Nuoremmat sisarukset ovat syytt\u00e4neet isosiskoaan monenlaisista teoista.<\/p>\n<p class=\"article-body mb-nof-24 px-nof-16\">Varsinais-Suomen k\u00e4r\u00e4j\u00e4oikeudessa jatkuu keskiviikkona yhden Suomen oikeushistorian erikoisimman tapauksen k\u00e4sittely. <a class=\"article-personlink\" href=\"https:\/\/www.is.fi\/haku\/?query=Anneli%20Aueria\" rel=\"nofollow noopener\" target=\"_blank\">Anneli Aueria<\/a> ja h\u00e4nen ex-miesyst\u00e4v\u00e4\u00e4ns\u00e4 <a class=\"article-personlink\" href=\"https:\/\/www.is.fi\/haku\/?query=Jens%20Ihle%C3%A4\" rel=\"nofollow noopener\" target=\"_blank\">Jens Ihle\u00e4 <\/a>(ent. <a class=\"article-personlink\" href=\"https:\/\/www.is.fi\/haku\/?query=Kukka\" rel=\"nofollow noopener\" target=\"_blank\">Kukka<\/a>) syytet\u00e4\u00e4n seksuaalirikoksista, jotka kohdistuivat v\u00e4itetysti Auerin lapsiin.<\/p>\n<p class=\"article-body mb-nof-24 px-nof-16\">Keskiviikkona kuullaan vanhinta lasta, 28-vuotiasta tyt\u00e4rt\u00e4. Nuoremmat sisarukset, joita psykologi kuuli heid\u00e4n ollessaan 7-, 9- ja 12-vuotiaita, syyttiv\u00e4t isosiskoaan monenlaisista teoista: heid\u00e4n viiltelyst\u00e4\u00e4n, varastelusta, saatananpalvonnasta, el\u00e4inten uhraamisesta ja seksin harrastamisesta Jens Ihlen kanssa.<\/p>\n<p class=\"article-body mb-nof-24 px-nof-16\">Nyky\u00e4\u00e4n 21- ja 23-vuotiaat tytt\u00e4ret sek\u00e4 26-vuotias poika ovat antaneet jo todistuksensa. Jokainen heist\u00e4 on vahvistanut sepitt\u00e4neens\u00e4 lapsena sijaisvanhempien painostuksesta tarinat v\u00e4kivallasta ja hyv\u00e4ksik\u00e4yt\u00f6ist\u00e4.<\/p>\n<ul class=\"mb-nof-16 px-nof-16 article-unordered-list unordered-list\">\n<li class=\"unordered-list-item\">\n<p class=\"article-body\">Ilta-Sanomat seuraa oikeusk\u00e4sittely\u00e4 hetki hetkelt\u00e4 t\u00e4ss\u00e4 artikkelissa noin kello 9 alkaen. Seuranta aukeaa jutun alapuolelle.<\/p>\n<\/li>\n<\/ul>\n<p class=\"article-body mb-nof-24 px-nof-16\">Lasten kertomusten mukaan Auer ja isosisko olivat tappaneet lasten is\u00e4n <a class=\"article-personlink\" href=\"https:\/\/www.is.fi\/haku\/?query=Jukka%20S.%20Lahden\" rel=\"nofollow noopener\" target=\"_blank\">Jukka S. Lahden<\/a>. N\u00e4m\u00e4 kertomukset todettiin taannoin murhaoikeudenk\u00e4ynniss\u00e4 valheiksi, eik\u00e4 ket\u00e4\u00e4n tuomittu rikoksesta.<\/p>\n<p class=\"article-body mb-nof-24 px-nof-16\">Isosisko ei ole seksuaalirikosoikeudenk\u00e4ynniss\u00e4 vastaajana vaan todistajana.<\/p>\n<p class=\"article-body mb-nof-24 px-nof-16\">Anneli Auer on ollut paikan p\u00e4\u00e4ll\u00e4 kuulemassa kaikkien lastensa todistukset, joten h\u00e4nen odotetaan saapuvan k\u00e4sittelyyn my\u00f6s keskiviikkona. Jens Ihle on ollut k\u00e4sittelyiss\u00e4 l\u00e4sn\u00e4 et\u00e4yhteydell\u00e4.<\/p>\n<p><img decoding=\"async\" src=\"https:\/\/www.europesays.com\/fi\/wp-content\/uploads\/2025\/11\/1764139809_982_468.jpg\" alt=\"Media on seurannut tiiviisti oikeudenk\u00e4ynti\u00e4. Anneli Auer saapui oikeuteen avustajansa Markku Fredmanin kanssa.\" class=\"_Img_1rerz_1\" style=\"aspect-ratio:1.5\" loading=\"eager\"\/><\/p>\n<p class=\"article-picture-caption\">Media on seurannut tiiviisti oikeudenk\u00e4ynti\u00e4. Anneli Auer saapui oikeuteen avustajansa Markku Fredmanin kanssa. Kuva:\u00a0Jussi Vierimaa<\/p>\n<p class=\"article-body mb-nof-24 px-nof-16\">Auer ja Ihle tuomittiin vuonna 2013 Auerin lasten hyv\u00e4ksik\u00e4yt\u00f6ist\u00e4 vuosien vankeuteen.<\/p>\n<p class=\"article-body mb-nof-24 px-nof-16\">Lapset toivat vuonna 2023 ilmi, ett\u00e4 heid\u00e4n kertomuksensa v\u00e4itetyist\u00e4 seksuaal\u00adirikoksista olivat sepitett\u00e4, mik\u00e4 johti tuomion purkuun ja asian uudelleen k\u00e4sittelyyn k\u00e4r\u00e4j\u00e4oikeudessa.<\/p>\n<p class=\"article-body mb-nof-24 px-nof-16\">Aueria ja Ihle\u00e4 syytet\u00e4\u00e4n 18 rikoksesta, kuten t\u00f6rke\u00e4st\u00e4 lapsen seksuaalisesta hyv\u00e4ksik\u00e4yt\u00f6st\u00e4, t\u00f6rke\u00e4st\u00e4 raiskauksesta ja t\u00f6rke\u00e4st\u00e4 pahoinpitelyst\u00e4. Ex-pariskunta kiist\u00e4\u00e4 syytteet ja vaatii niiden hylk\u00e4\u00e4mist\u00e4.<\/p>\n<p class=\"article-body mb-nof-24 px-nof-16\">Oikeudenk\u00e4ynti jatkuu tammikuulle saakka.<\/p>\n","protected":false},"excerpt":{"rendered":"Nuoremmat sisarukset ovat syytt\u00e4neet isosiskoaan monenlaisista teoista. Varsinais-Suomen k\u00e4r\u00e4j\u00e4oikeudessa jatkuu keskiviikkona yhden Suomen oikeushistorian erikoisimman tapauksen k\u00e4sittely. Anneli&hellip;\n","protected":false},"author":2,"featured_media":100288,"comment_status":"","ping_status":"","sticky":false,"template":"","format":"standard","meta":{"footnotes":""},"categories":[12],"tags":[22,23,26,27,33,31,30,17,34,24,25,28,29,15,18,21,32,19,20,16],"class_list":{"0":"post-100287","1":"post","2":"type-post","3":"status-publish","4":"format-standard","5":"has-post-thumbnail","7":"category-suomi","8":"tag-breaking-news","9":"tag-breakingnews","10":"tag-featured-news","11":"tag-featurednews","12":"tag-fi","13":"tag-finland","14":"tag-finnish","15":"tag-headlines","16":"tag-ilta-sanomat","17":"tag-latest-news","18":"tag-latestnews","19":"tag-main-news","20":"tag-mainnews","21":"tag-news","22":"tag-otsikot","23":"tag-paauutiset","24":"tag-suomi","25":"tag-top-stories","26":"tag-topstories","27":"tag-uutiset"},"share_on_mastodon":{"url":"https:\/\/pubeurope.com\/@fi\/115614674186670456","error":""},"_links":{"self":[{"href":"https:\/\/www.europesays.com\/fi\/wp-json\/wp\/v2\/posts\/100287","targetHints":{"allow":["GET"]}}],"collection":[{"href":"https:\/\/www.europesays.com\/fi\/wp-json\/wp\/v2\/posts"}],"about":[{"href":"https:\/\/www.europesays.com\/fi\/wp-json\/wp\/v2\/types\/post"}],"author":[{"embeddable":true,"href":"https:\/\/www.europesays.com\/fi\/wp-json\/wp\/v2\/users\/2"}],"replies":[{"embeddable":true,"href":"https:\/\/www.europesays.com\/fi\/wp-json\/wp\/v2\/comments?post=100287"}],"version-history":[{"count":0,"href":"https:\/\/www.europesays.com\/fi\/wp-json\/wp\/v2\/posts\/100287\/revisions"}],"wp:featuredmedia":[{"embeddable":true,"href":"https:\/\/www.europesays.com\/fi\/wp-json\/wp\/v2\/media\/100288"}],"wp:attachment":[{"href":"https:\/\/www.europesays.com\/fi\/wp-json\/wp\/v2\/media?parent=100287"}],"wp:term":[{"taxonomy":"category","embeddable":true,"href":"https:\/\/www.europesays.com\/fi\/wp-json\/wp\/v2\/categories?post=100287"},{"taxonomy":"post_tag","embeddable":true,"href":"https:\/\/www.europesays.com\/fi\/wp-json\/wp\/v2\/tags?post=100287"}],"curies":[{"name":"wp","href":"https:\/\/api.w.org\/{rel}","templated":true}]}}