{"id":100316,"date":"2025-11-26T07:36:08","date_gmt":"2025-11-26T07:36:08","guid":{"rendered":"https:\/\/www.europesays.com\/fi\/100316\/"},"modified":"2025-11-26T07:36:08","modified_gmt":"2025-11-26T07:36:08","slug":"penny-oleksiak-sai-kahden-vuoden-kilpailukiellon","status":"publish","type":"post","link":"https:\/\/www.europesays.com\/fi\/100316\/","title":{"rendered":"Penny Oleksiak sai kahden vuoden kilpailukiellon"},"content":{"rendered":"<p><strong class=\"typography-bold\">Kanadalaisuimari Penny Oleksiak sai tiistaina kahden vuoden kilpailukiellon antidopings\u00e4\u00e4nt\u00f6jen rikkomisesta.<\/strong><\/p>\n<p>Oleksiak j\u00e4tti olinpaikkatietonsa ilmoittamatta kolmesti vuoden sis\u00e4ll\u00e4. Kansainv\u00e4lisen testausviraston (ITA) mukaan Oleksiak on hyv\u00e4ksynyt rangaistuksensa.<\/p>\n<p>Uintilajeissa urheilijoiden etiikkaa valvovan integriteettiyksik\u00f6n (AIU) mukaan kanadalaist\u00e4hden kilpailukiellon katsotaan alkaneen 15. hein\u00e4kuuta kuluvaa vuotta ja se p\u00e4\u00e4ttyy 14. hein\u00e4kuuta 2027.<\/p>\n<p>Oleksiak, 25, on voittanut seitsem\u00e4n olympiamitalia viestit mukaan luettuna. H\u00e4n nappasi olympiakullan naisten 100 metrin vapaauinnissa Rion kes\u00e4kisoissa 2016. Pitk\u00e4n radan MM-kisoissa h\u00e4n on juhlinut yhdeks\u00e4\u00e4 mitalia.<\/p>\n","protected":false},"excerpt":{"rendered":"Kanadalaisuimari Penny Oleksiak sai tiistaina kahden vuoden kilpailukiellon antidopings\u00e4\u00e4nt\u00f6jen rikkomisesta. Oleksiak j\u00e4tti olinpaikkatietonsa ilmoittamatta kolmesti vuoden sis\u00e4ll\u00e4. Kansainv\u00e4lisen&hellip;\n","protected":false},"author":2,"featured_media":100317,"comment_status":"","ping_status":"","sticky":false,"template":"","format":"standard","meta":{"footnotes":""},"categories":[158],"tags":[33,31,30,159,32,160],"class_list":{"0":"post-100316","1":"post","2":"type-post","3":"status-publish","4":"format-standard","5":"has-post-thumbnail","7":"category-urheilu","8":"tag-fi","9":"tag-finland","10":"tag-finnish","11":"tag-sports","12":"tag-suomi","13":"tag-urheilu"},"share_on_mastodon":{"url":"https:\/\/pubeurope.com\/@fi\/115614855085476290","error":""},"_links":{"self":[{"href":"https:\/\/www.europesays.com\/fi\/wp-json\/wp\/v2\/posts\/100316","targetHints":{"allow":["GET"]}}],"collection":[{"href":"https:\/\/www.europesays.com\/fi\/wp-json\/wp\/v2\/posts"}],"about":[{"href":"https:\/\/www.europesays.com\/fi\/wp-json\/wp\/v2\/types\/post"}],"author":[{"embeddable":true,"href":"https:\/\/www.europesays.com\/fi\/wp-json\/wp\/v2\/users\/2"}],"replies":[{"embeddable":true,"href":"https:\/\/www.europesays.com\/fi\/wp-json\/wp\/v2\/comments?post=100316"}],"version-history":[{"count":0,"href":"https:\/\/www.europesays.com\/fi\/wp-json\/wp\/v2\/posts\/100316\/revisions"}],"wp:featuredmedia":[{"embeddable":true,"href":"https:\/\/www.europesays.com\/fi\/wp-json\/wp\/v2\/media\/100317"}],"wp:attachment":[{"href":"https:\/\/www.europesays.com\/fi\/wp-json\/wp\/v2\/media?parent=100316"}],"wp:term":[{"taxonomy":"category","embeddable":true,"href":"https:\/\/www.europesays.com\/fi\/wp-json\/wp\/v2\/categories?post=100316"},{"taxonomy":"post_tag","embeddable":true,"href":"https:\/\/www.europesays.com\/fi\/wp-json\/wp\/v2\/tags?post=100316"}],"curies":[{"name":"wp","href":"https:\/\/api.w.org\/{rel}","templated":true}]}}