{"id":100318,"date":"2025-11-26T07:37:08","date_gmt":"2025-11-26T07:37:08","guid":{"rendered":"https:\/\/www.europesays.com\/fi\/100318\/"},"modified":"2025-11-26T07:37:08","modified_gmt":"2025-11-26T07:37:08","slug":"seiska-mukava-tieto-dannysta-ja-helmi-loukasmaesta","status":"publish","type":"post","link":"https:\/\/www.europesays.com\/fi\/100318\/","title":{"rendered":"Seiska: Mukava tieto Dannyst\u00e4 ja Helmi Loukasm\u00e4est\u00e4"},"content":{"rendered":"<p>Musiikkineuvos <strong>Ilkka \u201dDanny\u201d Lipsanen<\/strong> ja <strong>Helmi Loukasm\u00e4ki<\/strong> lomailivat Kanarialla. He tekiv\u00e4t reissun aikana my\u00f6s t\u00f6it\u00e4 ja esiintyiv\u00e4t keikoilla. Kaksikkoa on kuvattu matkan aikana monien toimesta. Esimerkiksi Seiskassa on julkaistu kuvia ja tietoja siit\u00e4, mit\u00e4 matkan aikana on tapahtunut. \u00a0<\/p>\n<p>Seiskaan oli l\u00e4hetetty Dannyst\u00e4 ja Helmist\u00e4 kuva, joka on otettu Kanarialla. Samalla oli saatu tiet\u00e4\u00e4 mukava tieto, joka liittyy varsinkin Dannyyn. Lehden silminn\u00e4kij\u00e4 oli n\u00e4hnyt juuri kuvia, joissa Danny istuu py\u00f6r\u00e4tuolissa. Mutta h\u00e4n n\u00e4ki Kanarialla Dannyn, joka ei k\u00e4ytt\u00e4nyt py\u00f6r\u00e4tuolia.<\/p>\n<p>Silminn\u00e4kij\u00e4n kuvassa n\u00e4hd\u00e4\u00e4n Danny ja Helmi k\u00e4velem\u00e4ss\u00e4 Gran Canarialla. Kuva on otettu tarkalleen ottaen San Agustininissa 12. marraskuuta kello 15.35.<\/p>\n<p>Lue my\u00f6s: <a href=\"https:\/\/www.como.fi\/uutiset\/podcast-helmi-loukasmaki-kertoo-miten-talousrahat-jaetaan\/\" title=\"Podcast: Helmi Loukasm\u00e4ki kertoo miten talousrahat jaetaan\" class=\"underline-custom !font-montserrat !font-bold !underline-offset-4 !decoration-4 !decoration-red-600 !text-md\" rel=\"nofollow noopener\" target=\"_blank\">Podcast: Helmi Loukasm\u00e4ki kertoo miten talousrahat jaetaan<\/a><\/p>\n<p>\u2013 Ei n\u00e4kynyt en\u00e4\u00e4 py\u00f6r\u00e4tuolia, k\u00e4velykeppi\u00e4 tai mit\u00e4\u00e4n muitakaan apuv\u00e4lineit\u00e4! kertoi Seiskan silminn\u00e4kij\u00e4.<\/p>\n<p>Kaksikko oli suunnannut autolle, joten mist\u00e4\u00e4n pitk\u00e4st\u00e4 k\u00e4velylenkist\u00e4 ei ollut kyse.<\/p>\n<p>Lue my\u00f6s: <a href=\"https:\/\/www.como.fi\/uutiset\/il-danny-paljasti-tuoreet-suunnitelmansa-kevat-mielessa\/\" title=\"IL: Danny paljasti tuoreet suunnitelmansa \u2013 kev\u00e4t mieless\u00e4\" class=\"underline-custom !font-montserrat !font-bold !underline-offset-4 !decoration-4 !decoration-red-600 !text-md\" rel=\"nofollow noopener\" target=\"_blank\">IL: Danny paljasti tuoreet suunnitelmansa \u2013 kev\u00e4t mieless\u00e4<\/a><\/p>\n<p>\u2013 Satuin paikalle, kun Danny ja Helmi l\u00e4htiv\u00e4t alkuillasta ulos. Jokin auto heit\u00e4 saapui hakemaan siit\u00e4 hotellin edustalta, oli Seiskalle kerrottu aiheesta lis\u00e4\u00e4.<\/p>\n<p>Dannyll\u00e4 ja Helmill\u00e4 oli tuona iltana matkan ensimm\u00e4inen keikka.<\/p>\n<p>Helmi on julkaissut matkasta kuvia<\/p>\n<p>Matka on jo tehty. Helmi on julkaissut siit\u00e4 sometililleen kuvia.<\/p>\n<p>Lue my\u00f6s: <a href=\"https:\/\/www.como.fi\/uutiset\/helmi-loukasmaen-kuva-kanarialla-kuin-malli\/\" title=\"Helmi Loukasm\u00e4en kuva Kanarialla: Kuin malli!\" class=\"underline-custom !font-montserrat !font-bold !underline-offset-4 !decoration-4 !decoration-red-600 !text-md\" rel=\"nofollow noopener\" target=\"_blank\">Helmi Loukasm\u00e4en kuva Kanarialla: Kuin malli!<\/a><\/p>\n<p>\u2013 Ihana viikko Kanarialla. Paljon aurinkoa, ihania ihmisi\u00e4 ja super kivat keikat, kirjoitti Helmi matkasta.<\/p>\n<p>Helmill\u00e4 on kuvassa p\u00e4\u00e4ll\u00e4\u00e4n valkoinen asu. H\u00e4nen takanaan n\u00e4hd\u00e4\u00e4n palmuja ja merta.<\/p>\n<p>Jos upotus ei n\u00e4y, avaa se auki <a href=\"https:\/\/www.instagram.com\/p\/DRXvrDcCLF_\/?utm_source=ig_web_copy_link&amp;igsh=MzRlODBiNWFlZA==\" target=\"_blank\" rel=\"noreferrer noopener nofollow\">t\u00e4st\u00e4<\/a>.<\/p>\n<p>L\u00e4hde: <a href=\"https:\/\/www.seiska.fi\/vain-seiskassa\/espanjassa-hieraistiin-silmia-danny-ja-helmi-loukasmaki-yllattavissa-touhuissa-kanarialla\/1995072\" target=\"_blank\" rel=\"noreferrer noopener nofollow\">Seiska<\/a><\/p>\n<p>Lue my\u00f6s: <a href=\"https:\/\/www.como.fi\/tilaa-comon-uutiskirje\/\" title=\"Tilaa Comon uutiskirje ja tied\u00e4t mist\u00e4 kahvitauolla puhutaan! Nappaa kotimaan tv-vinkit ja puheenaiheet suoraan s\u00e4hk\u00f6postiin t\u00e4st\u00e4.\" class=\"underline-custom !font-montserrat !font-bold !underline-offset-4 !decoration-4 !decoration-red-600 !text-md\" rel=\"nofollow noopener\" target=\"_blank\">Tilaa Comon uutiskirje ja tied\u00e4t mist\u00e4 kahvitauolla puhutaan! Nappaa kotimaan tv-vinkit ja puheenaiheet suoraan s\u00e4hk\u00f6postiin t\u00e4st\u00e4.<\/a><\/p>\n<p>\t\t\t\t<script async src=\"\/\/www.instagram.com\/embed.js\"><\/script><\/p>\n","protected":false},"excerpt":{"rendered":"Musiikkineuvos Ilkka \u201dDanny\u201d Lipsanen ja Helmi Loukasm\u00e4ki lomailivat Kanarialla. He tekiv\u00e4t reissun aikana my\u00f6s t\u00f6it\u00e4 ja esiintyiv\u00e4t keikoilla.&hellip;\n","protected":false},"author":2,"featured_media":29817,"comment_status":"","ping_status":"","sticky":false,"template":"","format":"standard","meta":{"footnotes":""},"categories":[130],"tags":[8967,137,33,31,30,8968,32,109],"class_list":{"0":"post-100318","1":"post","2":"type-post","3":"status-publish","4":"format-standard","5":"has-post-thumbnail","7":"category-viihde","8":"tag-danny","9":"tag-entertainment","10":"tag-fi","11":"tag-finland","12":"tag-finnish","13":"tag-helmi-loukasmu00e4ki","14":"tag-suomi","15":"tag-viihde"},"share_on_mastodon":{"url":"https:\/\/pubeurope.com\/@fi\/115614858850577247","error":""},"_links":{"self":[{"href":"https:\/\/www.europesays.com\/fi\/wp-json\/wp\/v2\/posts\/100318","targetHints":{"allow":["GET"]}}],"collection":[{"href":"https:\/\/www.europesays.com\/fi\/wp-json\/wp\/v2\/posts"}],"about":[{"href":"https:\/\/www.europesays.com\/fi\/wp-json\/wp\/v2\/types\/post"}],"author":[{"embeddable":true,"href":"https:\/\/www.europesays.com\/fi\/wp-json\/wp\/v2\/users\/2"}],"replies":[{"embeddable":true,"href":"https:\/\/www.europesays.com\/fi\/wp-json\/wp\/v2\/comments?post=100318"}],"version-history":[{"count":0,"href":"https:\/\/www.europesays.com\/fi\/wp-json\/wp\/v2\/posts\/100318\/revisions"}],"wp:featuredmedia":[{"embeddable":true,"href":"https:\/\/www.europesays.com\/fi\/wp-json\/wp\/v2\/media\/29817"}],"wp:attachment":[{"href":"https:\/\/www.europesays.com\/fi\/wp-json\/wp\/v2\/media?parent=100318"}],"wp:term":[{"taxonomy":"category","embeddable":true,"href":"https:\/\/www.europesays.com\/fi\/wp-json\/wp\/v2\/categories?post=100318"},{"taxonomy":"post_tag","embeddable":true,"href":"https:\/\/www.europesays.com\/fi\/wp-json\/wp\/v2\/tags?post=100318"}],"curies":[{"name":"wp","href":"https:\/\/api.w.org\/{rel}","templated":true}]}}