{"id":100329,"date":"2025-11-26T07:44:08","date_gmt":"2025-11-26T07:44:08","guid":{"rendered":"https:\/\/www.europesays.com\/fi\/100329\/"},"modified":"2025-11-26T07:44:08","modified_gmt":"2025-11-26T07:44:08","slug":"loiskis-nayttely-glimsinjoesta-esille-villa-elfvikin-luontotaloon-espoon-kaupunki","status":"publish","type":"post","link":"https:\/\/www.europesays.com\/fi\/100329\/","title":{"rendered":"Loiskis! &#8211; n\u00e4yttely Glimsinjoesta esille Villa Elfvikin luontotaloon | Espoon kaupunki"},"content":{"rendered":"<p><strong><\/p>\n<p><strong>Loiskis! -n\u00e4yttelyss\u00e4 heitt\u00e4ydyt\u00e4\u00e4n Sasu Saukon matkassa Glimsinjoen py\u00f6rteisiin ja tutustutaan ihmisten, el\u00e4inten ja joen yhteiseloon kautta aikojen. Esill\u00e4 on my\u00f6s Pro Espoonjoen valokuvia muuttuvasta maisemasta joen varrelta. N\u00e4yttely on esill\u00e4 Villa Elfvikin luontotalossa 3.12.2025 \u2013 25.1.2026.<\/strong><\/p>\n<p><\/strong><\/p>\n<p>Keskell\u00e4 Espoota sijaitseva Glimsinjoki alkaa Pitk\u00e4j\u00e4rvest\u00e4 ja virtaa nyt jo kuivatun Kirkkoj\u00e4rven l\u00e4pi Espoonjokena aina merelle asti. <strong>Loiskis! Pulahdus Glimsinjoen tarinaan<\/strong> -n\u00e4yttely esittelee joen historiaa ja rikasta luontoa, johon ihminen on vaikuttanut aikojen saatossa.<\/p>\n<p>Valtakunnallisesti arvokas virtavesi on asuinpaikka monelle el\u00e4imelle, kuten sinne kutemaan saapuvalle taimenelle ja talvella sulapaikoissa ruokailevalle koskikaralle. Joen varren mets\u00e4t tarjoavat suojaa ja kulkuv\u00e4yl\u00e4n my\u00f6s maalla liikkuville el\u00e4imille.<\/p>\n<p>Joella on ollut t\u00e4rke\u00e4 merkitys my\u00f6s sen varrella asuneille ihmisille. Jokivarren pelloilla vilja kasvoi hyvin ja myllyt py\u00f6riv\u00e4t veden voimalla jauhaen viljan jauhoksi. Nykyihmist\u00e4 hieno luontokohde kutsuu retkeilem\u00e4\u00e4n. Glimsinjoen luontopolku alkaa\u00a0Tr\u00e4sk\u00e4ndan puistosta ja p\u00e4\u00e4ttyy Talomuseo\u00a0Glimsiin.<\/p>\n<p>KAMU Espoon kaupunginmuseon tuottamassa koko perheen Loiskis! -n\u00e4yttelyss\u00e4 l\u00f6ytyy tutkittavaa kaiken ik\u00e4isille. Lapset voivat onkia kaloja ja kokeilla, miten saukko laskee m\u00e4ke\u00e4 tai v\u00e4ritt\u00e4\u00e4 kuvia joen asukkaista. Historiasta kiinnostuneille vanhat valokuvat ja kartat kertovat joen menneisyydest\u00e4.<\/p>\n<p>N\u00e4yttelyss\u00e4 p\u00e4\u00e4set my\u00f6s tutustumaan valokuviin muuttuvista maisemista. Maisemia on kuvannut Pro Espoonjoki ry viimeisen 20 vuoden aikana Espoonjoen ja sen molempien sivuhaarojen Glimsin- ja Glomsinjoen ymp\u00e4rist\u00f6st\u00e4.<\/p>\n<p>Villa Elfvikin luontotalo on avoinna ma-pe klo 9\u201315, sunnuntaisin ja 1.1.2026 klo 10\u201316. Suljettu lauantaisin, 24.-28.12.2025 ja 6.1.2026. Vapaa p\u00e4\u00e4sy.<\/p>\n","protected":false},"excerpt":{"rendered":"Loiskis! -n\u00e4yttelyss\u00e4 heitt\u00e4ydyt\u00e4\u00e4n Sasu Saukon matkassa Glimsinjoen py\u00f6rteisiin ja tutustutaan ihmisten, el\u00e4inten ja joen yhteiseloon kautta aikojen. Esill\u00e4&hellip;\n","protected":false},"author":2,"featured_media":100330,"comment_status":"","ping_status":"","sticky":false,"template":"","format":"standard","meta":{"footnotes":""},"categories":[117],"tags":[33,31,30,72,476,118,32,119,477],"class_list":{"0":"post-100329","1":"post","2":"type-post","3":"status-publish","4":"format-standard","5":"has-post-thumbnail","7":"category-luonto","8":"tag-fi","9":"tag-finland","10":"tag-finnish","11":"tag-luonto","12":"tag-nature","13":"tag-science","14":"tag-suomi","15":"tag-tiede","16":"tag-wildlife"},"share_on_mastodon":{"url":"https:\/\/pubeurope.com\/@fi\/115614886297536058","error":""},"_links":{"self":[{"href":"https:\/\/www.europesays.com\/fi\/wp-json\/wp\/v2\/posts\/100329","targetHints":{"allow":["GET"]}}],"collection":[{"href":"https:\/\/www.europesays.com\/fi\/wp-json\/wp\/v2\/posts"}],"about":[{"href":"https:\/\/www.europesays.com\/fi\/wp-json\/wp\/v2\/types\/post"}],"author":[{"embeddable":true,"href":"https:\/\/www.europesays.com\/fi\/wp-json\/wp\/v2\/users\/2"}],"replies":[{"embeddable":true,"href":"https:\/\/www.europesays.com\/fi\/wp-json\/wp\/v2\/comments?post=100329"}],"version-history":[{"count":0,"href":"https:\/\/www.europesays.com\/fi\/wp-json\/wp\/v2\/posts\/100329\/revisions"}],"wp:featuredmedia":[{"embeddable":true,"href":"https:\/\/www.europesays.com\/fi\/wp-json\/wp\/v2\/media\/100330"}],"wp:attachment":[{"href":"https:\/\/www.europesays.com\/fi\/wp-json\/wp\/v2\/media?parent=100329"}],"wp:term":[{"taxonomy":"category","embeddable":true,"href":"https:\/\/www.europesays.com\/fi\/wp-json\/wp\/v2\/categories?post=100329"},{"taxonomy":"post_tag","embeddable":true,"href":"https:\/\/www.europesays.com\/fi\/wp-json\/wp\/v2\/tags?post=100329"}],"curies":[{"name":"wp","href":"https:\/\/api.w.org\/{rel}","templated":true}]}}