{"id":100351,"date":"2025-11-26T08:21:08","date_gmt":"2025-11-26T08:21:08","guid":{"rendered":"https:\/\/www.europesays.com\/fi\/100351\/"},"modified":"2025-11-26T08:21:08","modified_gmt":"2025-11-26T08:21:08","slug":"beyonce-harskissa-asussa-f1-osakilpailussa-lewis-hamilton-antoi-kyytia-stara-fi","status":"publish","type":"post","link":"https:\/\/www.europesays.com\/fi\/100351\/","title":{"rendered":"Beyonce h\u00e4rskiss\u00e4 asussa F1-osakilpailussa \u2013 Lewis Hamilton antoi kyyti\u00e4 \u2013 Stara.fi"},"content":{"rendered":"<p>Monipuolinen musiikkit\u00e4hti Beyonce vietti taannoin syntt\u00e4reit\u00e4\u00e4n l\u00e4pikuultavassa iltapuvussa, joka kiinnitti melkoisesti huomiota juhlien keskipisteeseen. 44 vuotta t\u00e4ytt\u00e4nyt popt\u00e4hti juhli Atlantic Cityss\u00e4 yhdess\u00e4 miehens\u00e4, r\u00e4pp\u00e4ri Jay-Z:n kanssa.<\/p>\n<p>Nyt kaupunkin on vaihtunut, mutta kasinoteema pysynyt. Beyonce vietti nimitt\u00e4in viikonloppua Las Vegasissa, jossa ajettiin Formula 1 -osakilpailu. Laulajatar p\u00e4\u00e4si kokeilemaan rataa Lewis Hamiltonin kilpa-auton kyydiss\u00e4, ja autoon noustessaan Beyonce varasti huomion poikkeuksellisen n\u00e4ytt\u00e4v\u00e4ll\u00e4 asullaan.<\/p>\n<p>Nyt samainen asu n\u00e4hd\u00e4\u00e4n useiden kuvien verran h\u00e4nen itsens\u00e4 julkaisemassa p\u00e4ivityksess\u00e4, josta voidaan todeta kire\u00e4n nahkatakin kaula-aukon vet\u00e4v\u00e4n hiljaiseksi miehen kuin miehen. Etenkin, kun takin alla ei n\u00e4ytt\u00e4nyt olevan mit\u00e4\u00e4n.<\/p>\n<p>P\u00e4ivityksess\u00e4\u00e4n Beyonce ylist\u00e4\u00e4 vuolaasti Lewis Hamiltonia, jonka h\u00e4n tapasi henkil\u00f6kohtaisesti varikolla. Voimme arvioida, ett\u00e4 laulajattaren asuvalinta tuskin j\u00e4i Lewis Hamiltonilta huomaamatta, kun he tapasivat varikolla.<\/p>\n<p>Beyonce palkittiin \u00e4skett\u00e4in Emmy-gaalassa parhaasta pukusuunnittelusta, joka n\u00e4htiin joulup\u00e4iv\u00e4n\u00e4 2024 j\u00e4rjestetyn NFL-ottelun puoliaikashow\u2019ssa Houstonissa. Tuolloin Beyonc\u00e9 esiintyi ensimm\u00e4ist\u00e4 kertaa liven\u00e4 Grammy-palkitun Cowboy Carter -albuminsa kappaleilla. Palkinnon sai my\u00f6s ohjelman pukutiimi.<\/p>\n<blockquote class=\"instagram-media\" data-instgrm-captioned=\"\" data-instgrm-permalink=\"https:\/\/www.instagram.com\/p\/DReSiEnEREU\/?utm_source=ig_embed&amp;utm_campaign=loading\" data-instgrm-version=\"14\" style=\" background:#FFF; border:0; border-radius:3px; box-shadow:0 0 1px 0 rgba(0,0,0,0.5),0 1px 10px 0 rgba(0,0,0,0.15); margin: 1px; max-width:540px; min-width:326px; padding:0; width:99.375%; width:-webkit-calc(100% - 2px); width:calc(100% - 2px);\">\n<\/blockquote>\n<p>\n\t\t\t\tVoit lukea Starassa my\u00f6s lis\u00e4\u00e4 t\u00e4h\u00e4n kyseiseen artikkeliin liittyvist\u00e4 aiheista, kuten <a href=\"https:\/\/www.stara.fi\/asiasanat\/beyonce\/\" rel=\"tag nofollow noopener\" target=\"_blank\">Beyonce<\/a> tai laajemmin aihealueesta <a href=\"https:\/\/www.stara.fi\/category\/viihdeuutiset\/\" rel=\"category tag nofollow noopener\" target=\"_blank\">Viihdeuutiset<\/a>.\n\t\t\t<\/p>\n<p>\t\t\t\t\t<script async src=\"\/\/www.instagram.com\/embed.js\"><\/script><\/p>\n","protected":false},"excerpt":{"rendered":"Monipuolinen musiikkit\u00e4hti Beyonce vietti taannoin syntt\u00e4reit\u00e4\u00e4n l\u00e4pikuultavassa iltapuvussa, joka kiinnitti melkoisesti huomiota juhlien keskipisteeseen. 44 vuotta t\u00e4ytt\u00e4nyt popt\u00e4hti&hellip;\n","protected":false},"author":2,"featured_media":100352,"comment_status":"","ping_status":"","sticky":false,"template":"","format":"standard","meta":{"footnotes":""},"categories":[136],"tags":[407,137,33,31,30,408,32,109],"class_list":{"0":"post-100351","1":"post","2":"type-post","3":"status-publish","4":"format-standard","5":"has-post-thumbnail","7":"category-julkkikset","8":"tag-celebrities","9":"tag-entertainment","10":"tag-fi","11":"tag-finland","12":"tag-finnish","13":"tag-julkkikset","14":"tag-suomi","15":"tag-viihde"},"share_on_mastodon":{"url":"https:\/\/pubeurope.com\/@fi\/115615031814355576","error":""},"_links":{"self":[{"href":"https:\/\/www.europesays.com\/fi\/wp-json\/wp\/v2\/posts\/100351","targetHints":{"allow":["GET"]}}],"collection":[{"href":"https:\/\/www.europesays.com\/fi\/wp-json\/wp\/v2\/posts"}],"about":[{"href":"https:\/\/www.europesays.com\/fi\/wp-json\/wp\/v2\/types\/post"}],"author":[{"embeddable":true,"href":"https:\/\/www.europesays.com\/fi\/wp-json\/wp\/v2\/users\/2"}],"replies":[{"embeddable":true,"href":"https:\/\/www.europesays.com\/fi\/wp-json\/wp\/v2\/comments?post=100351"}],"version-history":[{"count":0,"href":"https:\/\/www.europesays.com\/fi\/wp-json\/wp\/v2\/posts\/100351\/revisions"}],"wp:featuredmedia":[{"embeddable":true,"href":"https:\/\/www.europesays.com\/fi\/wp-json\/wp\/v2\/media\/100352"}],"wp:attachment":[{"href":"https:\/\/www.europesays.com\/fi\/wp-json\/wp\/v2\/media?parent=100351"}],"wp:term":[{"taxonomy":"category","embeddable":true,"href":"https:\/\/www.europesays.com\/fi\/wp-json\/wp\/v2\/categories?post=100351"},{"taxonomy":"post_tag","embeddable":true,"href":"https:\/\/www.europesays.com\/fi\/wp-json\/wp\/v2\/tags?post=100351"}],"curies":[{"name":"wp","href":"https:\/\/api.w.org\/{rel}","templated":true}]}}