{"id":100364,"date":"2025-11-26T08:35:09","date_gmt":"2025-11-26T08:35:09","guid":{"rendered":"https:\/\/www.europesays.com\/fi\/100364\/"},"modified":"2025-11-26T08:35:09","modified_gmt":"2025-11-26T08:35:09","slug":"analyysi-tyollisyys-ja-tyottomyys-kasvavat-yhta-aikaa-ilmion-taustalla-on-kuitenkin-selva-syy-talous","status":"publish","type":"post","link":"https:\/\/www.europesays.com\/fi\/100364\/","title":{"rendered":"Analyysi: Ty\u00f6llisyys ja ty\u00f6tt\u00f6myys kasvavat yht\u00e4 aikaa \u2013 ilmi\u00f6n taustalla on kuitenkin selv\u00e4 syy | Talous"},"content":{"rendered":"<p class=\"aw-1gybjub aw-1p7kakr kEtdKx cEmitX yle__article__paragraph\">Ty\u00f6llisyys k\u00e4\u00e4ntym\u00e4ss\u00e4 kasvuun \u2013 merkkej\u00e4 talouden k\u00e4\u00e4nnekohdasta n\u00e4kyviss\u00e4. Kuulostaako tutulta? Meille sanotaan taas kerran, ett\u00e4 kohta se l\u00e4htee. Ty\u00f6llisyys nousuun siis.<\/p>\n<p class=\"aw-1gybjub aw-1p7kakr kEtdKx cEmitX yle__article__paragraph\"><a class=\"aw-iao6s4 iHOxEa yle__article__link\" href=\"https:\/\/stat.fi\/tilasto\/tyti\" role=\"link\" rel=\"nofollow noopener\" target=\"_blank\">Tuoreiden tilastojen valossa<\/a> ty\u00f6llisyys on jo alkanut kasvaa. Vaikka ty\u00f6tt\u00f6myys, <a class=\"aw-iao6s4 iHOxEa yle__article__link\" href=\"https:\/\/yle.fi\/a\/74-20195966\" role=\"link\" rel=\"nofollow noopener\" target=\"_blank\">kuten eilen kuultiin<\/a>, jatkaa edelleen trendin omaista nousuaan. T\u00e4m\u00e4 erikoinen yhdistelm\u00e4 saattaa kertoa talouden olevan jonkinlaisessa murrosvaiheessa.<\/p>\n<p class=\"aw-1gybjub aw-1p7kakr kEtdKx cEmitX yle__article__paragraph\">Tilastot paljastavat, ett\u00e4 ty\u00f6llisyyden trendi on \u201dnyk\u00e4issyt rajusti yl\u00f6sp\u00e4in\u201d, kuten Elinkeinoel\u00e4m\u00e4n tutkimuslaitoksen Etlan ty\u00f6markkinoihin erikoistunut ekonomisti <strong class=\"aw-ak79eh KyCXm yle__article__strong\">Sakari L\u00e4hdem\u00e4ki<\/strong> asian ilmaisee.<\/p>\n<p class=\"aw-1gybjub aw-1p7kakr kEtdKx cEmitX yle__article__paragraph\">T\u00e4m\u00e4 on ensimm\u00e4inen merkki siit\u00e4, ett\u00e4 Suomen heikko ty\u00f6llisyys saattaa ottaa lokakuussa ensimm\u00e4isi\u00e4 askeliaan pois sielt\u00e4 kaikkein syvimm\u00e4st\u00e4 montusta.<\/p>\n<p class=\"aw-1gybjub aw-1p7kakr kEtdKx cEmitX yle__article__paragraph\">\u2013 T\u00e4ss\u00e4 ollaan jonkinlaisen k\u00e4\u00e4nteen \u00e4\u00e4rell\u00e4 ja n\u00e4m\u00e4 luvut ennakoivat sit\u00e4, ett\u00e4 loppuvuonna ty\u00f6llisyys kasvaa, sanoo L\u00e4hdem\u00e4ki.<\/p>\n<p>Tilanteessa voi n\u00e4hd\u00e4 my\u00f6s positiivista<\/p>\n<p class=\"aw-1gybjub aw-1p7kakr kEtdKx cEmitX yle__article__paragraph\">Ty\u00f6llisyyden ja ty\u00f6tt\u00f6myyden samanaikainen kasvu kuulostaa ristiriitaiselta. Ilmi\u00f6n taustalla on kuitenkin selv\u00e4 syy. Syyllinen on ty\u00f6voiman kokonaism\u00e4\u00e4r\u00e4n kasvu. T\u00e4m\u00e4 tarkoittaa sit\u00e4, ett\u00e4 yh\u00e4 useampi ty\u00f6voiman ulkopuolella ollut henkil\u00f6 on ilmoittautunut ty\u00f6nhakijaksi.<\/p>\n<p class=\"aw-1gybjub aw-1p7kakr kEtdKx cEmitX yle__article__paragraph\">Ja hei! T\u00e4ss\u00e4 voi n\u00e4hd\u00e4 jotain positiivista. Ty\u00f6t\u00e4 hakevien m\u00e4\u00e4r\u00e4n lis\u00e4\u00e4ntyminen kertoo ihmisten uskosta siihen, ett\u00e4 ty\u00f6t\u00e4 saattaisi oikeasti saadakin. Tai sitten se kertoo siit\u00e4, ett\u00e4 ty\u00f6tt\u00f6m\u00e4n\u00e4 oleminen on hallituksen toimien vuoksi entist\u00e4 ik\u00e4v\u00e4mp\u00e4\u00e4. Tai sitten se kertoo molemmista.<\/p>\n<p class=\"aw-1gybjub aw-1p7kakr kEtdKx cEmitX yle__article__paragraph\">Laboren johtavan ty\u00f6markkinatutkijan <strong class=\"aw-ak79eh KyCXm yle__article__strong\">Mervi Kauhasen<\/strong> mukaan tilanne on joka tapauksessa erikoinen, koska selkeit\u00e4 merkkej\u00e4 noususuhdanteesta ei ole.<\/p>\n<p class=\"aw-1gybjub aw-1p7kakr kEtdKx cEmitX yle__article__paragraph\">\u2013 Ty\u00f6voiman tarjonta reagoi yleens\u00e4 talouden suhdanteisiin, mutta nyt n\u00e4hd\u00e4\u00e4n poikkeava ilmi\u00f6. Vaikka taloustilanne on heikko, ty\u00f6markkinoille tulee lis\u00e4\u00e4 ihmisi\u00e4.<\/p>\n<p class=\"aw-1gybjub aw-1p7kakr kEtdKx cEmitX yle__article__paragraph\">Ty\u00f6voiman m\u00e4\u00e4r\u00e4n kasvu on jatkunut jo vuodesta 2022. Kasvua selitt\u00e4\u00e4 maahanmuutto, mutta vain puoliksi. Merkitt\u00e4v\u00e4 osa ty\u00f6t\u00e4 haluavien m\u00e4\u00e4r\u00e4n kasvusta tulee kantav\u00e4est\u00f6st\u00e4. Lokakuussa kaksi keskeist\u00e4 ryhm\u00e4\u00e4, joista ty\u00f6nhakijoiden joukkoon liittyi ty\u00f6voimaa olivat naiset ja opiskelijat. T\u00e4m\u00e4 kertoo siit\u00e4, ett\u00e4 taloudessa ja ty\u00f6markkinoilla tapahtuu jotakin.<\/p>\n<p class=\"aw-1gybjub aw-1p7kakr kEtdKx cEmitX yle__article__paragraph\">Toinen todiste siit\u00e4, ett\u00e4 ty\u00f6markkinoilla on ehk\u00e4 k\u00e4ynniss\u00e4 muutos positiiviseen suuntaan on se, ett\u00e4 eri ty\u00f6tt\u00f6myysmittarit antavat hyvin erilaisen kuvan tilanteesta. Eilen uutisoidun ty\u00f6voimatutkimuksen synk\u00e4t luvut eroavat huomattavasti ty\u00f6nv\u00e4litystilaston ja verohallinnon tilastojen positiivisemmasta vireest\u00e4.<\/p>\n<p class=\"aw-1gybjub aw-1p7kakr kEtdKx cEmitX yle__article__paragraph\">T\u00e4m\u00e4 viittaa L\u00e4hdem\u00e4en mukaan siihen, ett\u00e4 ty\u00f6markkinoiden dynamiikka on muutoksessa tavalla, jota perinteiset mittarit eiv\u00e4t t\u00e4ysin tavoita.<\/p>\n<p>Ty\u00f6llisyys seuraa lopulta talouskasvua<\/p>\n<p class=\"aw-1gybjub aw-1p7kakr kEtdKx cEmitX yle__article__paragraph\">Mit\u00e4 sitten pit\u00e4isi tapahtua, ett\u00e4 kaikki mittarit k\u00e4\u00e4ntyisiv\u00e4t kohti kaakkoa ja ty\u00f6t\u00e4 alkaisi sit\u00e4 hakevalle l\u00f6yty\u00e4?<\/p>\n<p class=\"aw-1gybjub aw-1p7kakr kEtdKx cEmitX yle__article__paragraph\">Suomen talouden kehitys on vahvasti kytk\u00f6ksiss\u00e4 siihen, miten muulla maailmalla menee. Suomen t\u00e4rke\u00e4n kauppakumppanin Saksan talouden vaikeudet heijastuvat t\u00e4nne pohjolan perukoille, kun investointihy\u00f6dykkeet eiv\u00e4t k\u00e4y kaupaksi. Samaan aikaan Yhdysvaltojen tuontitullit kurittavat vienti\u00e4 toiselta laidalta.<\/p>\n<p class=\"aw-1gybjub aw-1p7kakr kEtdKx cEmitX yle__article__paragraph\">Kun n\u00e4ist\u00e4 kaupan esteist\u00e4 p\u00e4\u00e4st\u00e4\u00e4n eroon tai niihin sopeudutaan, ollaan jo pitk\u00e4ll\u00e4. Sopeutuminen tarkoittaa uusien vientikohteiden l\u00f6yt\u00e4mist\u00e4 tai tullien onnistunutta siirt\u00e4mist\u00e4 hintoihin.<\/p>\n<p class=\"aw-1gybjub aw-1p7kakr kEtdKx cEmitX yle__article__paragraph\">T\u00e4m\u00e4n lis\u00e4ksi L\u00e4hdem\u00e4en mukaan ty\u00f6tt\u00f6myyden k\u00e4\u00e4ntyminen laskuun edellytt\u00e4\u00e4 yksityisen sektorin vahvempaa vetoa.<\/p>\n<p class=\"aw-1gybjub aw-1p7kakr kEtdKx cEmitX yle__article__paragraph\">\u2013 Kasvu edellytt\u00e4\u00e4 sit\u00e4, ett\u00e4 meill\u00e4 my\u00f6s yksityinen sektori ja yksityiset palvelut kasvavat, h\u00e4n sanoo.<\/p>\n<p class=\"aw-1gybjub aw-1p7kakr kEtdKx cEmitX yle__article__paragraph\">Kyseess\u00e4 on er\u00e4\u00e4nlainen itsest\u00e4\u00e4n selv\u00e4 talouden laki. Ty\u00f6llisyys seuraa talouskasvua, mutta pienell\u00e4 viiveell\u00e4.<\/p>\n<p class=\"aw-1gybjub aw-1p7kakr kEtdKx cEmitX yle__article__paragraph\">Hallituksen politiikkatoimien vaikutuksista eilisen p\u00e4iv\u00e4n lukuihin ollaan tyypillisen erimielisi\u00e4 riippuen siit\u00e4, mist\u00e4 p\u00e4in asiaa katsoo.<\/p>\n<p class=\"aw-1gybjub aw-1p7kakr kEtdKx cEmitX yle__article__paragraph\">Etlan L\u00e4hdem\u00e4en arvion mukaan hallituksen politiikkatoimien vaikutus tilanteeseen on \u201dhyvin pient\u00e4\u201d. T\u00e4m\u00e4 on merkitt\u00e4v\u00e4 huomio aikana, jolloin hallitus on esitellyt useita ty\u00f6markkinauudistuksia.<\/p>\n<p class=\"aw-1gybjub aw-1p7kakr kEtdKx cEmitX yle__article__paragraph\">Ty\u00f6ntekij\u00e4n\u00e4k\u00f6kulmasta katsottaessa hallituksen uudistukset voivat olla hyvinkin merkitt\u00e4v\u00e4ss\u00e4 roolissa, kun pohditaan ty\u00f6tt\u00f6myysasteen pompsahdusta yli 10,3 prosenttiin.<\/p>\n<p class=\"aw-1gybjub aw-1p7kakr kEtdKx cEmitX yle__article__paragraph\">\u2013 Voisi arvella, ett\u00e4 my\u00f6s n\u00e4m\u00e4 sosiaaliturvaleikkaukset voivat olla yksi tekij\u00e4 siell\u00e4 taustalla, joka voi vaikuttaa, Kauhanen pohtii.<\/p>\n<p class=\"aw-1gybjub aw-1p7kakr kEtdKx cEmitX yle__article__paragraph\">Joka tapauksessa ty\u00f6markkinoiden ristiriitaiset signaalit kertovat, ett\u00e4 Suomi on taloudellisessa murroskohdassa. Ty\u00f6llisyyden kasvu antaa toivoa paremmasta, mutta enn\u00e4tyskorkea ty\u00f6tt\u00f6myys palauttaa ajatukset arkeen. Talouden todellinen k\u00e4\u00e4nne n\u00e4hd\u00e4\u00e4n vasta hieman j\u00e4lkijunassa, eik\u00e4 siit\u00e4 viel\u00e4 ole selvi\u00e4 merkkej\u00e4.<\/p>\n","protected":false},"excerpt":{"rendered":"Ty\u00f6llisyys k\u00e4\u00e4ntym\u00e4ss\u00e4 kasvuun \u2013 merkkej\u00e4 talouden k\u00e4\u00e4nnekohdasta n\u00e4kyviss\u00e4. Kuulostaako tutulta? Meille sanotaan taas kerran, ett\u00e4 kohta se l\u00e4htee.&hellip;\n","protected":false},"author":2,"featured_media":100365,"comment_status":"","ping_status":"","sticky":false,"template":"","format":"standard","meta":{"footnotes":""},"categories":[5],"tags":[22,23,26,27,33,31,30,17,12018,24,25,28,29,15,18,21,32,78,3250,19,20,862,1955,16],"class_list":{"0":"post-100364","1":"post","2":"type-post","3":"status-publish","4":"format-standard","5":"has-post-thumbnail","7":"category-otsikot","8":"tag-breaking-news","9":"tag-breakingnews","10":"tag-featured-news","11":"tag-featurednews","12":"tag-fi","13":"tag-finland","14":"tag-finnish","15":"tag-headlines","16":"tag-kulutus","17":"tag-latest-news","18":"tag-latestnews","19":"tag-main-news","20":"tag-mainnews","21":"tag-news","22":"tag-otsikot","23":"tag-paauutiset","24":"tag-suomi","25":"tag-talous","26":"tag-talouskasvu","27":"tag-top-stories","28":"tag-topstories","29":"tag-tyollisyys","30":"tag-tyottomyys","31":"tag-uutiset"},"share_on_mastodon":{"url":"https:\/\/pubeurope.com\/@fi\/115615086951295304","error":""},"_links":{"self":[{"href":"https:\/\/www.europesays.com\/fi\/wp-json\/wp\/v2\/posts\/100364","targetHints":{"allow":["GET"]}}],"collection":[{"href":"https:\/\/www.europesays.com\/fi\/wp-json\/wp\/v2\/posts"}],"about":[{"href":"https:\/\/www.europesays.com\/fi\/wp-json\/wp\/v2\/types\/post"}],"author":[{"embeddable":true,"href":"https:\/\/www.europesays.com\/fi\/wp-json\/wp\/v2\/users\/2"}],"replies":[{"embeddable":true,"href":"https:\/\/www.europesays.com\/fi\/wp-json\/wp\/v2\/comments?post=100364"}],"version-history":[{"count":0,"href":"https:\/\/www.europesays.com\/fi\/wp-json\/wp\/v2\/posts\/100364\/revisions"}],"wp:featuredmedia":[{"embeddable":true,"href":"https:\/\/www.europesays.com\/fi\/wp-json\/wp\/v2\/media\/100365"}],"wp:attachment":[{"href":"https:\/\/www.europesays.com\/fi\/wp-json\/wp\/v2\/media?parent=100364"}],"wp:term":[{"taxonomy":"category","embeddable":true,"href":"https:\/\/www.europesays.com\/fi\/wp-json\/wp\/v2\/categories?post=100364"},{"taxonomy":"post_tag","embeddable":true,"href":"https:\/\/www.europesays.com\/fi\/wp-json\/wp\/v2\/tags?post=100364"}],"curies":[{"name":"wp","href":"https:\/\/api.w.org\/{rel}","templated":true}]}}