{"id":100371,"date":"2025-11-26T08:54:08","date_gmt":"2025-11-26T08:54:08","guid":{"rendered":"https:\/\/www.europesays.com\/fi\/100371\/"},"modified":"2025-11-26T08:54:08","modified_gmt":"2025-11-26T08:54:08","slug":"fc-barcelonan-paakaskija-voin-luvata","status":"publish","type":"post","link":"https:\/\/www.europesays.com\/fi\/100371\/","title":{"rendered":"FC Barcelonan p\u00e4\u00e4k\u00e4skij\u00e4: &#8221;Voin luvata&#8221;"},"content":{"rendered":"<p>Espanjan La Ligan hallitseva mestari FC Barcelona k\u00e4rsi tiistaina Mestarien liigassa todella karvaan tappion vieraskent\u00e4ll\u00e4.<\/p>\n<p><strong>Hansi Flickin <\/strong>valmentama miehist\u00f6 hyytyi t\u00e4ysin Englannin p\u00e4\u00e4kaupungissa Lontoossa pelatussa ottelussa Chelsean vieraana. <a href=\"https:\/\/www.sportti.com\/jalkapallo\/chelsea-noyryytti-fc-barcelonaa-mestarien-liigassa\/\" rel=\"nofollow noopener\" target=\"_blank\">Chelsea oli Stamford Bridgell\u00e4 parempi maalein 0-3.<\/a><\/p>\n<p>Ottelussa FC Barcelona joutui ensimm\u00e4isell\u00e4 jaksolla oman maalin my\u00f6t\u00e4 takaa-ajoasemaan ja lis\u00e4ksi puolustaja <strong>Ronald Araujo<\/strong> ajettiin kahdella keltaisella ulos kent\u00e4lt\u00e4, joten kamppailu ei ollut mill\u00e4\u00e4n muotoa katalonialaisilta onnistunut.<\/p>\n<p>T\u00e4m\u00e4n my\u00f6t\u00e4\u00e4 my\u00f6s p\u00e4\u00e4valmentaja Flick, jolta tuli lupaus jalkapalloa seuraavalle kansalle.<\/p>\n<p>\u2013 Voin luvata, ett\u00e4 me tulemme n\u00e4kem\u00e4\u00e4n FC Barcelonan korkeimmalla tasolla pian. Olen siit\u00e4 varma ja hyvin optimistinen.<\/p>\n<p>\u2013 N\u00e4en miten harjoittelemme ja meid\u00e4n harjoitusten intensiteetin, se on parantunut viime viikkojen aikaan ja j\u00e4tk\u00e4t ovat palaamassa terveiksi, se lupaa hyv\u00e4\u00e4 meille, jatkoi Flick.<\/p>\n<p>FC Barcelona jatkaa viikonloppuna kauttaan La Ligassa. Joukkue hakee kotonaan nelj\u00e4tt\u00e4 voittoa putkeen, kun vastaan asettuu Alaves.<\/p>\n<p><strong>LUE MY\u00d6S:\u00a0<a href=\"https:\/\/atleetti.fi\/hurja-vaite-fc-barcelona-kielsi-robert-lewandowskilta-maalinteon\/\" target=\"_blank\" rel=\"nofollow noopener\">Hurja v\u00e4ite: FC Barcelona kielsi Robert Lewandowskilta maalinteon (Atleetti.fi) <\/a><\/strong><\/p>\n","protected":false},"excerpt":{"rendered":"Espanjan La Ligan hallitseva mestari FC Barcelona k\u00e4rsi tiistaina Mestarien liigassa todella karvaan tappion vieraskent\u00e4ll\u00e4. Hansi Flickin valmentama&hellip;\n","protected":false},"author":2,"featured_media":100372,"comment_status":"","ping_status":"","sticky":false,"template":"","format":"standard","meta":{"footnotes":""},"categories":[158],"tags":[33,31,30,159,32,160],"class_list":{"0":"post-100371","1":"post","2":"type-post","3":"status-publish","4":"format-standard","5":"has-post-thumbnail","7":"category-urheilu","8":"tag-fi","9":"tag-finland","10":"tag-finnish","11":"tag-sports","12":"tag-suomi","13":"tag-urheilu"},"share_on_mastodon":{"url":"https:\/\/pubeurope.com\/@fi\/115615161779715503","error":""},"_links":{"self":[{"href":"https:\/\/www.europesays.com\/fi\/wp-json\/wp\/v2\/posts\/100371","targetHints":{"allow":["GET"]}}],"collection":[{"href":"https:\/\/www.europesays.com\/fi\/wp-json\/wp\/v2\/posts"}],"about":[{"href":"https:\/\/www.europesays.com\/fi\/wp-json\/wp\/v2\/types\/post"}],"author":[{"embeddable":true,"href":"https:\/\/www.europesays.com\/fi\/wp-json\/wp\/v2\/users\/2"}],"replies":[{"embeddable":true,"href":"https:\/\/www.europesays.com\/fi\/wp-json\/wp\/v2\/comments?post=100371"}],"version-history":[{"count":0,"href":"https:\/\/www.europesays.com\/fi\/wp-json\/wp\/v2\/posts\/100371\/revisions"}],"wp:featuredmedia":[{"embeddable":true,"href":"https:\/\/www.europesays.com\/fi\/wp-json\/wp\/v2\/media\/100372"}],"wp:attachment":[{"href":"https:\/\/www.europesays.com\/fi\/wp-json\/wp\/v2\/media?parent=100371"}],"wp:term":[{"taxonomy":"category","embeddable":true,"href":"https:\/\/www.europesays.com\/fi\/wp-json\/wp\/v2\/categories?post=100371"},{"taxonomy":"post_tag","embeddable":true,"href":"https:\/\/www.europesays.com\/fi\/wp-json\/wp\/v2\/tags?post=100371"}],"curies":[{"name":"wp","href":"https:\/\/api.w.org\/{rel}","templated":true}]}}