{"id":100373,"date":"2025-11-26T08:55:10","date_gmt":"2025-11-26T08:55:10","guid":{"rendered":"https:\/\/www.europesays.com\/fi\/100373\/"},"modified":"2025-11-26T08:55:10","modified_gmt":"2025-11-26T08:55:10","slug":"ttk-tahti-kastanja-rauhala-avautuu-seiskalle-suhdehuhuista","status":"publish","type":"post","link":"https:\/\/www.europesays.com\/fi\/100373\/","title":{"rendered":"TTK-t\u00e4hti Kastanja Rauhala avautuu Seiskalle suhdehuhuista"},"content":{"rendered":"<p>                                                    <img width=\"664\" height=\"350\" src=\"https:\/\/www.europesays.com\/fi\/wp-content\/uploads\/2025\/11\/Kastanjarauhala-AOP-combo-Lakko-664x350.jpg\" class=\"attachment-main-thumbnail size-main-thumbnail\" alt=\"Kastanja Rauhala ottaa nyt kantaa h\u00e4nest\u00e4 liikkuneisiin suhdehuhuihin TTK:ssa.\" classes=\"inline-featured-image\" loading=\"eager\" decoding=\"async\" fetchpriority=\"high\"  \/><\/p>\n<p>                                                            Kastanja Rauhala sijoittui TTK:ssa toiseksi yhdess\u00e4 Eric &#8221;Lakko&#8221; Savolaisen kanssa. Kuvat: AOP \/ Tomi Natri                                                        <\/p>\n<p><strong>Tanssii t\u00e4htien kanssa -ohjelmassa menestyst\u00e4 niitt\u00e4neen Kastanja Rauhalan yksityisel\u00e4m\u00e4 on viime vuosien aikana kiinnostanut suomalaisia paljon. Nyt tanssinopettaja kommentoi itse hurjaksi \u00e4itynytt\u00e4 tilannetta.<\/strong><\/p>\n<p><strong><a href=\"https:\/\/www.newsner.fi\/tag\/kastanja-rauhala\/\" target=\"_blank\" rel=\"noreferrer noopener nofollow\">Kastanja Rauhala<\/a><\/strong> tanssi tiens\u00e4 t\u00e4n\u00e4kin vuonna <a href=\"https:\/\/www.newsner.fi\/tag\/tanssii-tahtien-kanssa\/\" target=\"_blank\" rel=\"noreferrer noopener nofollow\">Tanssii t\u00e4htien kanssa<\/a> -ohjelman finaaliin saakka parinsa <strong><a href=\"https:\/\/www.newsner.fi\/tag\/eric-savolainen\/\" target=\"_blank\" rel=\"noreferrer noopener nofollow\">Eric \u201dLakko\u201d Savolaisen<\/a><\/strong> kanssa. Finaalissa Kastanja ja Lakko j\u00e4iv\u00e4t lopulta toiselle sijalle katsojien \u00e4\u00e4nestetty\u00e4 <strong>Johannes Holopaisen<\/strong> ja <strong>Katri Riihilahden<\/strong> voittajiksi.<\/p>\n<p>Finaalin j\u00e4lkeisen\u00e4 tiistaina 25. marraskuuta kaksikko kertoi MTV:n <a href=\"https:\/\/www.mtv.fi\/video\/0b352a6b5766e171ea03\/tiistaina-25-marraskuuta\" target=\"_blank\" rel=\"noreferrer noopener nofollow\">Huomenta Suomi<\/a> -l\u00e4hetyksess\u00e4 tunnelmistaan ohjelman j\u00e4lkeen. Lakko kertoi olleensa eniten yll\u00e4ttynyt siit\u00e4, kuinka kova rupeama ohjelman teko todella oli.<\/p>\n<p>\u2013 Kaikkein yll\u00e4tt\u00e4vint\u00e4 oli varmaan itselle se vauhti ja intensiteetti, mill\u00e4 tuota ohjelmaa tehtiin. Ei vain ollut aikaa pys\u00e4hty\u00e4, h\u00e4n kuvaili asiaa.<\/p>\n<p>Vaikka kisassa j\u00e4i lopulta hopeat kaulaan, se ei harmittanut kumpaakaan tanssiparista. Kastanja Rauhala kertookin, ett\u00e4 he saavuttivat p\u00e4\u00e4tavoitteensa.<\/p>\n<p>\u2013 Me p\u00e4\u00e4stiin finaaliin. P\u00e4\u00e4stiin n\u00e4kem\u00e4\u00e4n koko se matka, niin se oli ehk\u00e4 se meid\u00e4n tavoite t\u00e4ss\u00e4, Kastanja totesi.<\/p>\n<p><img loading=\"lazy\" decoding=\"async\" width=\"1200\" height=\"630\" src=\"https:\/\/www.europesays.com\/fi\/wp-content\/uploads\/2025\/11\/lakko-kastanja-rauhala-ttk-AOP-2.jpg\" alt=\"Lakko ja Kastanja Rauhala tulivat Tanssii t\u00e4htien kanssa -finaalissa lopulta toisiksi.\" class=\"wp-image-116533\"  \/>Lakko ja Kastanja olivat tyytyv\u00e4isi\u00e4 omaan suoritukseensa TTK:ssa. Kuva: AOP \/ Tomi Natri<\/p>\n<p>Rauhala tuli toiseksi ohjelmassa my\u00f6s viime kaudella tanssiessaan yhdess\u00e4 muusikko <strong><a href=\"https:\/\/www.newsner.fi\/tag\/isaac-sene\/\" target=\"_blank\" rel=\"noreferrer noopener nofollow\">Isaac Senen<\/a><\/strong> kanssa. Vuoden 2024 syksyn aikana ja kauden p\u00e4\u00e4tytty\u00e4 julkisuudessa ja sosiaalisessa mediassa spekuloitiin jatkuvasti <a href=\"https:\/\/www.newsner.fi\/viihde\/isaac-sene-ja-kastanja-rauhala-vihjailevassa-sankykuvassa\/\" target=\"_blank\" rel=\"noreferrer noopener nofollow\">tanssiparin suhteeseen <\/a>liittyen.<\/p>\n<p>Kastanja Rauhala kommentoi romanssihuhuja<\/p>\n<p>Kaksikon esitykset ja kommentit ohjelman aikana vain <a href=\"https:\/\/www.newsner.fi\/viihde\/isaac-senen-salaperainen-kommentti-ttk-lahetyksessa-sai-romanssihuhut-roihahtamaan\/\" target=\"_blank\" rel=\"noreferrer noopener nofollow\">ruokkivat huhuj<\/a>a, jotka saivat lopulta valtavasti palstatilaa niin lehdiss\u00e4 kuin keskustelupalstoillakin. Mit\u00e4\u00e4n virallista suhdetta kumpikaan ei kuitenkaan koskaan my\u00f6nt\u00e4nyt ja lopulta asia hiljeni.<\/p>\n<p>Nyt Kastanja kommentoi asiaa j\u00e4lleen <a href=\"https:\/\/www.seiska.fi\/kotimaa\/kastanja-rauhala-kommentoi-villeja-suhdehuhuja\/2002595?_gl=1*c1kdfh*_up*MQ..*_ga*NDExMzk2MDc5LjE3NjQxNDM0NjE.*_ga_Z8GXSRQ5ED*czE3NjQxNDM0NjAkbzEkZzAkdDE3NjQxNDM0NjAkajYwJGwwJGg3MjA3MDAzMzQ.\" target=\"_blank\" rel=\"noreferrer noopener nofollow\">Seiskan haastattelussa<\/a> ja kertoo olleensa h\u00e4mmentynyt siit\u00e4, kuinka paljon h\u00e4nen yksityisel\u00e4m\u00e4ns\u00e4 tuntui suomalaisia kiinnostavan. Tilanne tuntui hurjalta.<\/p>\n<p>\u2013 Mun mielest\u00e4 se on oikeesti v\u00e4h\u00e4n hurjaa. V\u00e4h\u00e4n kyll\u00e4 ep\u00e4ilen, ett\u00e4 kiinnostaako se oikeasti ihmisi\u00e4 niin paljon, h\u00e4n h\u00e4mm\u00e4stelee lehdelle.<\/p>\n<p>Tanssit\u00e4hti joutui suhdehuhujen keskell\u00e4 valtavaan mediapy\u00f6ritykseen, mutta ep\u00e4ilee, ett\u00e4 asia alkoi lopulta kyll\u00e4stytt\u00e4\u00e4 my\u00f6s suomalaisia, kun sit\u00e4 puitiin niin paljon.<\/p>\n<p>\u2013 Lehdet kyll\u00e4 kirjoitti siit\u00e4 koko ajan, mutta mietin, olivatko ihmiset kuitenkin niin, ett\u00e4 \u00e4\u00e4h, miksi t\u00e4st\u00e4 kirjoitetaan koko ajan, Kastanja naurahtaa.<\/p>\n<p>Kastanja Rauhalan uusi aluevaltaus<\/p>\n<p>Vuoden 2025 TTK:n finaalin j\u00e4lkeen Rauhala paljasti j\u00e4nnitt\u00e4v\u00e4n ilouutisen, kun h\u00e4n kertoi uudesta aluevaltauksesta ja unelmansa toteutumisesta. Tanssinopettaja n\u00e4hd\u00e4\u00e4n pian valkokankaalla, sill\u00e4 h\u00e4n on saanut merkitt\u00e4v\u00e4n roolin uudesta elokuvasta.<\/p>\n<p>\u2013 Oon super innoissani t\u00e4st\u00e4 ja ihanaa p\u00e4\u00e4st\u00e4 kokeilemaan jotain uutta, Rauhala ilakoi uutista Instagram-tilill\u00e4\u00e4n.<\/p>\n<p>LUE LIS\u00c4\u00c4:<\/p>\n<p>\u00a0<\/p>\n","protected":false},"excerpt":{"rendered":"Kastanja Rauhala sijoittui TTK:ssa toiseksi yhdess\u00e4 Eric &#8221;Lakko&#8221; Savolaisen kanssa. Kuvat: AOP \/ Tomi Natri Tanssii t\u00e4htien kanssa&hellip;\n","protected":false},"author":2,"featured_media":100374,"comment_status":"","ping_status":"","sticky":false,"template":"","format":"standard","meta":{"footnotes":""},"categories":[130],"tags":[137,33,31,30,32,109],"class_list":{"0":"post-100373","1":"post","2":"type-post","3":"status-publish","4":"format-standard","5":"has-post-thumbnail","7":"category-viihde","8":"tag-entertainment","9":"tag-fi","10":"tag-finland","11":"tag-finnish","12":"tag-suomi","13":"tag-viihde"},"share_on_mastodon":{"url":"https:\/\/pubeurope.com\/@fi\/115615165627011354","error":""},"_links":{"self":[{"href":"https:\/\/www.europesays.com\/fi\/wp-json\/wp\/v2\/posts\/100373","targetHints":{"allow":["GET"]}}],"collection":[{"href":"https:\/\/www.europesays.com\/fi\/wp-json\/wp\/v2\/posts"}],"about":[{"href":"https:\/\/www.europesays.com\/fi\/wp-json\/wp\/v2\/types\/post"}],"author":[{"embeddable":true,"href":"https:\/\/www.europesays.com\/fi\/wp-json\/wp\/v2\/users\/2"}],"replies":[{"embeddable":true,"href":"https:\/\/www.europesays.com\/fi\/wp-json\/wp\/v2\/comments?post=100373"}],"version-history":[{"count":0,"href":"https:\/\/www.europesays.com\/fi\/wp-json\/wp\/v2\/posts\/100373\/revisions"}],"wp:featuredmedia":[{"embeddable":true,"href":"https:\/\/www.europesays.com\/fi\/wp-json\/wp\/v2\/media\/100374"}],"wp:attachment":[{"href":"https:\/\/www.europesays.com\/fi\/wp-json\/wp\/v2\/media?parent=100373"}],"wp:term":[{"taxonomy":"category","embeddable":true,"href":"https:\/\/www.europesays.com\/fi\/wp-json\/wp\/v2\/categories?post=100373"},{"taxonomy":"post_tag","embeddable":true,"href":"https:\/\/www.europesays.com\/fi\/wp-json\/wp\/v2\/tags?post=100373"}],"curies":[{"name":"wp","href":"https:\/\/api.w.org\/{rel}","templated":true}]}}