{"id":100377,"date":"2025-11-26T08:59:09","date_gmt":"2025-11-26T08:59:09","guid":{"rendered":"https:\/\/www.europesays.com\/fi\/100377\/"},"modified":"2025-11-26T08:59:09","modified_gmt":"2025-11-26T08:59:09","slug":"paisutteleeko-venaja-voittojaan-kestaako-ukrainan-puolustus-studiossa-strategian-opettaja-walter-pomell-klo-11","status":"publish","type":"post","link":"https:\/\/www.europesays.com\/fi\/100377\/","title":{"rendered":"Paisutteleeko Ven\u00e4j\u00e4 voittojaan, kest\u00e4\u00e4k\u00f6 Ukrainan puolustus? Studiossa strategian opettaja Walter Pomell klo 11"},"content":{"rendered":"<p>Miksi Putin ei piittaa rauhanpuheista, vaan yritt\u00e4\u00e4 vallata mahdollisimman paljon Ukrainan maaper\u00e4\u00e4?<\/p>\n<p>Ukraina-studio kello 11.Video: Seppo K\u00e4rki<\/p>\n<p class=\"article-body mb-nof-24 px-nof-16\">Jos Donetskin valtaus kest\u00e4isi Ven\u00e4j\u00e4lt\u00e4 kuukausia, jopa vuosia, miksi Ukraina luopuisi siit\u00e4 taisteluitta?<\/p>\n<p class=\"article-body mb-nof-24 px-nof-16\">Siirt\u00e4\u00e4k\u00f6 Ven\u00e4j\u00e4 hy\u00f6kk\u00e4ystens\u00e4 painopisteen Zaporizzjaan ja Harkovaan?<\/p>\n<p class=\"article-body mb-nof-24 px-nof-16\">Kenraali talvi on taas tulossa. Kumman puolelle se asettuu, hy\u00f6kk\u00e4\u00e4j\u00e4n vai puolustajan?<\/p>\n<p class=\"article-body mb-nof-24 px-nof-16\">Julkisuuteen vuodetuissa rauhanehdoissa mainittiin Ukrainan armeijan vahvuudeksi 600\u202f000 miest\u00e4. Mik\u00e4 olisi sen puolustuskyky \u2013 omin ja l\u00e4nnen asein?<\/p>\n<p class=\"article-body mb-nof-24 px-nof-16\">N\u00e4ihin ja moneen muuhun kysymykseen saadaan vastauksia ISTV:n Ukraina-studiossa, jonka asiantuntijavieras on Maanpuolustuskorkeakoulun strategian opettaja <a class=\"article-personlink\" href=\"https:\/\/www.is.fi\/haku\/?query=Walter%20Pomell\" rel=\"nofollow noopener\" target=\"_blank\">Walter Pomell<\/a>.<\/p>\n<p class=\"article-body mb-nof-24 px-nof-16\">Suora l\u00e4hetys alkaa klo 11. Toimittaja on ISTV:n sis\u00e4lt\u00f6p\u00e4\u00e4llikk\u00f6 <a class=\"article-personlink\" href=\"https:\/\/www.is.fi\/haku\/?query=Antti%20Virolainen\" rel=\"nofollow noopener\" target=\"_blank\">Antti Virolainen<\/a>.<\/p>\n<p class=\"article-body mb-nof-24 px-nof-16\">Studiohaastattelua ja siit\u00e4 teht\u00e4v\u00e4\u00e4 liveseurantaa voi katsoa t\u00e4st\u00e4 artikkelista. Tallenne julkaistaan my\u00f6hemmin keskiviikkona Ilta-Sanomien verkkosivuilla.<\/p>\n","protected":false},"excerpt":{"rendered":"Miksi Putin ei piittaa rauhanpuheista, vaan yritt\u00e4\u00e4 vallata mahdollisimman paljon Ukrainan maaper\u00e4\u00e4? Ukraina-studio kello 11.Video: Seppo K\u00e4rki Jos&hellip;\n","protected":false},"author":2,"featured_media":100378,"comment_status":"","ping_status":"","sticky":false,"template":"","format":"standard","meta":{"footnotes":""},"categories":[14],"tags":[22,23,26,27,33,31,30,17,34,24,25,28,29,15,18,21,32,19,20,56,16,59,60,61],"class_list":{"0":"post-100377","1":"post","2":"type-post","3":"status-publish","4":"format-standard","5":"has-post-thumbnail","7":"category-ulkomaat","8":"tag-breaking-news","9":"tag-breakingnews","10":"tag-featured-news","11":"tag-featurednews","12":"tag-fi","13":"tag-finland","14":"tag-finnish","15":"tag-headlines","16":"tag-ilta-sanomat","17":"tag-latest-news","18":"tag-latestnews","19":"tag-main-news","20":"tag-mainnews","21":"tag-news","22":"tag-otsikot","23":"tag-paauutiset","24":"tag-suomi","25":"tag-top-stories","26":"tag-topstories","27":"tag-ulkomaat","28":"tag-uutiset","29":"tag-world","30":"tag-world-news","31":"tag-worldnews"},"share_on_mastodon":{"url":"https:\/\/pubeurope.com\/@fi\/115615181297502020","error":""},"_links":{"self":[{"href":"https:\/\/www.europesays.com\/fi\/wp-json\/wp\/v2\/posts\/100377","targetHints":{"allow":["GET"]}}],"collection":[{"href":"https:\/\/www.europesays.com\/fi\/wp-json\/wp\/v2\/posts"}],"about":[{"href":"https:\/\/www.europesays.com\/fi\/wp-json\/wp\/v2\/types\/post"}],"author":[{"embeddable":true,"href":"https:\/\/www.europesays.com\/fi\/wp-json\/wp\/v2\/users\/2"}],"replies":[{"embeddable":true,"href":"https:\/\/www.europesays.com\/fi\/wp-json\/wp\/v2\/comments?post=100377"}],"version-history":[{"count":0,"href":"https:\/\/www.europesays.com\/fi\/wp-json\/wp\/v2\/posts\/100377\/revisions"}],"wp:featuredmedia":[{"embeddable":true,"href":"https:\/\/www.europesays.com\/fi\/wp-json\/wp\/v2\/media\/100378"}],"wp:attachment":[{"href":"https:\/\/www.europesays.com\/fi\/wp-json\/wp\/v2\/media?parent=100377"}],"wp:term":[{"taxonomy":"category","embeddable":true,"href":"https:\/\/www.europesays.com\/fi\/wp-json\/wp\/v2\/categories?post=100377"},{"taxonomy":"post_tag","embeddable":true,"href":"https:\/\/www.europesays.com\/fi\/wp-json\/wp\/v2\/tags?post=100377"}],"curies":[{"name":"wp","href":"https:\/\/api.w.org\/{rel}","templated":true}]}}