{"id":100387,"date":"2025-11-26T09:20:12","date_gmt":"2025-11-26T09:20:12","guid":{"rendered":"https:\/\/www.europesays.com\/fi\/100387\/"},"modified":"2025-11-26T09:20:12","modified_gmt":"2025-11-26T09:20:12","slug":"fifalta-harski-keplottelu-tallainen-on-cristiano-ronaldon-rangaistus","status":"publish","type":"post","link":"https:\/\/www.europesays.com\/fi\/100387\/","title":{"rendered":"Fifalta h\u00e4rski keplottelu \u2013 T\u00e4llainen on Cristiano Ronaldon rangaistus"},"content":{"rendered":"<p>Ronaldo junailtiin mukaan MM-kisoihin. <\/p>\n<p><img decoding=\"async\" class=\"image image-show image-preview\" src=\"https:\/\/www.europesays.com\/fi\/wp-content\/uploads\/2025\/11\/63e7e589417ca96d40f3d66d28937592639feb5a1b522435cd97e97a8ac185e3.jpg\" alt=\"\"\/><img decoding=\"async\" class=\"image image-show\" src=\"https:\/\/www.europesays.com\/fi\/wp-content\/uploads\/2025\/11\/1764148812_946_63e7e589417ca96d40f3d66d28937592639feb5a1b522435cd97e97a8ac185e3.jpg\" alt=\"\"\/><\/p>\n<p>Cristiano Ronaldo p\u00e4\u00e4si p\u00e4lk\u00e4h\u00e4st\u00e4. EPA\/AOP<\/p>\n<p class=\"paragraph\">MM-karsintojen lopussa ulosajon itselleen hommannut <strong>Cristiano Ronaldo<\/strong>, 40, on saanut kansainv\u00e4liselt\u00e4 jalkapalloliitto Fifalta rangaistuksen, joka k\u00e4yt\u00e4nn\u00f6ss\u00e4 varmistaa sen, ett\u00e4 Portugalin supert\u00e4hti n\u00e4hd\u00e4\u00e4n alusta alkaen ensi kes\u00e4n MM-kilpailuissa.<\/p>\n<p class=\"paragraph\">Ronaldo katseli punaista Irlantia vastaan pelatussa EM-karsintaottelussa, kun h\u00e4n oli ly\u00f6nyt <strong>Dara O\u2019Sheaa<\/strong> kyyn\u00e4rp\u00e4\u00e4ll\u00e4 selk\u00e4\u00e4n. Kyseess\u00e4 oli tiett\u00e4v\u00e4sti hy\u00f6kk\u00e4\u00e4j\u00e4legendan ensimm\u00e4inen ulosajo 20 vuotta kest\u00e4neell\u00e4 maajoukkueuralla.<\/p>\n<p class=\"paragraph\">Fifan kurinpitoelin m\u00e4\u00e4r\u00e4si Ronaldolle kolmen ottelun pelikiellon, mutta varsinaista pelikiellossa lusimista tuli vain yhden ottelun verran. Sen pelaaja p\u00e4\u00e4si kuittaamaan jo karsintojen p\u00e4\u00e4tt\u00e4neess\u00e4 ottelussa, jossa Portugali varmisti paikkansa MM-kisoissa.<\/p>\n<p class=\"paragraph\">Loput kaksi ottelua pelaaja saa kuitata vuoden kest\u00e4v\u00e4ll\u00e4 \u201dehdonalaisella\u201d.<\/p>\n<p class=\"paragraph\">Poikkeuksellinen panna mahdollistaa sen, ett\u00e4 Ronaldo p\u00e4\u00e4see mukaan Portugalin ensimm\u00e4iseen lohko-otteluun ensi kes\u00e4n kisoissa.<\/p>\n<p class=\"paragraph\">T\u00e4ydet kolme ottelua Ronaldo joutuu k\u00e4rsim\u00e4\u00e4n vain siin\u00e4 tapauksessa, mik\u00e4li h\u00e4n syyllistyy vuoden aikana samanlaiseen tekoon.<\/p>\n<p>Kritiikki\u00e4<\/p>\n<p class=\"paragraph\">Pitk\u00e4n linjan jalkapallotoimittaja <strong>Henry Winter<\/strong> n\u00e4kee p\u00e4\u00e4t\u00f6ksen taustalla markkinoinnilliset syyt.<\/p>\n<p class=\"paragraph\">Nyt liitto saa mahdollisuuden pumpata kaiken irti Ronaldon ja <strong>Lionel Messin<\/strong> \u201dviimeisest\u00e4 tanssista\u201d.<\/p>\n<p class=\"paragraph\">Winterin mielest\u00e4 Fifan kurinpitoprosessi ja tuomarien auktoriteetti j\u00e4iv\u00e4t jalkoihin, kun portugalilaiselle j\u00e4rjestettiin erikoiskohtelua, jota tuskin kukaan muu olisi saanut.<\/p>\n<p class=\"paragraph\">\u2013 Hyv\u00e4 p\u00e4iv\u00e4 markkinoinnille, huono p\u00e4iv\u00e4 kurinpidolle, brittitoimittaja <a href=\"https:\/\/x.com\/henrywinter\/status\/1993382313145569526?s=46&amp;t=c57ibYTZv0YqfSjKTqtnYQ\" target=\"_blank\" rel=\"noopener nofollow\">summaa<\/a> X-tilill\u00e4\u00e4n.<\/p>\n","protected":false},"excerpt":{"rendered":"Ronaldo junailtiin mukaan MM-kisoihin. Cristiano Ronaldo p\u00e4\u00e4si p\u00e4lk\u00e4h\u00e4st\u00e4. EPA\/AOP MM-karsintojen lopussa ulosajon itselleen hommannut Cristiano Ronaldo, 40, on&hellip;\n","protected":false},"author":2,"featured_media":100388,"comment_status":"","ping_status":"","sticky":false,"template":"","format":"standard","meta":{"footnotes":""},"categories":[158],"tags":[35,33,31,30,43,42,1745,41,1623,159,32,160],"class_list":{"0":"post-100387","1":"post","2":"type-post","3":"status-publish","4":"format-standard","5":"has-post-thumbnail","7":"category-urheilu","8":"tag-24h","9":"tag-fi","10":"tag-finland","11":"tag-finnish","12":"tag-jalkapallo","13":"tag-jalkapalloon-perustuvat-lajit","14":"tag-jalkapallopelaajat","15":"tag-liikunta-ja-urheilu","16":"tag-miesten-jalkapallo","17":"tag-sports","18":"tag-suomi","19":"tag-urheilu"},"share_on_mastodon":{"url":"https:\/\/pubeurope.com\/@fi\/115615264106000454","error":""},"_links":{"self":[{"href":"https:\/\/www.europesays.com\/fi\/wp-json\/wp\/v2\/posts\/100387","targetHints":{"allow":["GET"]}}],"collection":[{"href":"https:\/\/www.europesays.com\/fi\/wp-json\/wp\/v2\/posts"}],"about":[{"href":"https:\/\/www.europesays.com\/fi\/wp-json\/wp\/v2\/types\/post"}],"author":[{"embeddable":true,"href":"https:\/\/www.europesays.com\/fi\/wp-json\/wp\/v2\/users\/2"}],"replies":[{"embeddable":true,"href":"https:\/\/www.europesays.com\/fi\/wp-json\/wp\/v2\/comments?post=100387"}],"version-history":[{"count":0,"href":"https:\/\/www.europesays.com\/fi\/wp-json\/wp\/v2\/posts\/100387\/revisions"}],"wp:featuredmedia":[{"embeddable":true,"href":"https:\/\/www.europesays.com\/fi\/wp-json\/wp\/v2\/media\/100388"}],"wp:attachment":[{"href":"https:\/\/www.europesays.com\/fi\/wp-json\/wp\/v2\/media?parent=100387"}],"wp:term":[{"taxonomy":"category","embeddable":true,"href":"https:\/\/www.europesays.com\/fi\/wp-json\/wp\/v2\/categories?post=100387"},{"taxonomy":"post_tag","embeddable":true,"href":"https:\/\/www.europesays.com\/fi\/wp-json\/wp\/v2\/tags?post=100387"}],"curies":[{"name":"wp","href":"https:\/\/api.w.org\/{rel}","templated":true}]}}