{"id":100393,"date":"2025-11-26T09:25:23","date_gmt":"2025-11-26T09:25:23","guid":{"rendered":"https:\/\/www.europesays.com\/fi\/100393\/"},"modified":"2025-11-26T09:25:23","modified_gmt":"2025-11-26T09:25:23","slug":"sebastian-tynkkynen-tapaa-paavin-aivan-uskomatonta","status":"publish","type":"post","link":"https:\/\/www.europesays.com\/fi\/100393\/","title":{"rendered":"Sebastian Tynkkynen tapaa paavin \u2013 \u201dAivan uskomatonta\u201d"},"content":{"rendered":"<p>ECR-meppi Tynkkynen iloitsee sosiaalisessa mediassa tapaamisesta. <\/p>\n<p><img decoding=\"async\" class=\"image image-show image-preview\" src=\"https:\/\/www.europesays.com\/fi\/wp-content\/uploads\/2025\/11\/7898382c145df14b752f6df24edf240b215d8cbb0d2002e39814bfa2b43a3e7b.jpg\" alt=\"\"\/><img decoding=\"async\" class=\"image image-show\" src=\"https:\/\/www.europesays.com\/fi\/wp-content\/uploads\/2025\/11\/1764149123_808_7898382c145df14b752f6df24edf240b215d8cbb0d2002e39814bfa2b43a3e7b.jpg\" alt=\"\"\/><\/p>\n<p>Tynkkysen seuraava ty\u00f6reissu suuntautuu Roomaan.  Inka Soveri<\/p>\n<p class=\"paragraph\">Euroopan konservatiivit ja reformistit -ryhm\u00e4n ja perussuomalaisten (ECR) europarlamentaarikko <strong>Sebastian Tynkkynen<\/strong> kertoo <a href=\"https:\/\/x.com\/SebastianTyne\/status\/1993324896454070655\" rel=\"noopener nofollow\">viestipalvelu X:ss\u00e4<\/a> saaneensa yksityisen tapaamisen paavin kanssa.<\/p>\n<p class=\"paragraph\">\u2013 Sain juuri tiedon, ett\u00e4 paavi on vahvistanut yksityisen tapaamisen Vatikaanissa. Seuraava ty\u00f6reissu suuntautuu siis Roomaan. Aivan uskomatonta, mutta kaikki vaikuttamisen paikat k\u00e4ytet\u00e4\u00e4n, Tynkkynen kirjoittaa.<\/p>\n<p class=\"paragraph\">\u2013 1,3 miljardin katolisen ihmisen johtajana paavi on massiivinen vallank\u00e4ytt\u00e4j\u00e4. Syv\u00e4 kiitollisuus, ett\u00e4 saan tehd\u00e4 t\u00e4t\u00e4 ty\u00f6t\u00e4, h\u00e4n jatkaa.<\/p>\n<p class=\"paragraph\">T\u00e4ll\u00e4 hetkell\u00e4 paavina toimii kev\u00e4\u00e4ll\u00e4 valittu yhdysvaltalainen Leo XIV, oikealta nimelt\u00e4\u00e4n <strong>Robert Francis Prevost<\/strong>.<\/p>\n<p class=\"paragraph\">Tynkkynen nousi Euroopan parlamenttiin perussuomalaisten edustajana vuoden 2024 eurovaaleissa. H\u00e4n on suomalaisten ainoa edustaja ECR-ryhm\u00e4ss\u00e4, johon kuuluu muun muassa perussuomalaisten ruotsalainen verrokkipuolue Ruotsidemokraatit.<\/p>\n<p class=\"paragraph\">Suurinta valtaa ryhm\u00e4ss\u00e4 k\u00e4ytt\u00e4v\u00e4t Italian p\u00e4\u00e4ministerin <strong>Giorgia Melonin<\/strong> puolue Italian veljet sek\u00e4 Puolan entinen p\u00e4\u00e4ministeripuolue Laki ja oikeus.<\/p>\n","protected":false},"excerpt":{"rendered":"ECR-meppi Tynkkynen iloitsee sosiaalisessa mediassa tapaamisesta. Tynkkysen seuraava ty\u00f6reissu suuntautuu Roomaan. Inka Soveri Euroopan konservatiivit ja reformistit -ryhm\u00e4n&hellip;\n","protected":false},"author":2,"featured_media":100394,"comment_status":"","ping_status":"","sticky":false,"template":"","format":"standard","meta":{"footnotes":""},"categories":[14],"tags":[35,22,23,26,27,33,31,30,17,5237,24,25,28,29,15,48,18,21,637,19307,886,32,19,20,56,16,59,60,61],"class_list":{"0":"post-100393","1":"post","2":"type-post","3":"status-publish","4":"format-standard","5":"has-post-thumbnail","7":"category-ulkomaat","8":"tag-24h","9":"tag-breaking-news","10":"tag-breakingnews","11":"tag-featured-news","12":"tag-featurednews","13":"tag-fi","14":"tag-finland","15":"tag-finnish","16":"tag-headlines","17":"tag-konservatiivipuolueet","18":"tag-latest-news","19":"tag-latestnews","20":"tag-main-news","21":"tag-mainnews","22":"tag-news","23":"tag-oikeistopuolueet","24":"tag-otsikot","25":"tag-paauutiset","26":"tag-politiikka","27":"tag-populismi-politiikka","28":"tag-puolueet","29":"tag-suomi","30":"tag-top-stories","31":"tag-topstories","32":"tag-ulkomaat","33":"tag-uutiset","34":"tag-world","35":"tag-world-news","36":"tag-worldnews"},"share_on_mastodon":{"url":"https:\/\/pubeurope.com\/@fi\/115615283749268516","error":""},"_links":{"self":[{"href":"https:\/\/www.europesays.com\/fi\/wp-json\/wp\/v2\/posts\/100393","targetHints":{"allow":["GET"]}}],"collection":[{"href":"https:\/\/www.europesays.com\/fi\/wp-json\/wp\/v2\/posts"}],"about":[{"href":"https:\/\/www.europesays.com\/fi\/wp-json\/wp\/v2\/types\/post"}],"author":[{"embeddable":true,"href":"https:\/\/www.europesays.com\/fi\/wp-json\/wp\/v2\/users\/2"}],"replies":[{"embeddable":true,"href":"https:\/\/www.europesays.com\/fi\/wp-json\/wp\/v2\/comments?post=100393"}],"version-history":[{"count":0,"href":"https:\/\/www.europesays.com\/fi\/wp-json\/wp\/v2\/posts\/100393\/revisions"}],"wp:featuredmedia":[{"embeddable":true,"href":"https:\/\/www.europesays.com\/fi\/wp-json\/wp\/v2\/media\/100394"}],"wp:attachment":[{"href":"https:\/\/www.europesays.com\/fi\/wp-json\/wp\/v2\/media?parent=100393"}],"wp:term":[{"taxonomy":"category","embeddable":true,"href":"https:\/\/www.europesays.com\/fi\/wp-json\/wp\/v2\/categories?post=100393"},{"taxonomy":"post_tag","embeddable":true,"href":"https:\/\/www.europesays.com\/fi\/wp-json\/wp\/v2\/tags?post=100393"}],"curies":[{"name":"wp","href":"https:\/\/api.w.org\/{rel}","templated":true}]}}