{"id":100395,"date":"2025-11-26T09:26:10","date_gmt":"2025-11-26T09:26:10","guid":{"rendered":"https:\/\/www.europesays.com\/fi\/100395\/"},"modified":"2025-11-26T09:26:10","modified_gmt":"2025-11-26T09:26:10","slug":"tulli-paljasti-miljoonien-salakuljetusoperaation-vuosaaressa","status":"publish","type":"post","link":"https:\/\/www.europesays.com\/fi\/100395\/","title":{"rendered":"Tulli paljasti miljoonien salakuljetusoperaation Vuosaaressa"},"content":{"rendered":"<p>Huumeiden ja etenkin kokaiinin takavarikkom\u00e4\u00e4r\u00e4t ovat kasvaneet Tullissa kuluvana vuonna.<\/p>\n<p>Video n\u00e4ytt\u00e4\u00e4 otteita Tullin syyskuisesta operaatiosta Vuosaaren satamassa.<\/p>\n<p class=\"article-body mb-nof-24 px-nof-16\">Tulli tiedottaa paljastaneensa t\u00f6rke\u00e4n huumausainerikoksen, jossa Suomeen salakuljetettiin merikontissa noin 45 kiloa kokaiinia Ecuadorista. Katukaupassa er\u00e4n arvoksi arvioidaan noin 4,5 miljoonaa euroa.<\/p>\n<p class=\"article-body mb-nof-24 px-nof-16\">Rikos paljastui syyskuussa Helsingin Vuosaaren satamassa toteutetussa operaatiossa.<\/p>\n<p class=\"article-body mb-nof-24 px-nof-16\">Tullin oman tiedonhankinnan perusteella tutkinnan kohteeksi nousi kaksi ulkomaan kansalaista. He saapuivat Suomeen noin viisi p\u00e4iv\u00e4\u00e4 ennen kuin tunkeutuivat Vuosaaren satama-alueelle. N\u00e4iden p\u00e4ivien aikana ep\u00e4illyt tutkivat satama-aluetta ja hankkivat v\u00e4lineist\u00f6\u00e4 huumeiden noutamista varten.<\/p>\n<p class=\"article-body mb-nof-24 px-nof-16\">\u2013 Syyskuisena y\u00f6n\u00e4 havaittiin, ett\u00e4 ep\u00e4illyt ovat rantautumassa Vuosaaren satamaan veneell\u00e4, jonka he olivat l\u00f6yt\u00e4neet l\u00e4hist\u00f6lt\u00e4. Satamasta ep\u00e4illyt l\u00f6ysiv\u00e4t etsim\u00e4ns\u00e4 merikontin ja kokaiinin, joka oli piilotettu kontin kylm\u00e4laitetilaan. Henkil\u00f6t otettiin kiinni sataman ulkopuolella, kun he olivat poistumassa satama-alueelta, kertoo tutkinnanjohtaja <a class=\"article-personlink\" href=\"https:\/\/www.is.fi\/haku\/?query=Mikko%20Martikainen\" rel=\"nofollow noopener\" target=\"_blank\">Mikko Martikainen<\/a> tiedotteessa.<\/p>\n<p><img decoding=\"async\" src=\"https:\/\/www.europesays.com\/fi\/wp-content\/uploads\/2025\/11\/1764149170_823_468.jpg\" alt=\"Merikontti, jonka kylm\u00e4laitetilaan kokaiini oli k\u00e4tketty.\" class=\"_Img_1rerz_1\" style=\"aspect-ratio:0.7505208333333333\" loading=\"eager\"\/><\/p>\n<p class=\"article-picture-caption\">Merikontti, jonka kylm\u00e4laitetilaan kokaiini oli k\u00e4tketty. Kuva:\u00a0Tulli<\/p>\n<p class=\"article-body mb-nof-24 px-nof-16\">Rikoksen tekeminen ja kaikki ep\u00e4iltyjen sit\u00e4 varten tekem\u00e4t valmistelut ja hankinnat pystyttiin dokumentoimaan reaaliajassa. Operaatioon osallistui Tullin lis\u00e4ksi henkil\u00f6st\u00f6\u00e4 muun muassa Helsingin, It\u00e4-Uudenmaan ja L\u00e4nsi-Uudenmaan poliisilaitoksilta sek\u00e4 Keskusrikospoliisista.<\/p>\n<p class=\"article-body mb-nof-24 px-nof-16\">\u2013 Tullin ja poliisin yhteisty\u00f6 sujui erinomaisesti ja oli lopputuloksen kannalta keskeinen tekij\u00e4, Martikainen sanoo.<\/p>\n<p class=\"article-body mb-nof-24 px-nof-16\">Suomeen salakuljetettu kokaiini saatiin kokonaisuudessaan takavarikkoon eik\u00e4 sit\u00e4 p\u00e4\u00e4tynyt levitykseen. Molemmat ep\u00e4illyt on vangittu ja heit\u00e4 ep\u00e4ill\u00e4\u00e4n t\u00f6rke\u00e4st\u00e4 huumausainerikoksesta. Esitutkinta on valmis ja asia on siirtynyt syyteharkintaan Etel\u00e4-Suomen syytt\u00e4j\u00e4alueelle.<\/p>\n<p><img decoding=\"async\" src=\"https:\/\/www.europesays.com\/fi\/wp-content\/uploads\/2025\/11\/1764149170_877_468.jpg\" alt=\"Tullin takavarikoimaa kokaiinia urheilukassissa.\" class=\"_Img_1rerz_1\" style=\"aspect-ratio:1.332408049965302\" loading=\"eager\"\/><\/p>\n<p class=\"article-picture-caption\">Tullin takavarikoimaa kokaiinia urheilukassissa. Kuva:\u00a0Tulli<\/p>\n<p class=\"article-body mb-nof-24 px-nof-16\">Huumeiden ja etenkin kokaiinin takavarikkom\u00e4\u00e4r\u00e4t ovat kasvaneet Tullissa kuluvana vuonna. T\u00e4n\u00e4 vuonna Tulli on takavarikoinut 1\u202f946 kiloa huumausaineita, joista noin 78 kiloa on kokaiinia.<\/p>\n<p class=\"article-body mb-nof-24 px-nof-16\">Kokaiinia salakuljetetaan Suomeen useilla eri tavoilla, esimerkiksi matkustajaliikenteen mukana ja pikarahtil\u00e4hetyksiss\u00e4.<\/p>\n<p class=\"article-body mb-nof-24 px-nof-16\">T\u00e4ss\u00e4 tapauksessa kyseess\u00e4 on ollut niin sanottu rip-off-salakuljetus, joka on yleistynyt muualla Euroopassa. Rip-off-tapauksissa rikolliset pyrkiv\u00e4t tunkeutumaan kuljetusv\u00e4lineeseen, johon huumausaine on piilotettu ja ottamaan aineen haltuunsa ennen kuin lasti p\u00e4\u00e4tyy varsinaiseen m\u00e4\u00e4\u00e4np\u00e4\u00e4h\u00e4ns\u00e4 tai viimeist\u00e4\u00e4n varastolla, miss\u00e4 laillinen kuorma puretaan.<\/p>\n","protected":false},"excerpt":{"rendered":"Huumeiden ja etenkin kokaiinin takavarikkom\u00e4\u00e4r\u00e4t ovat kasvaneet Tullissa kuluvana vuonna. Video n\u00e4ytt\u00e4\u00e4 otteita Tullin syyskuisesta operaatiosta Vuosaaren satamassa.&hellip;\n","protected":false},"author":2,"featured_media":100396,"comment_status":"","ping_status":"","sticky":false,"template":"","format":"standard","meta":{"footnotes":""},"categories":[12],"tags":[22,23,26,27,33,31,30,17,34,24,25,28,29,15,18,21,32,19,20,16],"class_list":{"0":"post-100395","1":"post","2":"type-post","3":"status-publish","4":"format-standard","5":"has-post-thumbnail","7":"category-suomi","8":"tag-breaking-news","9":"tag-breakingnews","10":"tag-featured-news","11":"tag-featurednews","12":"tag-fi","13":"tag-finland","14":"tag-finnish","15":"tag-headlines","16":"tag-ilta-sanomat","17":"tag-latest-news","18":"tag-latestnews","19":"tag-main-news","20":"tag-mainnews","21":"tag-news","22":"tag-otsikot","23":"tag-paauutiset","24":"tag-suomi","25":"tag-top-stories","26":"tag-topstories","27":"tag-uutiset"},"share_on_mastodon":{"url":"https:\/\/pubeurope.com\/@fi\/115615287690877924","error":""},"_links":{"self":[{"href":"https:\/\/www.europesays.com\/fi\/wp-json\/wp\/v2\/posts\/100395","targetHints":{"allow":["GET"]}}],"collection":[{"href":"https:\/\/www.europesays.com\/fi\/wp-json\/wp\/v2\/posts"}],"about":[{"href":"https:\/\/www.europesays.com\/fi\/wp-json\/wp\/v2\/types\/post"}],"author":[{"embeddable":true,"href":"https:\/\/www.europesays.com\/fi\/wp-json\/wp\/v2\/users\/2"}],"replies":[{"embeddable":true,"href":"https:\/\/www.europesays.com\/fi\/wp-json\/wp\/v2\/comments?post=100395"}],"version-history":[{"count":0,"href":"https:\/\/www.europesays.com\/fi\/wp-json\/wp\/v2\/posts\/100395\/revisions"}],"wp:featuredmedia":[{"embeddable":true,"href":"https:\/\/www.europesays.com\/fi\/wp-json\/wp\/v2\/media\/100396"}],"wp:attachment":[{"href":"https:\/\/www.europesays.com\/fi\/wp-json\/wp\/v2\/media?parent=100395"}],"wp:term":[{"taxonomy":"category","embeddable":true,"href":"https:\/\/www.europesays.com\/fi\/wp-json\/wp\/v2\/categories?post=100395"},{"taxonomy":"post_tag","embeddable":true,"href":"https:\/\/www.europesays.com\/fi\/wp-json\/wp\/v2\/tags?post=100395"}],"curies":[{"name":"wp","href":"https:\/\/api.w.org\/{rel}","templated":true}]}}