{"id":100403,"date":"2025-11-26T09:42:06","date_gmt":"2025-11-26T09:42:06","guid":{"rendered":"https:\/\/www.europesays.com\/fi\/100403\/"},"modified":"2025-11-26T09:42:06","modified_gmt":"2025-11-26T09:42:06","slug":"henna-niemisen-voimakas-aani-oli-koulun-musiikkitunnilla-taakka-osallistuminen-voiceen-muutti-kaiken-paikalliset","status":"publish","type":"post","link":"https:\/\/www.europesays.com\/fi\/100403\/","title":{"rendered":"Henna Niemisen voimakas \u00e4\u00e4ni oli koulun musiikkitunnilla taakka \u2013 Osallistuminen Voiceen muutti kaiken | Paikalliset"},"content":{"rendered":"<p>Lapinj\u00e4rvel\u00e4inen Henna Nieminen ei napannut voittoa laulukilpailista, mutta se sys\u00e4si liikkeelle tapahtumaketjun, joka sai h\u00e4nen artistiuransa kiitoon.<\/p>\n<p>Lapinj\u00e4rvel\u00e4inen ammattimuusikko ja lauluntekij\u00e4 <strong>Henna Nieminen <\/strong>osallistui alkuvuodesta laulukilpailu The Voice of Finlandiin. Vaikka voittoa ei tullut, ovat tv-ohjelmaan osallistumisen seuraukset olleet h\u00e4nen el\u00e4m\u00e4\u00e4ns\u00e4 mullistavia.<\/p>\n","protected":false},"excerpt":{"rendered":"Lapinj\u00e4rvel\u00e4inen Henna Nieminen ei napannut voittoa laulukilpailista, mutta se sys\u00e4si liikkeelle tapahtumaketjun, joka sai h\u00e4nen artistiuransa kiitoon. Lapinj\u00e4rvel\u00e4inen&hellip;\n","protected":false},"author":2,"featured_media":100404,"comment_status":"","ping_status":"","sticky":false,"template":"","format":"standard","meta":{"footnotes":"","_share_on_mastodon":"0"},"categories":[133],"tags":[138,137,33,31,30,11323,667,523,47,141,402,32,206,156,109],"class_list":["post-100403","post","type-post","status-publish","format-standard","has-post-thumbnail","category-televisiot","tag-audio","tag-entertainment","tag-fi","tag-finland","tag-finnish","tag-lapinjarvi","tag-lappi","tag-loviisan-seutukunta","tag-musiikki","tag-muusikot-bandit","tag-rakentaminen-kiinteistot","tag-suomi","tag-televisiot","tag-tv","tag-viihde"],"share_on_mastodon":{"url":"https:\/\/pubeurope.com\/@fi\/115615350314040283","error":""},"_links":{"self":[{"href":"https:\/\/www.europesays.com\/fi\/wp-json\/wp\/v2\/posts\/100403","targetHints":{"allow":["GET"]}}],"collection":[{"href":"https:\/\/www.europesays.com\/fi\/wp-json\/wp\/v2\/posts"}],"about":[{"href":"https:\/\/www.europesays.com\/fi\/wp-json\/wp\/v2\/types\/post"}],"author":[{"embeddable":true,"href":"https:\/\/www.europesays.com\/fi\/wp-json\/wp\/v2\/users\/2"}],"replies":[{"embeddable":true,"href":"https:\/\/www.europesays.com\/fi\/wp-json\/wp\/v2\/comments?post=100403"}],"version-history":[{"count":0,"href":"https:\/\/www.europesays.com\/fi\/wp-json\/wp\/v2\/posts\/100403\/revisions"}],"wp:featuredmedia":[{"embeddable":true,"href":"https:\/\/www.europesays.com\/fi\/wp-json\/wp\/v2\/media\/100404"}],"wp:attachment":[{"href":"https:\/\/www.europesays.com\/fi\/wp-json\/wp\/v2\/media?parent=100403"}],"wp:term":[{"taxonomy":"category","embeddable":true,"href":"https:\/\/www.europesays.com\/fi\/wp-json\/wp\/v2\/categories?post=100403"},{"taxonomy":"post_tag","embeddable":true,"href":"https:\/\/www.europesays.com\/fi\/wp-json\/wp\/v2\/tags?post=100403"}],"curies":[{"name":"wp","href":"https:\/\/api.w.org\/{rel}","templated":true}]}}