{"id":100427,"date":"2025-11-26T10:10:17","date_gmt":"2025-11-26T10:10:17","guid":{"rendered":"https:\/\/www.europesays.com\/fi\/100427\/"},"modified":"2025-11-26T10:10:17","modified_gmt":"2025-11-26T10:10:17","slug":"katsoimme-wickedin-jatko-osan-kahden-superfanin-kanssa-en-tieda-koska-toivun-tasta-kulttuuri","status":"publish","type":"post","link":"https:\/\/www.europesays.com\/fi\/100427\/","title":{"rendered":"Katsoimme Wickedin jatko-osan kahden superfanin kanssa \u2013 \u201dEn tied\u00e4, koska toivun t\u00e4st\u00e4\u201d | Kulttuuri"},"content":{"rendered":"<p class=\"aw-1gybjub aw-5vja16 kEtdKx kmuxyA yle__article__paragraph\">Suositun musikaalin jatko-osa Wicked: For Good sai ensi-iltansa perjantaina. Erilaisuutta juhlistava elokuva tarjoaa monille sateenkaari-ihmisille turvaa.<\/p>\n<p>Joonas Koivulan suhde Wicked-elokuvaan on intensiivinen.<\/p>\n<p class=\"aw-1gybjub aw-1p7kakr kEtdKx cEmitX yle__article__paragraph\">T\u00e4h\u00e4n se p\u00e4\u00e4ttyy. Supersuositun Wicked-musikaalielokuvan toinen puolisko Wicked: For Good sai ensi-iltansa t\u00e4n\u00e4 viikonloppuna.<\/p>\n<p class=\"aw-1gybjub aw-1p7kakr kEtdKx cEmitX yle__article__paragraph\">Wicked on esi- tai lis\u00e4osa Ihmemaa Oz -kirjalle ja siit\u00e4 tehdylle elokuvalle. <strong class=\"aw-ak79eh KyCXm yle__article__strong\">Gregory Maguiren<\/strong> kirjaan perustuva musikaali sijoittuu p\u00e4\u00e4osin aikaan ennen Dorothyn saapumista Kansasista Ozin ihmemaahan ja keskittyy tarinan kahteen noitahahmoon.<\/p>\n<p class=\"aw-1gybjub aw-1p7kakr kEtdKx cEmitX yle__article__paragraph\">Musikaali selitt\u00e4\u00e4, ettei L\u00e4nnen paha noita, Elphaba, olekaan paha, vaan v\u00e4\u00e4rinymm\u00e4rretty.<\/p>\n<p class=\"aw-1gybjub aw-1p7kakr kEtdKx cEmitX yle__article__paragraph\">Wicked: For Goodista <a class=\"aw-iao6s4 iHOxEa yle__article__link\" href=\"https:\/\/deadline.com\/2025\/11\/wicked-for-good-box-office-global-projection-1236621735\/\" role=\"link\" rel=\"nofollow noopener\" target=\"_blank\">ennustetaan j\u00e4ttim\u00e4ist\u00e4 hitti\u00e4<\/a>. Veimme kaksi fania katsomaan sen ennakkoon.<\/p>\n<p>\u201dEn nukkunut koko y\u00f6n\u00e4\u201d<\/p>\n<p class=\"aw-1gybjub aw-1p7kakr kEtdKx cEmitX yle__article__paragraph\"><strong class=\"aw-ak79eh KyCXm yle__article__strong\">Joonas Koivulan<\/strong> t\u00e4ytyy p\u00e4\u00e4st\u00e4 n\u00e4yt\u00f6ksen j\u00e4lkeen hermosauhuille ennen haastattelua. Silm\u00e4t punoittavat. Ensimm\u00e4iset sanat: \u201dIhan uskomaton.\u201d<\/p>\n<p class=\"aw-1gybjub aw-1p7kakr kEtdKx cEmitX yle__article__paragraph\"><strong class=\"aw-ak79eh KyCXm yle__article__strong\">Riikka Kiviaho<\/strong> komppaa. Odotukset olivat todella korkealla, ja ne ylittyiv\u00e4t.<\/p>\n<p class=\"aw-1gybjub aw-1p7kakr kEtdKx cEmitX yle__article__paragraph\"><strong class=\"aw-ak79eh KyCXm yle__article__strong\">N\u00e4in Wicked-fanit kuvailevat ensireaktioitaan:<\/strong><\/p>\n<p class=\"aw-1gybjub aw-1p7kakr kEtdKx cEmitX yle__article__paragraph\">Vuoden takaisessa ensimm\u00e4isess\u00e4 Wickediss\u00e4 Elphaba (<strong class=\"aw-ak79eh KyCXm yle__article__strong\">Cynthia Erivo<\/strong>) ja Glinda (<strong class=\"aw-ak79eh KyCXm yle__article__strong\">Ariana Grande<\/strong>) yst\u00e4vystyv\u00e4t noitayliopistossa. Elphaba lavastetaan pahaksi, vaikka oikeasti pahiksia ovat koulun dekaani Madame Morrible (<strong class=\"aw-ak79eh KyCXm yle__article__strong\">Michelle Yeoh<\/strong>) ja Ozin velho (<strong class=\"aw-ak79eh KyCXm yle__article__strong\">Jeff Goldblum<\/strong>).<\/p>\n<p class=\"aw-1gybjub aw-1p7kakr kEtdKx cEmitX yle__article__paragraph\">Elphaba ja Glinda l\u00e4htev\u00e4t omille teilleen, mutta yst\u00e4vyys ei katkea.<\/p>\n<p class=\"aw-1gybjub aw-1p7kakr kEtdKx cEmitX yle__article__paragraph\">Jatko-osassa taistellaan v\u00e4hemmist\u00f6jen puolesta, Morriblea ja Ozin velhoa vastaan. Terroristiksi lavastettu Elphaba yritt\u00e4\u00e4 palauttaa tasa-arvon Oziin, Glinda arpoo liittolaisuuden ja edustusvaimon roolin v\u00e4lill\u00e4. Loppu nivoutuu Ihmemaa Ozin tapahtumiin.<\/p>\n<p><img decoding=\"async\" alt=\"Till v\u00e4nster ser vi Glinda, den goda h\u00e4xan, i en vacker kl\u00e4nning och krona. Till h\u00f6ger st\u00e5r den onda h\u00e4xan fr\u00e5n V\u00e4st med sin karakt\u00e4ristiska svarta hatt och kl\u00e4dsel.\" src=\"https:\/\/www.europesays.com\/fi\/wp-content\/uploads\/2025\/11\/39-1556459691de6581d5ee.jpeg\" loading=\"lazy\" class=\"aw-1l9m598 hKVVvP\"\/><\/p>\n<p>Avaa kuvien katselu<\/p>\n<p>Glinda (Ariana Grande, vas.) ja Elphaba (Cynthia Erivo) p\u00e4\u00e4tyv\u00e4t Wicked: For Goodissa tukkanuottasille. Kuva: Universal Studios<\/p>\n<p class=\"aw-1gybjub aw-1p7kakr kEtdKx cEmitX yle__article__paragraph\">Kriitikoiden vastaanotto on ollut ykk\u00f6sosaa jakautuneempi. BBC:n <strong class=\"aw-ak79eh KyCXm yle__article__strong\">Caryn James<\/strong> kehui sit\u00e4 <a class=\"aw-iao6s4 iHOxEa yle__article__link\" href=\"https:\/\/www.bbc.com\/culture\/article\/20251118-wicked-for-good-review\" role=\"link\" rel=\"nofollow noopener\" target=\"_blank\">ykk\u00f6sosaa paremmaksi<\/a>, New Yorkerin <strong class=\"aw-ak79eh KyCXm yle__article__strong\">Justin Chang<\/strong> taas kuvaili Wicked: For Goodia sanoilla <a class=\"aw-iao6s4 iHOxEa yle__article__link\" href=\"https:\/\/www.newyorker.com\/culture\/the-current-cinema\/wicked-for-good-is-very-very-bad\" role=\"link\" rel=\"nofollow noopener\" target=\"_blank\">\u201dvery, very bad\u201d<\/a>. Siis hyvin, hyvin huono.<\/p>\n<p class=\"aw-1gybjub aw-1p7kakr kEtdKx cEmitX yle__article__paragraph\">Fanit my\u00f6nt\u00e4v\u00e4t, ett\u00e4 kauneusvirheit\u00e4 on. Ensimm\u00e4inen Wicked oli ehe\u00e4mpi, Koivula sanoo. Toisessa osassa on my\u00f6s enemm\u00e4n t\u00e4ytebiisej\u00e4, jotka j\u00e4\u00e4v\u00e4t kauas Defying Gravityn tehosta.<\/p>\n<p class=\"aw-1gybjub aw-1p7kakr kEtdKx cEmitX yle__article__paragraph\">\u2013 Ne eiv\u00e4t ole yht\u00e4 voimakkaita, ennen kuin p\u00e4\u00e4st\u00e4\u00e4n leffan loppupuolelle, miss\u00e4 tulevat ne showstopperit. Ja ne todella toimittivat, Koivula sanoo.<\/p>\n<p><img decoding=\"async\" alt=\"Henkil\u00f6 pukeutuneena kirkkaan vihre\u00e4\u00e4n pukuun ja mustaan Wicked t-paitaan.\" src=\"https:\/\/www.europesays.com\/fi\/wp-content\/uploads\/2025\/11\/39-1557129691f17fea798c.jpeg\" loading=\"lazy\" class=\"aw-1l9m598 hKVVvP\"\/><\/p>\n<p>Avaa kuvien katselu<\/p>\n<p>Koivula huomauttaa, ett\u00e4 Wickediin on roolitettu ruskeita ihmisi\u00e4, sateenkaari-ihmisi\u00e4 ja vammaisia. Erilaisuus on iso teema, mist\u00e4\u00e4n yksitt\u00e4isest\u00e4 ihmisryhm\u00e4st\u00e4 ei tehd\u00e4 numeroa.  Kuva: Antti Haanp\u00e4\u00e4 \/ YleT\u00e4rke\u00e4 teos sateenkaariyhteisoille<\/p>\n<p class=\"aw-1gybjub aw-1p7kakr kEtdKx cEmitX yle__article__paragraph\">Wickedist\u00e4 on tullut vuosien saatossa t\u00e4rke\u00e4 erityisesti sateenkaariyhteis\u00f6ille. Musikaalissa on kyse erilaisuuden hyv\u00e4ksymisest\u00e4. Lis\u00e4ksi noitien v\u00e4lill\u00e4 on monitulkintainen j\u00e4nnite.<\/p>\n<p class=\"aw-1gybjub aw-1p7kakr kEtdKx cEmitX yle__article__paragraph\">\u2013 Usein musikaaleissa on mies-naispari, ja musikaalin aikana he l\u00f6yt\u00e4v\u00e4t toisensa. Wickediss\u00e4 Elphaban ja Glindan tarina on kirjoitettu samaa kaavaa noudattaen, Kiviaho selitt\u00e4\u00e4.<\/p>\n<p class=\"aw-1gybjub aw-1p7kakr kEtdKx cEmitX yle__article__paragraph\">\u2013 He ovat se pari, Koivula komppaa.<\/p>\n<p class=\"aw-1gybjub aw-1p7kakr kEtdKx cEmitX yle__article__paragraph\">Kiviaho tutustui Wickediin Helsingin kaupunginteatterissa vuonna 2010. Esitys \u201djys\u00e4hti t\u00e4ysill\u00e4\u201d, musiikki tuntui \u201dluissa ja ytimiss\u00e4\u201d.<\/p>\n<p class=\"aw-1gybjub aw-1p7kakr kEtdKx cEmitX yle__article__paragraph\">Kiviaho p\u00e4\u00e4tyi katsomaan n\u00e4ytelm\u00e4n per\u00e4ti 16 kertaa. H\u00e4n perusti Wickedille suomalaisen fanikerhon, joka j\u00e4rjesti muun muassa vierailuja musikaalin lavasteisiin.<\/p>\n<p><img decoding=\"async\" alt=\"Henkil\u00f6\u00e4 seisoo elokuvasalin ulkopuolella.\" src=\"https:\/\/www.europesays.com\/fi\/wp-content\/uploads\/2025\/11\/39-1557127691f17fb3672b.jpeg\" loading=\"lazy\" class=\"aw-1l9m598 hKVVvP\"\/><\/p>\n<p>Avaa kuvien katselu<\/p>\n<p>Riikka Kiviaho samastui aikanaan Elphabaan, mutta Ariana Granden tulkinnan my\u00f6t\u00e4 h\u00e4n sanoo rakastuneensa Glindaan.  Kuva: Antti Haanp\u00e4\u00e4 \/ Yle<\/p>\n<p class=\"aw-1gybjub aw-1p7kakr kEtdKx cEmitX yle__article__paragraph\">Suomalaistekij\u00f6iden n\u00e4kemys oli alkuper\u00e4ist\u00e4 Broadway-versiota sateenkaarevampi, Kiviaho arvioi. Se tuntui helpottavalta, koska seksuaali- ja sukupuoliv\u00e4hemmist\u00f6jen representaatioita oli tuolloin kulttuurissa ja mediassa niukemmin.<\/p>\n<p class=\"aw-1gybjub aw-1p7kakr kEtdKx cEmitX yle__article__paragraph\">\u2013 Ihan viimeisess\u00e4 n\u00e4yt\u00f6ksess\u00e4 For Good -biisin p\u00e4\u00e4tteeksi Elphaba ja Glinda suutelivat. Se oli n\u00e4yttelij\u00f6iden kunnianosoitus faneille, Kiviaho muistelee.<\/p>\n<p class=\"aw-1gybjub aw-1p7kakr kEtdKx cEmitX yle__article__paragraph\">Koivulalle Wicked edustaa turvaa ja lohtua. h\u00e4n on n\u00e4hnyt ensimm\u00e4isen elokuvan valkokankaalta yli 20 kertaa ja kotona ehk\u00e4 40 kertaa.<\/p>\n<p class=\"aw-1gybjub aw-1p7kakr kEtdKx cEmitX yle__article__paragraph\">\u2013 Se saa minut unohtamaan kaiken stressin. Taiteella pit\u00e4\u00e4kin olla se tarkoitus. Se her\u00e4tt\u00e4\u00e4 tunteita ja auttaa jaksamaan tiettyjen el\u00e4m\u00e4n osa-alueiden ja murheiden yli.<\/p>\n<p class=\"aw-1gybjub aw-1p7kakr kEtdKx cEmitX yle__article__paragraph\"><strong class=\"aw-ak79eh KyCXm yle__article__strong\">Molemmilla on jo liput seuraavaan n\u00e4yt\u00f6kseen. Tai siis seuraaviin:<\/strong><\/p>\n","protected":false},"excerpt":{"rendered":"Suositun musikaalin jatko-osa Wicked: For Good sai ensi-iltansa perjantaina. Erilaisuutta juhlistava elokuva tarjoaa monille sateenkaari-ihmisille turvaa. Joonas Koivulan&hellip;\n","protected":false},"author":2,"featured_media":100428,"comment_status":"","ping_status":"","sticky":false,"template":"","format":"standard","meta":{"footnotes":""},"categories":[131],"tags":[155,137,33,173,31,30,19314,108,172,8387,32,109,19313,445],"class_list":{"0":"post-100427","1":"post","2":"type-post","3":"status-publish","4":"format-standard","5":"has-post-thumbnail","7":"category-elokuvat","8":"tag-elokuvat","9":"tag-entertainment","10":"tag-fi","11":"tag-film","12":"tag-finland","13":"tag-finnish","14":"tag-ihmemaa-oz-1939-elokuva","15":"tag-kulttuuri","16":"tag-movies","17":"tag-musikaalit","18":"tag-suomi","19":"tag-viihde","20":"tag-wicked-musikaali","21":"tag-yle-uutiset-somenostot"},"share_on_mastodon":{"url":"https:\/\/pubeurope.com\/@fi\/115615460750956593","error":""},"_links":{"self":[{"href":"https:\/\/www.europesays.com\/fi\/wp-json\/wp\/v2\/posts\/100427","targetHints":{"allow":["GET"]}}],"collection":[{"href":"https:\/\/www.europesays.com\/fi\/wp-json\/wp\/v2\/posts"}],"about":[{"href":"https:\/\/www.europesays.com\/fi\/wp-json\/wp\/v2\/types\/post"}],"author":[{"embeddable":true,"href":"https:\/\/www.europesays.com\/fi\/wp-json\/wp\/v2\/users\/2"}],"replies":[{"embeddable":true,"href":"https:\/\/www.europesays.com\/fi\/wp-json\/wp\/v2\/comments?post=100427"}],"version-history":[{"count":0,"href":"https:\/\/www.europesays.com\/fi\/wp-json\/wp\/v2\/posts\/100427\/revisions"}],"wp:featuredmedia":[{"embeddable":true,"href":"https:\/\/www.europesays.com\/fi\/wp-json\/wp\/v2\/media\/100428"}],"wp:attachment":[{"href":"https:\/\/www.europesays.com\/fi\/wp-json\/wp\/v2\/media?parent=100427"}],"wp:term":[{"taxonomy":"category","embeddable":true,"href":"https:\/\/www.europesays.com\/fi\/wp-json\/wp\/v2\/categories?post=100427"},{"taxonomy":"post_tag","embeddable":true,"href":"https:\/\/www.europesays.com\/fi\/wp-json\/wp\/v2\/tags?post=100427"}],"curies":[{"name":"wp","href":"https:\/\/api.w.org\/{rel}","templated":true}]}}