{"id":100488,"date":"2025-11-26T11:30:08","date_gmt":"2025-11-26T11:30:08","guid":{"rendered":"https:\/\/www.europesays.com\/fi\/100488\/"},"modified":"2025-11-26T11:30:08","modified_gmt":"2025-11-26T11:30:08","slug":"hiihto-kevin-bolger-jai-ulos-maajoukkueesta-maja-dahlqvist-ei-ymmarra","status":"publish","type":"post","link":"https:\/\/www.europesays.com\/fi\/100488\/","title":{"rendered":"Hiihto: Kevin Bolger j\u00e4i ulos maajoukkueesta \u2013 Maja Dahlqvist ei ymm\u00e4rr\u00e4"},"content":{"rendered":"<p>Hiihto|Kevin Bolger on kilpaillut maailmancupissa yli 130 kertaa. Maja Dahlqvist ihmettelee kumppaninsa kohtelua.<\/p>\n<p class=\"article-body mb-nof-24 px-nof-16\">Yhdysvaltain hiihtomaajoukkueessa kuohuu ennen Rukan maailmancupin avausta. Maajoukkuehiiht\u00e4j\u00e4 <a class=\"article-personlink\" href=\"https:\/\/www.hs.fi\/haku\/?query=Kevin%20Bolger\" rel=\"nofollow noopener\" target=\"_blank\">Kevin Bolger<\/a> on j\u00e4tetty puille paljaille.<\/p>\n<p class=\"article-body mb-nof-24 px-nof-16\">Yli 130 kertaa maailmancupissa kilpaillut Bolger, 32, on valittu kaikkiin maailmancupin kisoihin ennen joulua, mutta j\u00e4tettiin silti tylysti maajoukkueen ulkopuolelle, kertoo <a class=\"article-genericlink\" href=\"https:\/\/www.expressen.se\/sport\/langdskidor\/kevin-bolger-tvingas-betala-allt-sjalv-sinnessjukt\/\" rel=\"nofollow noopener\" target=\"_blank\">Expressen<\/a>.<\/p>\n<p class=\"article-body mb-nof-24 px-nof-16\">Asiasta kerrottiin hiiht\u00e4j\u00e4lle viestill\u00e4. T\u00e4m\u00e4 tarkoittaa sit\u00e4, ett\u00e4 Bolger joutuu maksamaan omistaan matkat, ruoat ja huoltohenkil\u00f6n kulut. Bolger arvioi Expressenille, ett\u00e4 kulut voivat olla noin 9\u202f000 euroa jouluun menness\u00e4.<\/p>\n<p class=\"article-body mb-nof-24 px-nof-16\">Tilanne sylett\u00e4\u00e4.<\/p>\n<p class=\"article-body mb-nof-24 px-nof-16\">\u201dOn vaikea tuntea olevansa oikeasti osa joukkuetta, kun tilanne on t\u00e4m\u00e4. Maksan t\u00e4st\u00e4, kun muille maksetaan kaikki\u201d, Bolger puhisi Expressenille.<\/p>\n<p class=\"article-body mb-nof-24 px-nof-16\">Bolgerin kumppani on Ruotsin hiihtot\u00e4hti <a class=\"article-personlink\" href=\"https:\/\/www.hs.fi\/haku\/?query=Maja%20Dahlqvist\" rel=\"nofollow noopener\" target=\"_blank\">Maja Dahlqvist<\/a>. Suunniltaan oleva sprintteri t\u00e4r\u00e4ytti Expressenille Bolgerin kohtelun olevan sek\u00e4 hullua ett\u00e4 k\u00e4sitt\u00e4m\u00e4t\u00f6nt\u00e4.<\/p>\n<p class=\"article-body mb-nof-24 px-nof-16\">\u201dKevin oli viime kaudella joissakin kisoissa paras yhdysvaltalainen, eik\u00e4 silti p\u00e4\u00e4se maajoukkueeseen. Se on todella outoa\u201d, Dahlqvist sanoi.<\/p>\n<p class=\"article-body mb-nof-24 px-nof-16\">Bolger on kilpaillut maailmancupissa vuodesta 2018 ja nelj\u00e4sti MM-kisoissa. H\u00e4nen paras mc-sijoituksensa on sprintticupin 16. sija 2021. Olympialaisissa h\u00e4n kilpaili 2022.<\/p>\n","protected":false},"excerpt":{"rendered":"Hiihto|Kevin Bolger on kilpaillut maailmancupissa yli 130 kertaa. Maja Dahlqvist ihmettelee kumppaninsa kohtelua. Yhdysvaltain hiihtomaajoukkueessa kuohuu ennen Rukan&hellip;\n","protected":false},"author":2,"featured_media":100489,"comment_status":"","ping_status":"","sticky":false,"template":"","format":"standard","meta":{"footnotes":""},"categories":[158],"tags":[33,31,30,46,159,32,160],"class_list":{"0":"post-100488","1":"post","2":"type-post","3":"status-publish","4":"format-standard","5":"has-post-thumbnail","7":"category-urheilu","8":"tag-fi","9":"tag-finland","10":"tag-finnish","11":"tag-helsingin-sanomat","12":"tag-sports","13":"tag-suomi","14":"tag-urheilu"},"share_on_mastodon":{"url":"https:\/\/pubeurope.com\/@fi\/115615775167591725","error":""},"_links":{"self":[{"href":"https:\/\/www.europesays.com\/fi\/wp-json\/wp\/v2\/posts\/100488","targetHints":{"allow":["GET"]}}],"collection":[{"href":"https:\/\/www.europesays.com\/fi\/wp-json\/wp\/v2\/posts"}],"about":[{"href":"https:\/\/www.europesays.com\/fi\/wp-json\/wp\/v2\/types\/post"}],"author":[{"embeddable":true,"href":"https:\/\/www.europesays.com\/fi\/wp-json\/wp\/v2\/users\/2"}],"replies":[{"embeddable":true,"href":"https:\/\/www.europesays.com\/fi\/wp-json\/wp\/v2\/comments?post=100488"}],"version-history":[{"count":0,"href":"https:\/\/www.europesays.com\/fi\/wp-json\/wp\/v2\/posts\/100488\/revisions"}],"wp:featuredmedia":[{"embeddable":true,"href":"https:\/\/www.europesays.com\/fi\/wp-json\/wp\/v2\/media\/100489"}],"wp:attachment":[{"href":"https:\/\/www.europesays.com\/fi\/wp-json\/wp\/v2\/media?parent=100488"}],"wp:term":[{"taxonomy":"category","embeddable":true,"href":"https:\/\/www.europesays.com\/fi\/wp-json\/wp\/v2\/categories?post=100488"},{"taxonomy":"post_tag","embeddable":true,"href":"https:\/\/www.europesays.com\/fi\/wp-json\/wp\/v2\/tags?post=100488"}],"curies":[{"name":"wp","href":"https:\/\/api.w.org\/{rel}","templated":true}]}}