{"id":100496,"date":"2025-11-26T11:37:08","date_gmt":"2025-11-26T11:37:08","guid":{"rendered":"https:\/\/www.europesays.com\/fi\/100496\/"},"modified":"2025-11-26T11:37:08","modified_gmt":"2025-11-26T11:37:08","slug":"kuljettaja-loukkaantui-ulosajossa-hameenkyrossa","status":"publish","type":"post","link":"https:\/\/www.europesays.com\/fi\/100496\/","title":{"rendered":"Kuljettaja loukkaantui ulosajossa H\u00e4meenkyr\u00f6ss\u00e4"},"content":{"rendered":"<p>H\u00e4meenkyr\u00f6ss\u00e4 sattui keskiviikkona aamup\u00e4iv\u00e4ll\u00e4 liikenneonnettomuus.<\/p>\n<p class=\"article-body mb-nof-24 px-nof-16\">Aamulehti<\/p>\n<p class=\"article-body mb-nof-24 px-nof-16\">H\u00e4meenkyr\u00f6n Takamaantiell\u00e4 autoilija loukkaantui ulosajossa keskiviikkona kello 11. maissa.<\/p>\n<p class=\"article-body mb-nof-24 px-nof-16\">Pelastuslaitos sai kuljettajan ulos autosta, ja h\u00e4n jatkoi sairaalaan ambulanssilla. Vammojen vakavuudesta ei ole tietoa.<\/p>\n<p class=\"article-body mb-nof-24 px-nof-16\">Pelastuslaitoksen mukaan tie oli liukas onnettomuushetkell\u00e4.<\/p>\n","protected":false},"excerpt":{"rendered":"H\u00e4meenkyr\u00f6ss\u00e4 sattui keskiviikkona aamup\u00e4iv\u00e4ll\u00e4 liikenneonnettomuus. Aamulehti H\u00e4meenkyr\u00f6n Takamaantiell\u00e4 autoilija loukkaantui ulosajossa keskiviikkona kello 11. maissa. Pelastuslaitos sai kuljettajan&hellip;\n","protected":false},"author":2,"featured_media":1431,"comment_status":"","ping_status":"","sticky":false,"template":"","format":"standard","meta":{"footnotes":""},"categories":[5],"tags":[157,22,23,26,27,33,31,30,17,24,25,28,29,15,18,21,32,19,20,16],"class_list":{"0":"post-100496","1":"post","2":"type-post","3":"status-publish","4":"format-standard","5":"has-post-thumbnail","7":"category-otsikot","8":"tag-aamulehti","9":"tag-breaking-news","10":"tag-breakingnews","11":"tag-featured-news","12":"tag-featurednews","13":"tag-fi","14":"tag-finland","15":"tag-finnish","16":"tag-headlines","17":"tag-latest-news","18":"tag-latestnews","19":"tag-main-news","20":"tag-mainnews","21":"tag-news","22":"tag-otsikot","23":"tag-paauutiset","24":"tag-suomi","25":"tag-top-stories","26":"tag-topstories","27":"tag-uutiset"},"share_on_mastodon":{"url":"https:\/\/pubeurope.com\/@fi\/115615802532709451","error":""},"_links":{"self":[{"href":"https:\/\/www.europesays.com\/fi\/wp-json\/wp\/v2\/posts\/100496","targetHints":{"allow":["GET"]}}],"collection":[{"href":"https:\/\/www.europesays.com\/fi\/wp-json\/wp\/v2\/posts"}],"about":[{"href":"https:\/\/www.europesays.com\/fi\/wp-json\/wp\/v2\/types\/post"}],"author":[{"embeddable":true,"href":"https:\/\/www.europesays.com\/fi\/wp-json\/wp\/v2\/users\/2"}],"replies":[{"embeddable":true,"href":"https:\/\/www.europesays.com\/fi\/wp-json\/wp\/v2\/comments?post=100496"}],"version-history":[{"count":0,"href":"https:\/\/www.europesays.com\/fi\/wp-json\/wp\/v2\/posts\/100496\/revisions"}],"wp:featuredmedia":[{"embeddable":true,"href":"https:\/\/www.europesays.com\/fi\/wp-json\/wp\/v2\/media\/1431"}],"wp:attachment":[{"href":"https:\/\/www.europesays.com\/fi\/wp-json\/wp\/v2\/media?parent=100496"}],"wp:term":[{"taxonomy":"category","embeddable":true,"href":"https:\/\/www.europesays.com\/fi\/wp-json\/wp\/v2\/categories?post=100496"},{"taxonomy":"post_tag","embeddable":true,"href":"https:\/\/www.europesays.com\/fi\/wp-json\/wp\/v2\/tags?post=100496"}],"curies":[{"name":"wp","href":"https:\/\/api.w.org\/{rel}","templated":true}]}}