{"id":100497,"date":"2025-11-26T11:49:10","date_gmt":"2025-11-26T11:49:10","guid":{"rendered":"https:\/\/www.europesays.com\/fi\/100497\/"},"modified":"2025-11-26T11:49:10","modified_gmt":"2025-11-26T11:49:10","slug":"lauri-tahkan-tyttaren-biisista-tuli-jattihitti-osa-paheksuu","status":"publish","type":"post","link":"https:\/\/www.europesays.com\/fi\/100497\/","title":{"rendered":"Lauri T\u00e4hk\u00e4n tytt\u00e4ren biisist\u00e4 tuli j\u00e4ttihitti \u2013 Osa paheksuu"},"content":{"rendered":"<p>Lauri T\u00e4hk\u00e4n tyt\u00e4r Minttu julkaisi hiljattain kappaleen, joka puhuttaa sosiaalisessa mediassa.<\/p>\n<p><img decoding=\"async\" class=\"image image-show image-preview\" src=\"https:\/\/www.europesays.com\/fi\/wp-content\/uploads\/2025\/11\/4d83451c2856e81b3195a615c07f538acb0e779355174c16891e268e458054d9.jpg\" alt=\"\"\/><img decoding=\"async\" class=\"image image-show\" src=\"https:\/\/www.europesays.com\/fi\/wp-content\/uploads\/2025\/11\/1764157750_345_4d83451c2856e81b3195a615c07f538acb0e779355174c16891e268e458054d9.jpg\" alt=\"\"\/><\/p>\n<p>Taiteilijanime\u00e4 Minttu k\u00e4ytt\u00e4v\u00e4 Minttu Suo on Lauri T\u00e4hk\u00e4n tyt\u00e4r. Antti Henrik, Universal Music<\/p>\n<p class=\"paragraph\">Lopettaneen muusikon <strong>Lauri T\u00e4hk\u00e4n<\/strong>, 52, tyt\u00e4r <strong>Minttu Suo<\/strong>, 25, julkaisi hiljattain nelj\u00e4nnen kappaleensa Tytt\u00f6yst\u00e4v\u00e4.<\/p>\n<p class=\"paragraph\"><strong>Minttu<\/strong>-taiteilijanimell\u00e4 operoivan artistin kappale kertoo varatun miehen ja sinkkunaisen v\u00e4lisest\u00e4 kemiasta. Kyseinen mies ei ole kuitenkaan kertonut, ett\u00e4 h\u00e4nell\u00e4 on tytt\u00f6yst\u00e4v\u00e4 odottamassa kotona. Kertos\u00e4keen lopussa miest\u00e4 vaaditaan valitsemaan naisen ja tytt\u00f6yst\u00e4v\u00e4n v\u00e4lilt\u00e4.<\/p>\n<p class=\"paragraph\">Mik\u00e4li linkki ei n\u00e4y, voit kuunnella p\u00e4tk\u00e4n kappaleesta <a href=\"https:\/\/www.youtube.com\/watch?v=LkNUnrwXyBw\" target=\"_blank\" rel=\"noopener nofollow\">t\u00e4\u00e4lt\u00e4<\/a>.<\/p>\n<p class=\"paragraph\">Kappale on her\u00e4tt\u00e4nyt paljon keskustelua erityisesti Tiktokissa. Jotkut Tiktok-k\u00e4ytt\u00e4jist\u00e4 huulisynkkaavat Tytt\u00f6yst\u00e4v\u00e4-kappaletta ja jakavat samalla mielipiteens\u00e4 siit\u00e4, ett\u00e4 vastuu on my\u00f6s kolmannella osapuolella, eik\u00e4 pelk\u00e4st\u00e4\u00e4n varatulla henkil\u00f6ll\u00e4.<\/p>\n<p class=\"paragraph\">\u2013 Henkil\u00f6kohtaisesti vihaan naisia, jotka tulee toisten parisuhteen v\u00e4liin. Viel\u00e4 enemm\u00e4n vihaan miehi\u00e4, jotka antaa sen tapahtua, <a href=\"https:\/\/www.tiktok.com\/@janinaerika\/video\/7571838379592060183\" target=\"_blank\" rel=\"noopener nofollow\">er\u00e4s kirjoittaa<\/a>.<\/p>\n<p class=\"paragraph\">\u2013 Pett\u00e4minen on tietysti varatun vika, mutta jos sinkkuna havittelet tahallaan varattua, niin ei sinullakaan ole kaikki hyvin, <a href=\"https:\/\/www.tiktok.com\/@lolsinii\/video\/7567418803185814806\" target=\"_blank\" rel=\"noopener nofollow\">yksi sanoo<\/a>.<\/p>\n<p class=\"paragraph\">\u2013 Olen sit\u00e4 mielt\u00e4, ett\u00e4 jos olet sinkku ja l\u00e4hdet sekoilemaan jotain tiedostetusti varatun henkil\u00f6n kanssa, olet yht\u00e4 tyhm\u00e4 kuin h\u00e4n, <a href=\"https:\/\/www.tiktok.com\/@alexinaelisa\/video\/7567006605695356182\" target=\"_blank\" rel=\"noopener nofollow\">toinen toteaa<\/a>.<\/p>\n<p class=\"paragraph\">\u2013 Sori, mut jos jotenkin samaistut t\u00e4h\u00e4n biisiin, niin korjaa moraalisi, <a href=\"https:\/\/www.tiktok.com\/@elviiraa123\/video\/7568894659116715286\" target=\"_blank\" rel=\"noopener nofollow\">kolmas neuvoo<\/a>.<\/p>\n<p class=\"paragraph\">\u2013 Kelatkaa, ett\u00e4 on oikeasti olemassa naisia, jotka ajattelevat toisten miehist\u00e4 n\u00e4in, <a href=\"https:\/\/www.tiktok.com\/@emmaolivia1\/video\/7570302831954169090\" target=\"_blank\" rel=\"noopener nofollow\">nelj\u00e4s kummastelee<\/a>.<\/p>\n<p>Minttu, Minttu Suo, lehdist\u00f6kuvat, Universal Music Antti Henrik, Universal Music<\/p>\n<p class=\"paragraph\">Osa my\u00f6s puolustaa kappaleessa esiintyv\u00e4\u00e4 sinkkunaista ja antaa vinkkej\u00e4 t\u00e4lle.<\/p>\n<p class=\"paragraph\">\u2013 En tied\u00e4, olenko liian miesvihaaja vai mik\u00e4, mutta mielest\u00e4ni t\u00e4ss\u00e4 biisiss\u00e4 ei ole naisessa mit\u00e4\u00e4n vikaa. \u00c4ij\u00e4h\u00e4n t\u00e4ss\u00e4 on moraalin rajoilla, <a href=\"https:\/\/www.tiktok.com\/@wildiidhyton\/photo\/7566432238682803478\" rel=\"noopener nofollow\" target=\"_blank\">yksi sanoo<\/a>.<\/p>\n<p class=\"paragraph\">\u2013 Tiedosta oma arvosi, \u00e4l\u00e4 j\u00e4\u00e4 odottamaan, ett\u00e4 joku j\u00e4tk\u00e4 valitsee sinut jostain toisesta vaihtoehdosta. \u00c4l\u00e4 ole koskaan kakkosvaihtoehto, <a href=\"https:\/\/www.tiktok.com\/@annidanielaah\/video\/7565466104299130134\" rel=\"noopener nofollow\" target=\"_blank\">er\u00e4s neuvoo<\/a>.<\/p>\n<p class=\"paragraph\">Mintun Tytt\u00f6yst\u00e4v\u00e4-kappaletta on kuunneltu Spotifyssa yli 1,8 miljoonaa kertaa keskiviikkoon 26. marraskuuta menness\u00e4.<\/p>\n<p class=\"paragraph\">Minttu kirjoitti <a href=\"https:\/\/www.iltalehti.fi\/musiikki\/b26c1513-595a-492b-b47a-0c2963e4dce9\" rel=\"nofollow noopener\" target=\"_blank\">levytyssopimuksen<\/a> Universal Musicin kanssa kev\u00e4\u00e4ll\u00e4. Minttu n\u00e4htiin marraskuussa 2023 lavalla is\u00e4ns\u00e4 Lauri T\u00e4hk\u00e4n 50-vuotissyntym\u00e4p\u00e4iv\u00e4konsertissa. Is\u00e4 ja tyt\u00e4r esiintyiv\u00e4t yhdess\u00e4 ja Minttu lauloi soolop\u00e4tk\u00e4n. Keikkayleis\u00f6 oli tuolloin haltioissaan nuoren laulajan tulkinnasta.<\/p>\n<p class=\"paragraph\">Lauri T\u00e4hk\u00e4n j\u00e4\u00e4hyv\u00e4iskeikka j\u00e4rjestettiin Bolt Areenalla Helsingiss\u00e4 lauantaina 7. syyskuuta 2024.<\/p>\n<p class=\"paragraph\">Lauri T\u00e4hk\u00e4n\u00e4 tunnettu <strong>Jarkko Suo<\/strong> <a href=\"https:\/\/www.iltalehti.fi\/viihdeuutiset\/48606d43-f39e-40db-b8fe-7c2c5c4a15ea\" rel=\"nofollow noopener\" target=\"_blank\">tuomittiin<\/a> 70 p\u00e4iv\u00e4n ehdolliseen vankeuteen joulukuussa 2024 pakottamisesta seksuaaliseen tekoon. Koeaika p\u00e4\u00e4ttyy 12. joulukuuta 2026. Lis\u00e4ksi T\u00e4hk\u00e4 m\u00e4\u00e4r\u00e4ttiin korvaamaan uhrilleen 4\u00a0200 euroa k\u00e4rsimyksest\u00e4 ja tilap\u00e4isest\u00e4 haitasta. Lis\u00e4ksi T\u00e4hk\u00e4n tulee korvata uhrinsa oikeudenk\u00e4yntikuluja noin 13\u00a0000 euron edest\u00e4.<\/p>\n<p>Lauri T\u00e4hk\u00e4n tunnetuimpia kappaleita ovat muun muassa Morsian, Polte ja Palavaa vett\u00e4. Inka Soveri<\/p>\n<p><script async src=\"\/\/www.tiktok.com\/embed.js\"><\/script><\/p>\n","protected":false},"excerpt":{"rendered":"Lauri T\u00e4hk\u00e4n tyt\u00e4r Minttu julkaisi hiljattain kappaleen, joka puhuttaa sosiaalisessa mediassa. Taiteilijanime\u00e4 Minttu k\u00e4ytt\u00e4v\u00e4 Minttu Suo on Lauri&hellip;\n","protected":false},"author":2,"featured_media":100498,"comment_status":"","ping_status":"","sticky":false,"template":"","format":"standard","meta":{"footnotes":""},"categories":[136],"tags":[35,138,407,137,33,31,30,408,99,47,141,98,32,109],"class_list":{"0":"post-100497","1":"post","2":"type-post","3":"status-publish","4":"format-standard","5":"has-post-thumbnail","7":"category-julkkikset","8":"tag-24h","9":"tag-audio","10":"tag-celebrities","11":"tag-entertainment","12":"tag-fi","13":"tag-finland","14":"tag-finnish","15":"tag-julkkikset","16":"tag-lapset","17":"tag-musiikki","18":"tag-muusikot-bandit","19":"tag-perhe","20":"tag-suomi","21":"tag-viihde"},"share_on_mastodon":{"url":"https:\/\/pubeurope.com\/@fi\/115615849877080393","error":""},"_links":{"self":[{"href":"https:\/\/www.europesays.com\/fi\/wp-json\/wp\/v2\/posts\/100497","targetHints":{"allow":["GET"]}}],"collection":[{"href":"https:\/\/www.europesays.com\/fi\/wp-json\/wp\/v2\/posts"}],"about":[{"href":"https:\/\/www.europesays.com\/fi\/wp-json\/wp\/v2\/types\/post"}],"author":[{"embeddable":true,"href":"https:\/\/www.europesays.com\/fi\/wp-json\/wp\/v2\/users\/2"}],"replies":[{"embeddable":true,"href":"https:\/\/www.europesays.com\/fi\/wp-json\/wp\/v2\/comments?post=100497"}],"version-history":[{"count":0,"href":"https:\/\/www.europesays.com\/fi\/wp-json\/wp\/v2\/posts\/100497\/revisions"}],"wp:featuredmedia":[{"embeddable":true,"href":"https:\/\/www.europesays.com\/fi\/wp-json\/wp\/v2\/media\/100498"}],"wp:attachment":[{"href":"https:\/\/www.europesays.com\/fi\/wp-json\/wp\/v2\/media?parent=100497"}],"wp:term":[{"taxonomy":"category","embeddable":true,"href":"https:\/\/www.europesays.com\/fi\/wp-json\/wp\/v2\/categories?post=100497"},{"taxonomy":"post_tag","embeddable":true,"href":"https:\/\/www.europesays.com\/fi\/wp-json\/wp\/v2\/tags?post=100497"}],"curies":[{"name":"wp","href":"https:\/\/api.w.org\/{rel}","templated":true}]}}